{"id":4210,"date":"2025-10-02T07:00:11","date_gmt":"2025-10-02T11:00:11","guid":{"rendered":"https:\/\/radiopoloniawinnipeg.com\/index.php\/2025\/10\/02\/izrael-przechwytuje-flotylle-z-pomoca-dla-gazy-polski-posel-na-pokladzie-jednego-ze-statkow\/"},"modified":"2025-10-02T07:00:11","modified_gmt":"2025-10-02T11:00:11","slug":"izrael-przechwytuje-flotylle-z-pomoca-dla-gazy-polski-posel-na-pokladzie-jednego-ze-statkow","status":"publish","type":"post","link":"https:\/\/radiopoloniawinnipeg.com\/index.php\/2025\/10\/02\/izrael-przechwytuje-flotylle-z-pomoca-dla-gazy-polski-posel-na-pokladzie-jednego-ze-statkow\/","title":{"rendered":"Izrael przechwytuje flotyll\u0119 z pomoc\u0105 dla Gazy. Polski pose\u0142 na pok\u0142adzie jednego ze statk\u00f3w"},"content":{"rendered":"<div id=\"attachment_224765\" style=\"width: 646px\" class=\"wp-caption aligncenter\"><img decoding=\"async\" loading=\"lazy\" aria-describedby=\"caption-attachment-224765\" class=\"size-custom-full-size wp-image-224765\" src=\"https:\/\/bejsment.com\/wp-content\/uploads\/2025\/10\/aazakaz-e1759400473261-636x357.jpg\" alt=\"\" width=\"636\" height=\"357\" \/><\/p>\n<p id=\"caption-attachment-224765\" class=\"wp-caption-text\">Pose\u0142 Koalicji Obywatelskiej Franciszek Sterczewski<\/p>\n<\/div>\n<p><img decoding=\"async\" loading=\"lazy\" class=\"aligncenter size-custom-full-size wp-image-224769\" src=\"https:\/\/bejsment.com\/wp-content\/uploads\/2025\/10\/aastarczewski-636x477.jpg\" alt=\"\" width=\"636\" height=\"477\" \/><\/p>\n<p><strong>W \u015brod\u0119 wieczorem izraelska marynarka rozpocz\u0119\u0142a operacj\u0119 przechwycenia flotylli Global Sumud, zmierzaj\u0105cej z pomoc\u0105 humanitarn\u0105 do Strefy Gazy. Organizatorzy poinformowali, \u017ce na cz\u0119\u015bci jednostek og\u0142oszono stan wyj\u0105tkowy, a izraelscy \u017co\u0142nierze weszli ju\u017c na pok\u0142ady kilku \u0142odzi.<\/strong><\/p>\n<h3><strong>20 okr\u0119t\u00f3w wojennych wok\u00f3\u0142 flotylli<\/strong><\/h3>\n<p>Wed\u0142ug relacji pasa\u017cer\u00f3w oraz doniesie\u0144 medialnych, do incydentu dosz\u0142o oko\u0142o 140 kilometr\u00f3w od wybrze\u017ca Gazy. Flotyll\u0119 otoczy\u0142o blisko 20 izraelskich okr\u0119t\u00f3w wojennych. Oko\u0142o godziny 20 utracono kontakt z cz\u0119\u015bci\u0105 statk\u00f3w; z kilkoma uda\u0142o si\u0119 go p\u00f3\u017aniej przywr\u00f3ci\u0107.<\/p>\n<p>Na jednej z jednostek znajduje si\u0119 pose\u0142 Koalicji Obywatelskiej Franciszek Sterczewski, a tak\u017ce inni polscy aktywi\u015bci: Omar Faris, Nina Ptak i Ewa Jasiewicz. \u2013 Wygl\u0105da na to, \u017ce zostaniemy porwani i przetransportowani do Izraela. Has\u0142o \u201eWolna Palestyna\u201d wci\u0105\u017c jest aktualne \u2013 relacjonowa\u0142a jedna z uczestniczek wyprawy.<\/p>\n<h3><strong>Sp\u00f3r o charakter misji<\/strong><\/h3>\n<p>W\u0142adze Izraela twierdz\u0105, \u017ce flotylla narusza blokad\u0119 morsk\u0105 Strefy Gazy i zosta\u0142a wezwana do zmiany kursu. Ministerstwo Spraw Zagranicznych Izraela przekonuje, \u017ce oferowa\u0142o aktywistom mo\u017cliwo\u015b\u0107 przekazania pomocy humanitarnej \u201ebezpiecznymi kana\u0142ami\u201d.<\/p>\n<p>Organizatorzy misji podkre\u015blaj\u0105 jednak, \u017ce ich celem jest bezpo\u015brednie dostarczenie pomocy mieszka\u0144com Gazy, a nie przekazywanie jej poprzez izraelskie instytucje.<\/p>\n<h3><strong>Zapewnienie o braku przemocy<\/strong><\/h3>\n<p>Szef w\u0142oskiego MSZ Antonio Tajani poinformowa\u0142, \u017ce otrzyma\u0142 od w\u0142adz Izraela zapewnienie, i\u017c operacja przechwycenia ma przebiega\u0107 bez u\u017cycia przemocy i powinna zako\u0144czy\u0107 si\u0119 w nocy.<\/p>\n<p>Flotylla Global Sumud, w kt\u00f3rej uczestnicz\u0105 przedstawiciele ponad 40 kraj\u00f3w, w \u015brod\u0119 wp\u0142yn\u0119\u0142a w tzw. stref\u0119 wysokiego ryzyka. Cho\u0107 jednostki wci\u0105\u017c znajdowa\u0142y si\u0119 na wodach mi\u0119dzynarodowych, izraelska marynarka ju\u017c wcze\u015bniej zatrzymywa\u0142a tam statki pr\u00f3buj\u0105ce prze\u0142ama\u0107 blokad\u0119 Gazy.<\/p>\n<p>Izrael zapowiada, \u017ce nie dopu\u015bci, by kt\u00f3rakolwiek jednostka flotylli wp\u0142yn\u0119\u0142a do Strefy Gazy, niezale\u017cnie od deklarowanego humanitarnego charakteru misji.<\/p>\n<p style=\"text-align: right\"><em>Na podst. AP i\u00a0 WP<\/em><\/p>\n","protected":false},"excerpt":{"rendered":"<p>Pose\u0142 Koalicji Obywatelskiej Franciszek Sterczewski W \u015brod\u0119 wieczorem izraelska marynarka rozpocz\u0119\u0142a operacj\u0119 przechwycenia flotylli Global Sumud, zmierzaj\u0105cej z pomoc\u0105 humanitarn\u0105 do Strefy Gazy. Organizatorzy poinformowali,&hellip;<\/p>\n","protected":false},"author":3,"featured_media":4211,"comment_status":"open","ping_status":"open","sticky":false,"template":"","format":"standard","meta":{"footnotes":""},"categories":[15,18],"tags":[],"class_list":["post-4210","post","type-post","status-publish","format-standard","has-post-thumbnail","hentry","category-swiat","category-top-news"],"_links":{"self":[{"href":"https:\/\/radiopoloniawinnipeg.com\/index.php\/wp-json\/wp\/v2\/posts\/4210","targetHints":{"allow":["GET"]}}],"collection":[{"href":"https:\/\/radiopoloniawinnipeg.com\/index.php\/wp-json\/wp\/v2\/posts"}],"about":[{"href":"https:\/\/radiopoloniawinnipeg.com\/index.php\/wp-json\/wp\/v2\/types\/post"}],"author":[{"embeddable":true,"href":"https:\/\/radiopoloniawinnipeg.com\/index.php\/wp-json\/wp\/v2\/users\/3"}],"replies":[{"embeddable":true,"href":"https:\/\/radiopoloniawinnipeg.com\/index.php\/wp-json\/wp\/v2\/comments?post=4210"}],"version-history":[{"count":0,"href":"https:\/\/radiopoloniawinnipeg.com\/index.php\/wp-json\/wp\/v2\/posts\/4210\/revisions"}],"wp:featuredmedia":[{"embeddable":true,"href":"https:\/\/radiopoloniawinnipeg.com\/index.php\/wp-json\/wp\/v2\/media\/4211"}],"wp:attachment":[{"href":"https:\/\/radiopoloniawinnipeg.com\/index.php\/wp-json\/wp\/v2\/media?parent=4210"}],"wp:term":[{"taxonomy":"category","embeddable":true,"href":"https:\/\/radiopoloniawinnipeg.com\/index.php\/wp-json\/wp\/v2\/categories?post=4210"},{"taxonomy":"post_tag","embeddable":true,"href":"https:\/\/radiopoloniawinnipeg.com\/index.php\/wp-json\/wp\/v2\/tags?post=4210"}],"curies":[{"name":"wp","href":"https:\/\/api.w.org\/{rel}","templated":true}]}}