{"id":4214,"date":"2025-10-02T10:30:07","date_gmt":"2025-10-02T14:30:07","guid":{"rendered":"https:\/\/radiopoloniawinnipeg.com\/index.php\/2025\/10\/02\/ryszard-petru-chce-przejac-partie-holowni\/"},"modified":"2025-10-02T10:30:07","modified_gmt":"2025-10-02T14:30:07","slug":"ryszard-petru-chce-przejac-partie-holowni","status":"publish","type":"post","link":"https:\/\/radiopoloniawinnipeg.com\/index.php\/2025\/10\/02\/ryszard-petru-chce-przejac-partie-holowni\/","title":{"rendered":"Ryszard Petru chce przej\u0105\u0107 parti\u0119 Ho\u0142owni"},"content":{"rendered":"<div id=\"attachment_224753\" style=\"width: 646px\" class=\"wp-caption aligncenter\"><img decoding=\"async\" loading=\"lazy\" aria-describedby=\"caption-attachment-224753\" class=\"size-custom-full-size wp-image-224753\" src=\"https:\/\/bejsment.com\/wp-content\/uploads\/2025\/10\/aapetrusuchon-636x424.jpg\" alt=\"\" width=\"636\" height=\"424\" \/><\/p>\n<p id=\"caption-attachment-224753\" class=\"wp-caption-text\">Ryszard Petru i Miros\u0142aw Sucho\u0144 (Polska 2050)<\/p>\n<\/div>\n<p><strong>Ryszard Petru oficjalnie potwierdzi\u0142, \u017ce zamierza ubiega\u0107 si\u0119 o stanowisko przewodnicz\u0105cego Polski 2050. Na konferencji prasowej podkre\u015bli\u0142, \u017ce w partii potrzebna jest \u201einna wizja\u201d ni\u017c ta, kt\u00f3r\u0105 proponuje obecna liderka ugrupowania, Katarzyna Pe\u0142czy\u0144ska-Na\u0142\u0119cz.<\/strong><\/p>\n<p>\u2013 B\u0119d\u0119 startowa\u0142 na przewodnicz\u0105cego Polski 2050 \u2013 og\u0142osi\u0142. \u2013 Mamy nied\u0142ugo wybory, to jest moment na pokazanie, \u017ce istnieje alternatywa dla dotychczasowej linii politycznej \u2013 doda\u0142.<\/p>\n<h3><strong>Program i postulaty Petru<\/strong><\/h3>\n<p>By\u0142y lider Nowoczesnej przedstawi\u0142 kilka kluczowych punkt\u00f3w swojego programu. \u2013 Zielona energia jest wa\u017cna, ale nie mo\u017cna wprowadza\u0107 jej w spos\u00f3b, kt\u00f3ry uderza w przedsi\u0119biorc\u00f3w \u2013 stwierdzi\u0142. Zwr\u00f3ci\u0142 uwag\u0119 tak\u017ce na kwestie migracji, przekonuj\u0105c, \u017ce Polska powinna \u015bci\u0105ga\u0107 wykwalifikowanych pracownik\u00f3w, \u201eale tylko takich, kt\u00f3rzy szanuj\u0105 nasze zasady\u201d.<br \/>\nOpowiedzia\u0142 si\u0119 r\u00f3wnie\u017c za wzrostem wydatk\u00f3w na armi\u0119, ale przy zachowaniu odpowiedzialno\u015bci fiskalnej i z my\u015bl\u0105 o tym, by inwestycje wspiera\u0142y polskie firmy.<\/p>\n<p>Petru zaznaczy\u0142, \u017ce jego kandydatura to \u201erealna alternatywa\u201d, bo \u2013 jak powiedzia\u0142 \u2013 \u201eludzie dzi\u015b dowiedzieli si\u0119, \u017ce maj\u0105 wyb\u00f3r\u201d. Podkre\u015bli\u0142, \u017ce chodzi nie tylko o sam wynik wybor\u00f3w wewn\u0119trznych, lecz tak\u017ce o to, kto b\u0119dzie w stanie zagwarantowa\u0107 partii wi\u0119ksze poparcie w przysz\u0142o\u015bci.<\/p>\n<h3><strong>Od Nowoczesnej do Polski 2050<\/strong><\/h3>\n<p>Polityk przypomnia\u0142 swoje wcze\u015bniejsze do\u015bwiadczenia jako tw\u00f3rcy Nowoczesnej. \u2013 Oddawa\u0142em tamt\u0105 parti\u0119 z 9-procentowym poparciem. Uwa\u017cam, \u017ce dzi\u015b taki wynik nie by\u0142by z\u0142y. Nie ma lepszej lekcji ni\u017c pora\u017cka \u2013 m\u00f3wi\u0142.<\/p>\n<p>Zdaniem Petru, istotne b\u0119dzie tak\u017ce przyci\u0105gni\u0119cie wyborc\u00f3w, kt\u00f3rzy dzi\u015b popieraj\u0105 Konfederacj\u0119. \u2013 Chc\u0119 przeku\u0107 ten p\u0119katy balon S\u0142awomira Mentzena i pokaza\u0107, \u017ce jest pusty \u2013 podkre\u015bli\u0142.<\/p>\n<h3><strong>Ho\u0142ownia odchodzi, partia przed nowym etapem<\/strong><\/h3>\n<p>Sytuacja w Polsce 2050 jest szczeg\u00f3lna, poniewa\u017c jej dotychczasowy przewodnicz\u0105cy i marsza\u0142ek Sejmu, Szymon Ho\u0142ownia, zapowiedzia\u0142, \u017ce nie b\u0119dzie ubiega\u0142 si\u0119 o reelekcj\u0119 w styczniowych wyborach na szefa ugrupowania. Ho\u0142ownia zrezygnowa\u0142 tak\u017ce z aspiracji do funkcji wicepremiera w rz\u0105dzie Donalda Tuska.<\/p>\n<p>Co wi\u0119cej, Ho\u0142ownia zg\u0142osi\u0142 swoj\u0105 kandydatur\u0119 w mi\u0119dzynarodowym konkursie na stanowisko Wysokiego Komisarza ONZ ds. Uchod\u017ac\u00f3w. Zgodnie z umow\u0105 koalicyjn\u0105 w listopadzie przestanie pe\u0142ni\u0107 funkcj\u0119 marsza\u0142ka Sejmu, a na jego miejscu zasi\u0105dzie W\u0142odzimierz Czarzasty z Lewicy.<\/p>\n<p>Petru podkre\u015bli\u0142, \u017ce nie oczekuje formalnego poparcia Ho\u0142owni w wyborach wewn\u0119trznych. \u2013 Nie by\u0142oby to dla niego zr\u0119czne \u2013 oceni\u0142. Zapowiedzia\u0142, \u017ce zamierza przekonywa\u0107 cz\u0142onk\u00f3w Polski 2050 bezpo\u015brednio, stawiaj\u0105c na otwart\u0105 debat\u0119 i prezentacj\u0119 alternatywnej wizji.<\/p>\n<p>\u201eZawsze jak lider odchodzi, partia staje przed ryzykiem os\u0142abienia lub znikni\u0119cia. Ale to tak\u017ce szansa na nowe otwarcie\u201d \u2013 podsumowa\u0142 Petru.<\/p>\n<p style=\"text-align: right\"><em>Na podst. i.PL<\/em><\/p>\n","protected":false},"excerpt":{"rendered":"<p>Ryszard Petru i Miros\u0142aw Sucho\u0144 (Polska 2050) Ryszard Petru oficjalnie potwierdzi\u0142, \u017ce zamierza ubiega\u0107 si\u0119 o stanowisko przewodnicz\u0105cego Polski 2050. Na konferencji prasowej podkre\u015bli\u0142, \u017ce&hellip;<\/p>\n","protected":false},"author":3,"featured_media":4215,"comment_status":"open","ping_status":"open","sticky":false,"template":"","format":"standard","meta":{"footnotes":""},"categories":[14,18],"tags":[],"class_list":["post-4214","post","type-post","status-publish","format-standard","has-post-thumbnail","hentry","category-polska","category-top-news"],"_links":{"self":[{"href":"https:\/\/radiopoloniawinnipeg.com\/index.php\/wp-json\/wp\/v2\/posts\/4214","targetHints":{"allow":["GET"]}}],"collection":[{"href":"https:\/\/radiopoloniawinnipeg.com\/index.php\/wp-json\/wp\/v2\/posts"}],"about":[{"href":"https:\/\/radiopoloniawinnipeg.com\/index.php\/wp-json\/wp\/v2\/types\/post"}],"author":[{"embeddable":true,"href":"https:\/\/radiopoloniawinnipeg.com\/index.php\/wp-json\/wp\/v2\/users\/3"}],"replies":[{"embeddable":true,"href":"https:\/\/radiopoloniawinnipeg.com\/index.php\/wp-json\/wp\/v2\/comments?post=4214"}],"version-history":[{"count":0,"href":"https:\/\/radiopoloniawinnipeg.com\/index.php\/wp-json\/wp\/v2\/posts\/4214\/revisions"}],"wp:featuredmedia":[{"embeddable":true,"href":"https:\/\/radiopoloniawinnipeg.com\/index.php\/wp-json\/wp\/v2\/media\/4215"}],"wp:attachment":[{"href":"https:\/\/radiopoloniawinnipeg.com\/index.php\/wp-json\/wp\/v2\/media?parent=4214"}],"wp:term":[{"taxonomy":"category","embeddable":true,"href":"https:\/\/radiopoloniawinnipeg.com\/index.php\/wp-json\/wp\/v2\/categories?post=4214"},{"taxonomy":"post_tag","embeddable":true,"href":"https:\/\/radiopoloniawinnipeg.com\/index.php\/wp-json\/wp\/v2\/tags?post=4214"}],"curies":[{"name":"wp","href":"https:\/\/api.w.org\/{rel}","templated":true}]}}