{"id":4216,"date":"2025-10-02T12:30:07","date_gmt":"2025-10-02T16:30:07","guid":{"rendered":"https:\/\/radiopoloniawinnipeg.com\/index.php\/2025\/10\/02\/ue-buduje-mur-dronowy-na-wschodniej-flance\/"},"modified":"2025-10-02T12:30:07","modified_gmt":"2025-10-02T16:30:07","slug":"ue-buduje-mur-dronowy-na-wschodniej-flance","status":"publish","type":"post","link":"https:\/\/radiopoloniawinnipeg.com\/index.php\/2025\/10\/02\/ue-buduje-mur-dronowy-na-wschodniej-flance\/","title":{"rendered":"UE buduje mur dronowy na wschodniej flance"},"content":{"rendered":"<p><img decoding=\"async\" loading=\"lazy\" class=\"aligncenter size-custom-full-size wp-image-224774\" src=\"https:\/\/bejsment.com\/wp-content\/uploads\/2025\/10\/aadrony-636x357.jpg\" alt=\"\" width=\"636\" height=\"357\" \/><\/p>\n<p><strong>W Kopenhadze zako\u0144czy\u0142 si\u0119 specjalny szczyt Unii Europejskiej po\u015bwi\u0119cony bezpiecze\u0144stwu i przysz\u0142o\u015bci wsp\u00f3lnej obrony. Przyw\u00f3dcy pa\u0144stw cz\u0142onkowskich poparli kluczowe projekty maj\u0105ce wzmocni\u0107 zdolno\u015bci obronne Europy, w tym utworzenie tzw. \u201emuru dronowego\u201d na wschodniej granicy NATO.<\/strong><\/p>\n<p>\u2013 To kluczowy krok na drodze do osi\u0105gni\u0119cia wsp\u00f3lnej gotowo\u015bci obronnej do 2030 roku \u2013 m\u00f3wi\u0142 Antonio Costa podczas konferencji prasowej po unijnym szczycie w Kopenhadze. Szef Rady Europejskiej og\u0142osi\u0142, \u017ce przyw\u00f3dcy pa\u0144stw cz\u0142onkowskich poparli flagowe projekty obronne, w tym utworzenie tzw. muru dronowego.<\/p>\n<p>Spotkanie zosta\u0142o po\u015bwi\u0119cone bezpiecze\u0144stwu Europy, szczeg\u00f3lnie w obliczu narastaj\u0105cych zagro\u017ce\u0144 ze strony Rosji. Obok Costy wyst\u0105pili przewodnicz\u0105ca Komisji Europejskiej Ursula von der Leyen oraz premierka Danii Mette Frederiksen.<\/p>\n<p>\u2013 Z zadowoleniem przyjmuj\u0119 dokument konsultacyjny przedstawiony przez przewodnicz\u0105c\u0105 Komisji Europejskiej Ursul\u0119 von der Leyen i szefow\u0105 unijnej dyplomacji Kaj\u0119 Kallas, a tak\u017ce szeroko poparte przez lider\u00f3w projekty flagowe, kt\u00f3re wzmocni\u0105 bezpiecze\u0144stwo Europy, w tym europejski mur dronowy i Stra\u017c Wschodniej Flanki \u2013 m\u00f3wi\u0142 Costa. \u2013 To kluczowy krok na drodze do osi\u0105gni\u0119cia wsp\u00f3lnej gotowo\u015bci obronnej do 2030 roku. Odzwierciedla to powa\u017cne zagro\u017cenie, z jakim obecnie zmaga si\u0119 wschodnia flanka \u2013 doda\u0142.<\/p>\n<h3><strong>Mur dronowy \u2013 realna tarcza przed rosyjskimi bezza\u0142ogowcami<\/strong><\/h3>\n<p>Projekt \u201emuru dronowego\u201d nabra\u0142 szczeg\u00f3lnego znaczenia po serii incydent\u00f3w z naruszeniami przestrzeni powietrznej kraj\u00f3w NATO przez rosyjskie drony. Rozwi\u0105zanie opiera\u0107 si\u0119 ma na warstwowym systemie \u2013 od dron\u00f3w rozpoznawczych sterowanych przez sztuczn\u0105 inteligencj\u0119, przez mobilne platformy do neutralizacji bezza\u0142ogowc\u00f3w, a\u017c po czujniki naziemne i nadz\u00f3r satelitarny.<\/p>\n<p>Jak podkre\u015blaj\u0105 eksperci, nie b\u0119dzie to symboliczna bariera. \u2013 To prawdziwy mur. Technologia jest gotowa. Teraz potrzebujemy koordynacji politycznej na szczeblu UE i NATO \u2013 zaznaczy\u0142 Martin Karkour z niemieckiej firmy Quantum System, jednego z podmiot\u00f3w zaanga\u017cowanych w projekt.<\/p>\n<p>Pierwsze sygna\u0142y o murze dronowym pojawi\u0142y si\u0119 ju\u017c w maju ubieg\u0142ego roku. W inicjatyw\u0119 zaanga\u017cowa\u0142o si\u0119 sze\u015b\u0107 pa\u0144stw granicz\u0105cych z Rosj\u0105 \u2013 Norwegia, Finlandia, Estonia, \u0141otwa, Litwa i Polska. Niemcy r\u00f3wnie\u017c wyra\u017ca\u0142y zainteresowanie przy\u0142\u0105czeniem si\u0119 do przedsi\u0119wzi\u0119cia.<\/p>\n<h3><strong>Perspektywa Polski \u2013 bezpiecze\u0144stwo i wzmocnienie roli w NATO<\/strong><\/h3>\n<p>Dla Polski projekt muru dronowego ma znaczenie strategiczne. Po\u0142o\u017cenie naszego kraju na wschodniej flance NATO sprawia, \u017ce stajemy si\u0119 jednym z filar\u00f3w bezpiecze\u0144stwa ca\u0142ego Sojuszu. W praktyce oznacza to zwi\u0119kszenie ochrony polskiego nieba i infrastruktury krytycznej przed rosyjskimi dronami, kt\u00f3re coraz cz\u0119\u015bciej wykorzystywane s\u0105 do rozpoznania i testowania obrony pa\u0144stw granicznych.<\/p>\n<p>Warszawa mo\u017ce te\u017c wzmocni\u0107 swoj\u0105 pozycj\u0119 w strukturach NATO i Unii Europejskiej, anga\u017cuj\u0105c si\u0119 w projekt technologiczny, kt\u00f3ry po\u0142\u0105czy wsp\u00f3lne europejskie zdolno\u015bci obronne. Dodatkowo inwestycja w systemy przeciwdronowe mo\u017ce przynie\u015b\u0107 korzy\u015bci polskiemu przemys\u0142owi zbrojeniowemu, zw\u0142aszcza firmom rozwijaj\u0105cym technologie walki radioelektronicznej i bezza\u0142ogowej.<\/p>\n<p>Mur dronowy, cho\u0107 wci\u0105\u017c w fazie planowania, jest symbolem nowego podej\u015bcia Europy do bezpiecze\u0144stwa \u2013 nie tylko reagowania na zagro\u017cenia, ale i aktywnego budowania tarczy, kt\u00f3ra chroni obywateli i wzmacnia solidarno\u015b\u0107 w ramach NATO.<\/p>\n<p style=\"text-align: right\"><em>Na podst. Polsat News, Politico<\/em><\/p>\n","protected":false},"excerpt":{"rendered":"<p>W Kopenhadze zako\u0144czy\u0142 si\u0119 specjalny szczyt Unii Europejskiej po\u015bwi\u0119cony bezpiecze\u0144stwu i przysz\u0142o\u015bci wsp\u00f3lnej obrony. Przyw\u00f3dcy pa\u0144stw cz\u0142onkowskich poparli kluczowe projekty maj\u0105ce wzmocni\u0107 zdolno\u015bci obronne Europy,&hellip;<\/p>\n","protected":false},"author":3,"featured_media":4217,"comment_status":"open","ping_status":"open","sticky":false,"template":"","format":"standard","meta":{"footnotes":""},"categories":[15,18],"tags":[],"class_list":["post-4216","post","type-post","status-publish","format-standard","has-post-thumbnail","hentry","category-swiat","category-top-news"],"_links":{"self":[{"href":"https:\/\/radiopoloniawinnipeg.com\/index.php\/wp-json\/wp\/v2\/posts\/4216","targetHints":{"allow":["GET"]}}],"collection":[{"href":"https:\/\/radiopoloniawinnipeg.com\/index.php\/wp-json\/wp\/v2\/posts"}],"about":[{"href":"https:\/\/radiopoloniawinnipeg.com\/index.php\/wp-json\/wp\/v2\/types\/post"}],"author":[{"embeddable":true,"href":"https:\/\/radiopoloniawinnipeg.com\/index.php\/wp-json\/wp\/v2\/users\/3"}],"replies":[{"embeddable":true,"href":"https:\/\/radiopoloniawinnipeg.com\/index.php\/wp-json\/wp\/v2\/comments?post=4216"}],"version-history":[{"count":0,"href":"https:\/\/radiopoloniawinnipeg.com\/index.php\/wp-json\/wp\/v2\/posts\/4216\/revisions"}],"wp:featuredmedia":[{"embeddable":true,"href":"https:\/\/radiopoloniawinnipeg.com\/index.php\/wp-json\/wp\/v2\/media\/4217"}],"wp:attachment":[{"href":"https:\/\/radiopoloniawinnipeg.com\/index.php\/wp-json\/wp\/v2\/media?parent=4216"}],"wp:term":[{"taxonomy":"category","embeddable":true,"href":"https:\/\/radiopoloniawinnipeg.com\/index.php\/wp-json\/wp\/v2\/categories?post=4216"},{"taxonomy":"post_tag","embeddable":true,"href":"https:\/\/radiopoloniawinnipeg.com\/index.php\/wp-json\/wp\/v2\/tags?post=4216"}],"curies":[{"name":"wp","href":"https:\/\/api.w.org\/{rel}","templated":true}]}}