{"id":4220,"date":"2025-10-02T14:15:07","date_gmt":"2025-10-02T18:15:07","guid":{"rendered":"https:\/\/radiopoloniawinnipeg.com\/index.php\/2025\/10\/02\/brytyjska-policja-atak-w-manchesterskiej-synagodze-to-akt-terroru\/"},"modified":"2025-10-02T14:15:07","modified_gmt":"2025-10-02T18:15:07","slug":"brytyjska-policja-atak-w-manchesterskiej-synagodze-to-akt-terroru","status":"publish","type":"post","link":"https:\/\/radiopoloniawinnipeg.com\/index.php\/2025\/10\/02\/brytyjska-policja-atak-w-manchesterskiej-synagodze-to-akt-terroru\/","title":{"rendered":"Brytyjska policja: atak w manchesterskiej synagodze to akt terroru"},"content":{"rendered":"<p>Wed\u0142ug brytyjskiej policji, tragiczny atak przed synagog\u0105 w Manchesterze, kt\u00f3ry mia\u0142 miejsce w czwartek, zosta\u0142 zakwalifikowany jako zamach terrorystyczny. Napastnik najpierw wjecha\u0142 samochodem w grup\u0119 ludzi stoj\u0105cych przed \u015bwi\u0105tyni\u0105 w p\u00f3\u0142nocnej Anglii, a nast\u0119pnie zacz\u0105\u0142 ich d\u017aga\u0107 no\u017cem. Zgin\u0119\u0142y dwie osoby, a cztery zosta\u0142y powa\u017cnie ranne. Do zdarzenia dosz\u0142o w Jom Kipur \u2013 najwa\u017cniejszy dzie\u0144 w kalendarzu \u017cydowskim.<\/p>\n<p>Sprawca zosta\u0142 zastrzelony przez funkcjonariuszy na obrze\u017cach Manchesteru. Potwierdzenie jego \u015bmierci op\u00f3\u017ani\u0142o si\u0119, poniewa\u017c mia\u0142 na sobie kamizelk\u0119 przypominaj\u0105c\u0105 \u0142adunek wybuchowy. P\u00f3\u017aniej jednak s\u0142u\u017cby przekaza\u0142y, \u017ce m\u0119\u017cczyzna nie posiada\u0142 materia\u0142\u00f3w wybuchowych.<\/p>\n<p>Policja metropolitalna w Londynie, odpowiedzialna za dzia\u0142ania antyterrorystyczne, potwierdzi\u0142a, \u017ce incydent zosta\u0142 sklasyfikowany jako atak terrorystyczny.<\/p>\n<p>Premier Wielkiej Brytanii Keir Starmer stanowczo pot\u0119pi\u0142 sprawc\u0119, okre\u015blaj\u0105c go mianem \u201enikczemnego napastnika\u201d, kt\u00f3ry \u201ezaatakowa\u0142 \u017byd\u00f3w z powodu ich pochodzenia oraz nasz kraj z uwagi na jego warto\u015bci\u201d.<\/p>\n<p>Szef brytyjskiego pionu antyterrorystycznego Laurence Taylor poinformowa\u0142 o zatrzymaniu dw\u00f3ch innych os\u00f3b podejrzanych w tej sprawie, jednak nie poda\u0142 wi\u0119cej szczeg\u00f3\u0142\u00f3w. Doda\u0142, \u017ce \u015bledczy s\u0105 przekonani, i\u017c znaj\u0105 to\u017csamo\u015b\u0107 napastnika, ale oficjalnie jej jeszcze nie potwierdzili.<\/p>\n<p>Do ataku dosz\u0142o w ortodoksyjnej synagodze na przedmie\u015bciach Manchesteru, w trakcie Jom Kipur \u2013 Dnia Pojednania, naj\u015bwi\u0119tszego dnia w judaizmie. Wed\u0142ug s\u0142u\u017cb, ofiary \u015bmiertelne by\u0142y wyznania \u017cydowskiego.<\/p>\n<p>\u201eTo koszmar ka\u017cdego rabina i cz\u0142onka spo\u0142eczno\u015bci \u017cydowskiej\u201d \u2013 powiedzia\u0142 rabin Jonathan Romain z Maidenhead, przewodnicz\u0105cy S\u0105du Rabinicznego Wielkiej Brytanii. \u2013 \u201eTo nie tylko najwa\u017cniejszy dzie\u0144 religijny, ale tak\u017ce moment, w kt\u00f3rym \u017bydzi \u2013 niezale\u017cnie od stopnia religijno\u015bci \u2013 gromadz\u0105 si\u0119 razem\u201d.<\/p>\n<p>Premier Izraela Benjamin Netanjahu wyrazi\u0142 wsp\u00f3\u0142czucie dla brytyjskich \u017byd\u00f3w, podkre\u015blaj\u0105c: \u201eNasze serca s\u0105 z rodzinami ofiar, a nasze modlitwy \u2013 z rannymi, by szybko wr\u00f3cili do zdrowia\u201d. Doda\u0142 te\u017c, \u017ce \u201euleganie terroryzmowi jedynie go wzmacnia \u2013 tylko si\u0142a i jedno\u015b\u0107 mog\u0105 go pokona\u0107\u201d.<\/p>\n<p>Policja Greater Manchester poinformowa\u0142a, \u017ce oko\u0142o 9:30 czasu lokalnego otrzyma\u0142a zg\u0142oszenie od \u015bwiadka, kt\u00f3ry widzia\u0142, jak samoch\u00f3d wjecha\u0142 w pieszych przed synagog\u0105 Heaton Park Hebrew Congregation w Crumpsall. Zg\u0142oszono r\u00f3wnie\u017c atak no\u017cownika.<\/p>\n<p>Komendant Stephen Watson potwierdzi\u0142, \u017ce m\u0119\u017cczyzna celowo uderzy\u0142 samochodem w ludzi, a potem zacz\u0105\u0142 ich d\u017aga\u0107.<\/p>\n<p>Chava Lewin, mieszkanka domu obok synagogi, us\u0142ysza\u0142a ha\u0142as, kt\u00f3ry pocz\u0105tkowo wzi\u0119\u0142a za fajerwerki. Dopiero jej m\u0105\u017c wbieg\u0142 do \u015brodka z informacj\u0105 o ataku. Jak relacjonowa\u0142a, \u015bwiadek opowiada\u0142 jej, \u017ce samoch\u00f3d wjecha\u0142 w bram\u0119 synagogi, a sprawca, gdy tylko wysiad\u0142, rzuci\u0142 si\u0119 z no\u017cem na przypadkowe osoby i pr\u00f3bowa\u0142 wedrze\u0107 si\u0119 do budynku.<\/p>\n<p>\u201ePomy\u015bla\u0142am, \u017ce mo\u017ce mia\u0142 zawa\u0142\u201d \u2013 m\u00f3wi\u0142a Lewin \u2013 \u201eale zaraz potem zacz\u0105\u0142 d\u017aga\u0107 ka\u017cdego wok\u00f3\u0142. Rzuci\u0142 si\u0119 na ochroniarza i pr\u00f3bowa\u0142 wedrze\u0107 si\u0119 do \u015brodka\u201d.<\/p>\n<p>Komendant Watson pochwali\u0142 bohatersk\u0105 postaw\u0119 ochrony oraz wiernych, kt\u00f3rzy uniemo\u017cliwili napastnikowi wej\u015bcie do \u015bwi\u0105tyni. Doda\u0142, \u017ce cztery osoby zosta\u0142y ci\u0119\u017cko ranne i s\u0105 obecnie leczone w szpitalach, cho\u0107 nie poda\u0142 dalszych informacji o ich stanie.<\/p>\n<p>W mediach spo\u0142eczno\u015bciowych pojawi\u0142o si\u0119 nagranie, na kt\u00f3rym wida\u0107 policjanta celuj\u0105cego do le\u017c\u0105cego m\u0119\u017cczyzny pod niebiesk\u0105 Gwiazd\u0105 Dawida na murze synagogi. W tle s\u0142ycha\u0107 g\u0142os \u015bwiadka, kt\u00f3ry twierdzi, \u017ce napastnik mia\u0142 bomb\u0119 i chcia\u0142 j\u0105 zdetonowa\u0107. W momencie, gdy pr\u00f3bowa\u0142 si\u0119 podnie\u015b\u0107, pad\u0142 strza\u0142 i napastnik osun\u0105\u0142 si\u0119 na ziemi\u0119. Niedaleko, przy bramie synagogi, le\u017ca\u0142o cia\u0142o jednej z ofiar w ka\u0142u\u017cy krwi.<\/p>\n<p>Premier Starmer wr\u00f3ci\u0142 do kraju z Kopenhagi, gdzie bra\u0142 udzia\u0142 w szczycie, by poprowadzi\u0107 specjalne posiedzenie rz\u0105du w sprawie ataku. Wcze\u015bniej, w swoim wpisie w mediach spo\u0142eczno\u015bciowych, wyrazi\u0142 wdzi\u0119czno\u015b\u0107 s\u0142u\u017cbom ratunkowym i zapewni\u0142 o wsparciu dla ofiar oraz ich rodzin.<\/p>\n<p>Zapowiedzia\u0142 r\u00f3wnie\u017c, \u017ce w pobli\u017cu synagog na terenie ca\u0142ej Wielkiej Brytanii pojawi si\u0119 zwi\u0119kszona liczba funkcjonariuszy.<\/p>\n<p>Kr\u00f3l Karol wyda\u0142 o\u015bwiadczenie, w kt\u00f3rym wraz z kr\u00f3low\u0105 Kamil\u0105 wyrazi\u0142 g\u0142\u0119boki smutek i wstrz\u0105s zwi\u0105zany z atakiem \u201ew tak wa\u017cnym dniu dla \u017cydowskiej spo\u0142eczno\u015bci\u201d.<\/p>\n<p>\u201eNasze modlitwy s\u0105 z tymi, kt\u00f3rych dotkn\u0119\u0142a ta tragedia. Jeste\u015bmy wdzi\u0119czni za szybk\u0105 reakcj\u0119 s\u0142u\u017cb ratunkowych\u201d \u2013 napisa\u0142 monarcha.<\/p>\n<p>Manchester by\u0142 ju\u017c wcze\u015bniej celem powa\u017cnego zamachu \u2013 w 2017 roku podczas koncertu Ariany Grande mia\u0142 tam miejsce atak samob\u00f3jczy, w kt\u00f3rym zgin\u0119\u0142y 22 osoby.<\/p>\n<p>&nbsp;<\/p>\n","protected":false},"excerpt":{"rendered":"<p>Wed\u0142ug brytyjskiej policji, tragiczny atak przed synagog\u0105 w Manchesterze, kt\u00f3ry mia\u0142 miejsce w czwartek, zosta\u0142 zakwalifikowany jako zamach terrorystyczny. Napastnik najpierw wjecha\u0142 samochodem w grup\u0119&hellip;<\/p>\n","protected":false},"author":3,"featured_media":4221,"comment_status":"open","ping_status":"open","sticky":false,"template":"","format":"standard","meta":{"footnotes":""},"categories":[15,18],"tags":[],"class_list":["post-4220","post","type-post","status-publish","format-standard","has-post-thumbnail","hentry","category-swiat","category-top-news"],"_links":{"self":[{"href":"https:\/\/radiopoloniawinnipeg.com\/index.php\/wp-json\/wp\/v2\/posts\/4220","targetHints":{"allow":["GET"]}}],"collection":[{"href":"https:\/\/radiopoloniawinnipeg.com\/index.php\/wp-json\/wp\/v2\/posts"}],"about":[{"href":"https:\/\/radiopoloniawinnipeg.com\/index.php\/wp-json\/wp\/v2\/types\/post"}],"author":[{"embeddable":true,"href":"https:\/\/radiopoloniawinnipeg.com\/index.php\/wp-json\/wp\/v2\/users\/3"}],"replies":[{"embeddable":true,"href":"https:\/\/radiopoloniawinnipeg.com\/index.php\/wp-json\/wp\/v2\/comments?post=4220"}],"version-history":[{"count":0,"href":"https:\/\/radiopoloniawinnipeg.com\/index.php\/wp-json\/wp\/v2\/posts\/4220\/revisions"}],"wp:featuredmedia":[{"embeddable":true,"href":"https:\/\/radiopoloniawinnipeg.com\/index.php\/wp-json\/wp\/v2\/media\/4221"}],"wp:attachment":[{"href":"https:\/\/radiopoloniawinnipeg.com\/index.php\/wp-json\/wp\/v2\/media?parent=4220"}],"wp:term":[{"taxonomy":"category","embeddable":true,"href":"https:\/\/radiopoloniawinnipeg.com\/index.php\/wp-json\/wp\/v2\/categories?post=4220"},{"taxonomy":"post_tag","embeddable":true,"href":"https:\/\/radiopoloniawinnipeg.com\/index.php\/wp-json\/wp\/v2\/tags?post=4220"}],"curies":[{"name":"wp","href":"https:\/\/api.w.org\/{rel}","templated":true}]}}