{"id":4222,"date":"2025-10-02T18:30:07","date_gmt":"2025-10-02T22:30:07","guid":{"rendered":"https:\/\/radiopoloniawinnipeg.com\/index.php\/2025\/10\/02\/nocna-prohibicja-coraz-wiecej-glosow-za\/"},"modified":"2025-10-02T18:30:07","modified_gmt":"2025-10-02T22:30:07","slug":"nocna-prohibicja-coraz-wiecej-glosow-za","status":"publish","type":"post","link":"https:\/\/radiopoloniawinnipeg.com\/index.php\/2025\/10\/02\/nocna-prohibicja-coraz-wiecej-glosow-za\/","title":{"rendered":"Nocna prohibicja? Coraz wi\u0119cej g\u0142os\u00f3w \u201eza\u201d"},"content":{"rendered":"<p><img decoding=\"async\" loading=\"lazy\" class=\"aligncenter size-custom-full-size wp-image-224764\" src=\"https:\/\/bejsment.com\/wp-content\/uploads\/2025\/10\/aaalkohol-636x477.jpg\" alt=\"\" width=\"636\" height=\"477\" \/><\/p>\n<p><strong>Zakaz sprzeda\u017cy alkoholu w godzinach nocnych cieszy si\u0119 du\u017cym poparciem spo\u0142ecznym \u2013 wynika z najnowszego sonda\u017cu Instytutu Bada\u0144 Pollster przeprowadzonego dla \u201eSuper Expressu\u201d. A\u017c 62 proc. ankietowanych uwa\u017ca, \u017ce takie ograniczenie powinno obowi\u0105zywa\u0107 w ca\u0142ym kraju.<\/strong><\/p>\n<p>Na pytanie, czy w Polsce nale\u017cy wprowadzi\u0107 og\u00f3lnokrajowy zakaz sprzeda\u017cy alkoholu w godzinach nocnych, pozytywnie odpowiedzia\u0142o blisko dwie trzecie badanych. 28 proc. by\u0142o przeciw, a 10 proc. nie mia\u0142o zdania.<\/p>\n<p>Wyniki badania mog\u0105 by\u0107 wa\u017cnym sygna\u0142em dla polityk\u00f3w, poniewa\u017c w Sejmie znajduj\u0105 si\u0119 ju\u017c dwa projekty ustaw w tej sprawie \u2013 przygotowane przez Lewic\u0119 oraz Polsk\u0119 2050. Oba zak\u0142adaj\u0105 wprowadzenie zakazu sprzeda\u017cy alkoholu w godzinach 22:00\u20136:00.<\/p>\n<h3><strong>Warszawa testuje lokalne rozwi\u0105zania<\/strong><\/h3>\n<p>Debata nad nocn\u0105 prohibicj\u0105 trwa tak\u017ce w samorz\u0105dach. W czwartek odb\u0119dzie si\u0119 nadzwyczajna sesja rady Warszawy, na kt\u00f3rej radni maj\u0105 dyskutowa\u0107 nad pilota\u017cowym wprowadzeniem zakazu sprzeda\u017cy alkoholu w dw\u00f3ch dzielnicach: \u015ar\u00f3dmie\u015bciu i na Pradze-P\u00f3\u0142noc.<\/p>\n<p>Dwa tygodnie temu prezydent stolicy Rafa\u0142 Trzaskowski niespodziewanie wycofa\u0142 w\u0142asny projekt, kt\u00f3ry zak\u0142ada\u0142 obj\u0119cie zakazem ca\u0142ej Warszawy. Radni odrzucili r\u00f3wnie\u017c alternatywny projekt zg\u0142oszony przez cz\u0119\u015b\u0107 z nich, przyjmuj\u0105c ostatecznie rozwi\u0105zanie ograniczone tylko do dw\u00f3ch dzielnic.<\/p>\n<p>Trzaskowski zapowiedzia\u0142 jednak, \u017ce na wiosn\u0119 2026 roku ponownie z\u0142o\u017cy projekt wprowadzaj\u0105cy zakaz w ca\u0142ej stolicy \u2013 mia\u0142by on wej\u015b\u0107 w \u017cycie od 1 czerwca 2026 roku.<\/p>\n<p>Cho\u0107 dyskusja toczy si\u0119 na poziomie og\u00f3lnopolskim i w najwi\u0119kszych miastach, podobne przepisy obowi\u0105zuj\u0105 ju\u017c w wielu miejscach kraju. W latach 2018\u20132024 oko\u0142o 180 gmin zdecydowa\u0142o si\u0119 na wprowadzenie nocnej prohibicji.<\/p>\n<h3><strong>Badanie<\/strong><\/h3>\n<p>Sonda\u017c Instytutu Pollster dla \u201eSuper Expressu\u201d przeprowadzono 27 i 28 wrze\u015bnia 2025 roku na pr\u00f3bie 1026 doros\u0142ych Polak\u00f3w metod\u0105 telefonicznych wywiad\u00f3w wspomaganych komputerowo.<\/p>\n","protected":false},"excerpt":{"rendered":"<p>Zakaz sprzeda\u017cy alkoholu w godzinach nocnych cieszy si\u0119 du\u017cym poparciem spo\u0142ecznym \u2013 wynika z najnowszego sonda\u017cu Instytutu Bada\u0144 Pollster przeprowadzonego dla \u201eSuper Expressu\u201d. A\u017c 62&hellip;<\/p>\n","protected":false},"author":3,"featured_media":4223,"comment_status":"open","ping_status":"open","sticky":false,"template":"","format":"standard","meta":{"footnotes":""},"categories":[14,18],"tags":[],"class_list":["post-4222","post","type-post","status-publish","format-standard","has-post-thumbnail","hentry","category-polska","category-top-news"],"_links":{"self":[{"href":"https:\/\/radiopoloniawinnipeg.com\/index.php\/wp-json\/wp\/v2\/posts\/4222","targetHints":{"allow":["GET"]}}],"collection":[{"href":"https:\/\/radiopoloniawinnipeg.com\/index.php\/wp-json\/wp\/v2\/posts"}],"about":[{"href":"https:\/\/radiopoloniawinnipeg.com\/index.php\/wp-json\/wp\/v2\/types\/post"}],"author":[{"embeddable":true,"href":"https:\/\/radiopoloniawinnipeg.com\/index.php\/wp-json\/wp\/v2\/users\/3"}],"replies":[{"embeddable":true,"href":"https:\/\/radiopoloniawinnipeg.com\/index.php\/wp-json\/wp\/v2\/comments?post=4222"}],"version-history":[{"count":0,"href":"https:\/\/radiopoloniawinnipeg.com\/index.php\/wp-json\/wp\/v2\/posts\/4222\/revisions"}],"wp:featuredmedia":[{"embeddable":true,"href":"https:\/\/radiopoloniawinnipeg.com\/index.php\/wp-json\/wp\/v2\/media\/4223"}],"wp:attachment":[{"href":"https:\/\/radiopoloniawinnipeg.com\/index.php\/wp-json\/wp\/v2\/media?parent=4222"}],"wp:term":[{"taxonomy":"category","embeddable":true,"href":"https:\/\/radiopoloniawinnipeg.com\/index.php\/wp-json\/wp\/v2\/categories?post=4222"},{"taxonomy":"post_tag","embeddable":true,"href":"https:\/\/radiopoloniawinnipeg.com\/index.php\/wp-json\/wp\/v2\/tags?post=4222"}],"curies":[{"name":"wp","href":"https:\/\/api.w.org\/{rel}","templated":true}]}}