{"id":4232,"date":"2025-10-03T08:30:06","date_gmt":"2025-10-03T12:30:06","guid":{"rendered":"https:\/\/radiopoloniawinnipeg.com\/index.php\/2025\/10\/03\/15-tajemniczych-dronow-nad-poligonem-w-belgii\/"},"modified":"2025-10-03T08:30:06","modified_gmt":"2025-10-03T12:30:06","slug":"15-tajemniczych-dronow-nad-poligonem-w-belgii","status":"publish","type":"post","link":"https:\/\/radiopoloniawinnipeg.com\/index.php\/2025\/10\/03\/15-tajemniczych-dronow-nad-poligonem-w-belgii\/","title":{"rendered":"15 tajemniczych dron\u00f3w nad poligonem w Belgii"},"content":{"rendered":"<p><img decoding=\"async\" loading=\"lazy\" class=\"aligncenter size-custom-full-size wp-image-224860\" src=\"https:\/\/bejsment.com\/wp-content\/uploads\/2025\/10\/aawojsko-636x357.jpg\" alt=\"\" width=\"636\" height=\"357\" \/><\/p>\n<p><strong>W czwartek nad wojskowym obiektem w Elsenborn w Belgii pojawi\u0142o si\u0119 a\u017c 15 dron\u00f3w niewiadomego pochodzenia. Incydent mia\u0142 miejsce oko\u0142o godziny 1:45 w nocy i wywo\u0142a\u0142 natychmiastow\u0105 reakcj\u0119 tamtejszego Ministerstwa Obrony.<\/strong><\/p>\n<p>Belgijski resort obrony potwierdzi\u0142, \u017ce nad kompleksem szkoleniowym si\u0142 l\u0105dowych w Elsenborn, tu\u017c przy granicy z Niemcami, przelecia\u0142a grupa bezza\u0142ogowc\u00f3w. Minister obrony Theo Francken o\u015bwiadczy\u0142, \u017ce nie wiadomo, sk\u0105d wystartowa\u0142y maszyny ani kto je kontrolowa\u0142.<\/p>\n<p>Belgijskie media poda\u0142y, \u017ce incydent dostrzegli r\u00f3wnie\u017c policjanci z niemieckiego miasta D\u00fcren. Z ich relacji wynika, \u017ce drony przekroczy\u0142y granic\u0119, wlatuj\u0105c z Belgii do niemieckiej przestrzeni powietrznej. Sprawa zosta\u0142a zg\u0142oszona tak\u017ce niemieckiemu ministerstwu obrony, co podkre\u015bla mi\u0119dzynarodowy wymiar zdarzenia.<\/p>\n<h3><strong>\u201eKuriozalny incydent\u201d<\/strong><\/h3>\n<p>Ekspert ds. obronno\u015bci Jens Franssen wyja\u015bni\u0142, \u017ce obecno\u015b\u0107 dron\u00f3w zosta\u0142a odnotowana dzi\u0119ki zbiegowi okoliczno\u015bci \u2013 na poligonie znajdowa\u0142o si\u0119 akurat urz\u0105dzenie testowe do wykrywania bezza\u0142ogowc\u00f3w, kt\u00f3re zarejestrowa\u0142o ca\u0142\u0105 aktywno\u015b\u0107.<\/p>\n<p>\u2013 To bardzo kuriozalny incydent, poniewa\u017c na poligonie w Elsenborn nie ma zbyt wiele do szpiegowania \u2013 powiedzia\u0142 Franssen. Zaznaczy\u0142 jednak, \u017ce sama sytuacja pokazuje, jak wa\u017cne s\u0105 systemy umo\u017cliwiaj\u0105ce wykrywanie i \u015bledzenie nawet niewielkich dron\u00f3w, kt\u00f3re mog\u0105 dzia\u0142a\u0107 skrycie i na ma\u0142ych wysoko\u015bciach.<\/p>\n<h3><strong>Obiekt strategiczny przy granicy<\/strong><\/h3>\n<p>Poligon w Elsenborn obejmuje teren o powierzchni 28 kilometr\u00f3w kwadratowych. To miejsce intensywnych \u0107wicze\u0144 belgijskich si\u0142 l\u0105dowych, w tym z u\u017cyciem artylerii, a tak\u017ce o\u015brodek testowania nowych technologii bezza\u0142ogowych. Znajduje si\u0119 na terenie niemieckoj\u0119zycznej wsp\u00f3lnoty Belgii i pe\u0142ni funkcj\u0119 kluczowego obiektu szkoleniowego.<\/p>\n<p>Eksperci zwracaj\u0105 uwag\u0119, \u017ce bardziej oczywistym celem potencjalnego szpiegostwa by\u0142aby baza lotnicza Kleine-Brogel, gdzie przechowywana jest ameryka\u0144ska bro\u0144 j\u0105drowa. Tym bardziej zastanawiaj\u0105ce jest, dlaczego drony pojawi\u0142y si\u0119 w\u0142a\u015bnie nad Elsenborn.<\/p>\n<p>Dop\u00f3ki nie uda si\u0119 ustali\u0107 pochodzenia dron\u00f3w i ich operator\u00f3w, trudno przes\u0105dza\u0107 o intencjach \u2013 czy by\u0142a to pr\u00f3ba testu reakcji belgijskich s\u0142u\u017cb, przypadkowy lot, czy mo\u017ce element bardziej skomplikowanej operacji wywiadowczej.<\/p>\n<p>Jedno jest pewne: incydent pokaza\u0142, \u017ce zagro\u017cenie ze strony nieoznakowanych bezza\u0142ogowc\u00f3w staje si\u0119 coraz bardziej realnym wyzwaniem dla europejskich armii i wymaga nowych, skutecznych technologii obronnych.<\/p>\n<p style=\"text-align: right\"><em>Na podst. Polsat News<\/em><\/p>\n","protected":false},"excerpt":{"rendered":"<p>W czwartek nad wojskowym obiektem w Elsenborn w Belgii pojawi\u0142o si\u0119 a\u017c 15 dron\u00f3w niewiadomego pochodzenia. Incydent mia\u0142 miejsce oko\u0142o godziny 1:45 w nocy i&hellip;<\/p>\n","protected":false},"author":3,"featured_media":4233,"comment_status":"open","ping_status":"open","sticky":false,"template":"","format":"standard","meta":{"footnotes":""},"categories":[15,18],"tags":[],"class_list":["post-4232","post","type-post","status-publish","format-standard","has-post-thumbnail","hentry","category-swiat","category-top-news"],"_links":{"self":[{"href":"https:\/\/radiopoloniawinnipeg.com\/index.php\/wp-json\/wp\/v2\/posts\/4232","targetHints":{"allow":["GET"]}}],"collection":[{"href":"https:\/\/radiopoloniawinnipeg.com\/index.php\/wp-json\/wp\/v2\/posts"}],"about":[{"href":"https:\/\/radiopoloniawinnipeg.com\/index.php\/wp-json\/wp\/v2\/types\/post"}],"author":[{"embeddable":true,"href":"https:\/\/radiopoloniawinnipeg.com\/index.php\/wp-json\/wp\/v2\/users\/3"}],"replies":[{"embeddable":true,"href":"https:\/\/radiopoloniawinnipeg.com\/index.php\/wp-json\/wp\/v2\/comments?post=4232"}],"version-history":[{"count":0,"href":"https:\/\/radiopoloniawinnipeg.com\/index.php\/wp-json\/wp\/v2\/posts\/4232\/revisions"}],"wp:featuredmedia":[{"embeddable":true,"href":"https:\/\/radiopoloniawinnipeg.com\/index.php\/wp-json\/wp\/v2\/media\/4233"}],"wp:attachment":[{"href":"https:\/\/radiopoloniawinnipeg.com\/index.php\/wp-json\/wp\/v2\/media?parent=4232"}],"wp:term":[{"taxonomy":"category","embeddable":true,"href":"https:\/\/radiopoloniawinnipeg.com\/index.php\/wp-json\/wp\/v2\/categories?post=4232"},{"taxonomy":"post_tag","embeddable":true,"href":"https:\/\/radiopoloniawinnipeg.com\/index.php\/wp-json\/wp\/v2\/tags?post=4232"}],"curies":[{"name":"wp","href":"https:\/\/api.w.org\/{rel}","templated":true}]}}