{"id":4240,"date":"2025-10-03T12:15:06","date_gmt":"2025-10-03T16:15:06","guid":{"rendered":"https:\/\/radiopoloniawinnipeg.com\/index.php\/2025\/10\/03\/ludobojczy-rzad-netanjahu-erdogan-uderza-w-izrael\/"},"modified":"2025-10-03T12:15:06","modified_gmt":"2025-10-03T16:15:06","slug":"ludobojczy-rzad-netanjahu-erdogan-uderza-w-izrael","status":"publish","type":"post","link":"https:\/\/radiopoloniawinnipeg.com\/index.php\/2025\/10\/03\/ludobojczy-rzad-netanjahu-erdogan-uderza-w-izrael\/","title":{"rendered":"\u201eLudob\u00f3jczy rz\u0105d Netanjahu&#8221;. Erdogan uderza w Izrael"},"content":{"rendered":"<p><img decoding=\"async\" loading=\"lazy\" class=\"aligncenter size-custom-full-size wp-image-224865\" src=\"https:\/\/bejsment.com\/wp-content\/uploads\/2025\/10\/aaerdogan-636x477.jpg\" alt=\"\" width=\"636\" height=\"477\" \/><\/p>\n<p><strong>Prezydent Turcji Recep Tayyip Erdogan ostro skrytykowa\u0142 dzia\u0142ania Izraela wobec mi\u0119dzynarodowej flotylli Global Sumud, kt\u00f3ra zmierza\u0142a do Strefy Gazy z pomoc\u0105 humanitarn\u0105.<\/strong><\/p>\n<p>\u2013 Pot\u0119piam piractwo wymierzone w globaln\u0105 flotyll\u0119 Sumud, kt\u00f3rej celem by\u0142o zwr\u00f3cenie uwagi na barbarzy\u0144stwo dzieci umieraj\u0105cych z g\u0142odu w Strefie Gazy i dostarczenie pomocy humanitarnej uciskanym Palesty\u0144czykom \u2013 o\u015bwiadczy\u0142 Erdogan.<\/p>\n<h3><strong>\u201eAparat ludob\u00f3jstwa\u201d<\/strong><\/h3>\n<p>Zdaniem tureckiego przyw\u00f3dcy izraelska interwencja na wodach mi\u0119dzynarodowych dowodzi, \u017ce \u2013 jak to uj\u0105\u0142 \u2013 \u201eaparat ludob\u00f3jstwa podejmuje gor\u0105czkowe pr\u00f3by ukrycia zbrodni pope\u0142nianych w Strefie Gazy\u201d.<\/p>\n<p>\u2013 Oczywiste jest, \u017ce rz\u0105d Netanjahu nie tylko odmawia zgody na zaprowadzenie pokoju, ale nie jest w stanie tolerowa\u0107 nawet najmniejszej perspektywy jego zakorzenienia \u2013 stwierdzi\u0142 Erdogan.<\/p>\n<p>Prezydent podkre\u015bli\u0142, \u017ce akcja flotylli Sumud unaoczni\u0142a \u015bwiatu \u201emordercze oblicze Izraela\u201d i ponownie zwr\u00f3ci\u0142a uwag\u0119 na dramat palesty\u0144skich cywil\u00f3w. \u2013 Nie opu\u015bcimy naszych palesty\u0144skich braci i si\u00f3str. B\u0119dziemy pracowa\u0107 ze wszystkich si\u0142, aby doprowadzi\u0107 do zawieszenia broni i przywr\u00f3cenia pokoju \u2013 zadeklarowa\u0142.<\/p>\n<h3><strong>Ankara interweniuje w sprawie obywateli Turcji<\/strong><\/h3>\n<p>Erdogan zapewni\u0142, \u017ce tureccy urz\u0119dnicy monitoruj\u0105 sytuacj\u0119 i podejmuj\u0105 dzia\u0142ania na rzecz bezpiecze\u0144stwa obywateli Turcji znajduj\u0105cych si\u0119 na pok\u0142adzie flotylli.<\/p>\n<p>Delegacja turecka bior\u0105ca udzia\u0142 w wyprawie poinformowa\u0142a, \u017ce izraelskie wojsko zatrzyma\u0142o 48 tureckich aktywist\u00f3w i przewioz\u0142o ich do portu w Aszdodzie.<\/p>\n<p>\u2013 Ankara uwa\u017cnie \u015bledzi sytuacj\u0119 swoich obywateli i podejmuje wszelkie niezb\u0119dne dzia\u0142ania w celu ich zwolnienia. Ich uwolnienie jest spodziewane w najbli\u017cszych dniach \u2013 poda\u0142 dziennik \u201eDaily Sabah\u201d, powo\u0142uj\u0105c si\u0119 na \u017ar\u00f3d\u0142a w tureckim MSZ.<\/p>\n<p style=\"text-align: right\"><em>Na podst. Reuters<\/em><\/p>\n","protected":false},"excerpt":{"rendered":"<p>Prezydent Turcji Recep Tayyip Erdogan ostro skrytykowa\u0142 dzia\u0142ania Izraela wobec mi\u0119dzynarodowej flotylli Global Sumud, kt\u00f3ra zmierza\u0142a do Strefy Gazy z pomoc\u0105 humanitarn\u0105. \u2013 Pot\u0119piam piractwo&hellip;<\/p>\n","protected":false},"author":3,"featured_media":4241,"comment_status":"open","ping_status":"open","sticky":false,"template":"","format":"standard","meta":{"footnotes":""},"categories":[15,18],"tags":[],"class_list":["post-4240","post","type-post","status-publish","format-standard","has-post-thumbnail","hentry","category-swiat","category-top-news"],"_links":{"self":[{"href":"https:\/\/radiopoloniawinnipeg.com\/index.php\/wp-json\/wp\/v2\/posts\/4240","targetHints":{"allow":["GET"]}}],"collection":[{"href":"https:\/\/radiopoloniawinnipeg.com\/index.php\/wp-json\/wp\/v2\/posts"}],"about":[{"href":"https:\/\/radiopoloniawinnipeg.com\/index.php\/wp-json\/wp\/v2\/types\/post"}],"author":[{"embeddable":true,"href":"https:\/\/radiopoloniawinnipeg.com\/index.php\/wp-json\/wp\/v2\/users\/3"}],"replies":[{"embeddable":true,"href":"https:\/\/radiopoloniawinnipeg.com\/index.php\/wp-json\/wp\/v2\/comments?post=4240"}],"version-history":[{"count":0,"href":"https:\/\/radiopoloniawinnipeg.com\/index.php\/wp-json\/wp\/v2\/posts\/4240\/revisions"}],"wp:featuredmedia":[{"embeddable":true,"href":"https:\/\/radiopoloniawinnipeg.com\/index.php\/wp-json\/wp\/v2\/media\/4241"}],"wp:attachment":[{"href":"https:\/\/radiopoloniawinnipeg.com\/index.php\/wp-json\/wp\/v2\/media?parent=4240"}],"wp:term":[{"taxonomy":"category","embeddable":true,"href":"https:\/\/radiopoloniawinnipeg.com\/index.php\/wp-json\/wp\/v2\/categories?post=4240"},{"taxonomy":"post_tag","embeddable":true,"href":"https:\/\/radiopoloniawinnipeg.com\/index.php\/wp-json\/wp\/v2\/tags?post=4240"}],"curies":[{"name":"wp","href":"https:\/\/api.w.org\/{rel}","templated":true}]}}