{"id":4242,"date":"2025-10-03T13:30:07","date_gmt":"2025-10-03T17:30:07","guid":{"rendered":"https:\/\/radiopoloniawinnipeg.com\/index.php\/2025\/10\/03\/putin-o-dzialaniach-pilsudskiego\/"},"modified":"2025-10-03T13:30:07","modified_gmt":"2025-10-03T17:30:07","slug":"putin-o-dzialaniach-pilsudskiego","status":"publish","type":"post","link":"https:\/\/radiopoloniawinnipeg.com\/index.php\/2025\/10\/03\/putin-o-dzialaniach-pilsudskiego\/","title":{"rendered":"Putin o dzia\u0142aniach Pi\u0142sudskiego"},"content":{"rendered":"<p>Podczas czwartkowego wyst\u0105pienia na dorocznej konferencji Klubu Wa\u0142dajskiego w Soczi W\u0142adimir Putin poruszy\u0142 temat polskiej historii i roli J\u00f3zefa Pi\u0142sudskiego. Wed\u0142ug rosyjskiego przyw\u00f3dcy Polska, kieruj\u0105c si\u0119 polityk\u0105 marsza\u0142ka, mia\u0142a dopu\u015bci\u0107 si\u0119 serii \u201eb\u0142\u0119d\u00f3w\u201d w okresie poprzedzaj\u0105cym wybuch II wojny \u015bwiatowej.<\/p>\n<p>Komentarze Putina wpisuj\u0105 si\u0119 w szersz\u0105 lini\u0119 rosyjskiej polityki pami\u0119ci, kt\u00f3r\u0105 \u2013 zdaniem analityk\u00f3w z Zachodu \u2013 Kreml wykorzystuje, aby usprawiedliwia\u0107 swoje dzia\u0142ania i kreowa\u0107 obraz Rosji jako poszkodowanej przez cudze decyzje, a nie odpowiedzialnej za w\u0142asn\u0105 agresj\u0119.<\/p>\n<p>\u2013 Pi\u0142sudski mia\u0142 wyra\u017anie antyrosyjskie nastawienie. Pod\u0105\u017caj\u0105c za jego koncepcjami, Polska podj\u0119\u0142a wiele b\u0142\u0119dnych decyzji. Niemcy proponowali w\u00f3wczas polubowne rozwi\u0105zanie sporu o Gda\u0144sk i tzw. korytarz gda\u0144ski. Warszawa jednak zdecydowanie odm\u00f3wi\u0142a, w efekcie czego sta\u0142a si\u0119 pierwsz\u0105 ofiar\u0105 nazistowskiego ataku \u2013 powiedzia\u0142 Putin, cytowany przez agencj\u0119 TASS.<\/p>\n<p>Wypowied\u017a ta by\u0142a reakcj\u0105 na s\u0142owa prezydenta RP Karola Nawrockiego, kt\u00f3ry kilka dni wcze\u015bniej w Radiu ZET stwierdzi\u0142, \u017ce zdarza mu si\u0119 \u201erozmawia\u0107\u201d z duchem Pi\u0142sudskiego. Jak wyja\u015bnia\u0142, w tych symbolicznych dialogach podejmuje tematy zar\u00f3wno historyczne, m.in. wojn\u0119 polsko-bolszewick\u0105 z 1920 r., jak i wsp\u00f3\u0142czesne wydarzenia zwi\u0105zane z rosyjsk\u0105 inwazj\u0105 na Ukrain\u0119.<\/p>\n<p>Putin zarzuci\u0142 tak\u017ce II Rzeczypospolitej, \u017ce w 1938 r. odm\u00f3wi\u0142a przej\u015bcia Armii Czerwonej przez swoje terytorium, gdy ZSRR deklarowa\u0142 ch\u0119\u0107 udzielenia wsparcia Czechos\u0142owacji zagro\u017conej przez Hitlera. \u2013 Je\u015bli wsp\u00f3\u0142czesne polskie w\u0142adze b\u0119d\u0105 pami\u0119ta\u0107 o do\u015bwiadczeniach minionych czas\u00f3w i wyci\u0105gn\u0105 wnioski z dawnych b\u0142\u0119d\u00f3w, to nie b\u0119dzie to niczym z\u0142ym \u2013 doda\u0142 rosyjski lider.<\/p>\n<p>Tego typu historyczne interpretacje pojawiaj\u0105 si\u0119 regularnie w jego przem\u00f3wieniach i s\u0142u\u017c\u0105 politycznej narracji. Eksperci przypominaj\u0105, \u017ce Putin niejednokrotnie obarcza\u0142 Polsk\u0119 odpowiedzialno\u015bci\u0105 za wybuch II wojny \u015bwiatowej, umniejszaj\u0105c rol\u0119 paktu Ribbentrop\u2013Mo\u0142otow oraz agresji Armii Czerwonej z 17 wrze\u015bnia 1939 r.<\/p>\n<p>Z perspektywy Warszawy Pi\u0142sudski pozostaje postaci\u0105 kluczow\u0105 \u2013 symbolem odzyskanej niepodleg\u0142o\u015bci i skutecznej obrony Europy przed bolszewizmem w 1920 r. Wsp\u00f3\u0142czesne odniesienia do jego osoby, r\u00f3wnie\u017c w politycznej dyskusji, s\u0105 istotnym elementem to\u017csamo\u015bci narodowej, zw\u0142aszcza w czasie trwaj\u0105cej wojny w Ukrainie.<\/p>\n","protected":false},"excerpt":{"rendered":"<p>Podczas czwartkowego wyst\u0105pienia na dorocznej konferencji Klubu Wa\u0142dajskiego w Soczi W\u0142adimir Putin poruszy\u0142 temat polskiej historii i roli J\u00f3zefa Pi\u0142sudskiego. Wed\u0142ug rosyjskiego przyw\u00f3dcy Polska, kieruj\u0105c&hellip;<\/p>\n","protected":false},"author":3,"featured_media":4243,"comment_status":"open","ping_status":"open","sticky":false,"template":"","format":"standard","meta":{"footnotes":""},"categories":[15,18],"tags":[],"class_list":["post-4242","post","type-post","status-publish","format-standard","has-post-thumbnail","hentry","category-swiat","category-top-news"],"_links":{"self":[{"href":"https:\/\/radiopoloniawinnipeg.com\/index.php\/wp-json\/wp\/v2\/posts\/4242","targetHints":{"allow":["GET"]}}],"collection":[{"href":"https:\/\/radiopoloniawinnipeg.com\/index.php\/wp-json\/wp\/v2\/posts"}],"about":[{"href":"https:\/\/radiopoloniawinnipeg.com\/index.php\/wp-json\/wp\/v2\/types\/post"}],"author":[{"embeddable":true,"href":"https:\/\/radiopoloniawinnipeg.com\/index.php\/wp-json\/wp\/v2\/users\/3"}],"replies":[{"embeddable":true,"href":"https:\/\/radiopoloniawinnipeg.com\/index.php\/wp-json\/wp\/v2\/comments?post=4242"}],"version-history":[{"count":0,"href":"https:\/\/radiopoloniawinnipeg.com\/index.php\/wp-json\/wp\/v2\/posts\/4242\/revisions"}],"wp:featuredmedia":[{"embeddable":true,"href":"https:\/\/radiopoloniawinnipeg.com\/index.php\/wp-json\/wp\/v2\/media\/4243"}],"wp:attachment":[{"href":"https:\/\/radiopoloniawinnipeg.com\/index.php\/wp-json\/wp\/v2\/media?parent=4242"}],"wp:term":[{"taxonomy":"category","embeddable":true,"href":"https:\/\/radiopoloniawinnipeg.com\/index.php\/wp-json\/wp\/v2\/categories?post=4242"},{"taxonomy":"post_tag","embeddable":true,"href":"https:\/\/radiopoloniawinnipeg.com\/index.php\/wp-json\/wp\/v2\/tags?post=4242"}],"curies":[{"name":"wp","href":"https:\/\/api.w.org\/{rel}","templated":true}]}}