{"id":4244,"date":"2025-10-03T14:30:07","date_gmt":"2025-10-03T18:30:07","guid":{"rendered":"https:\/\/radiopoloniawinnipeg.com\/index.php\/2025\/10\/03\/niemiecki-producent-czekolady-zamyka-fabryke-przenosi-produkcje-do-polski\/"},"modified":"2025-10-03T14:30:07","modified_gmt":"2025-10-03T18:30:07","slug":"niemiecki-producent-czekolady-zamyka-fabryke-przenosi-produkcje-do-polski","status":"publish","type":"post","link":"https:\/\/radiopoloniawinnipeg.com\/index.php\/2025\/10\/03\/niemiecki-producent-czekolady-zamyka-fabryke-przenosi-produkcje-do-polski\/","title":{"rendered":"Niemiecki producent czekolady zamyka fabryk\u0119. Przenosi produkcj\u0119 do Polski"},"content":{"rendered":"<p>Znany niemiecki producent czekolady zdecydowa\u0142 si\u0119 zamkn\u0105\u0107 jedn\u0105 ze swoich fabryk w kraju i przenie\u015b\u0107 cz\u0119\u015b\u0107 produkcji do Polski. Powodem tej decyzji s\u0105 problemy wynikaj\u0105ce z malej\u0105cego popytu na wyroby firmy.<\/p>\n<p>Grupa Gubor, dzia\u0142aj\u0105ca w bran\u017cy czekoladowej, zmaga si\u0119 od d\u0142u\u017cszego czasu ze spadkiem sprzeda\u017cy na rynku niemieckim. Przedsi\u0119biorstwo og\u0142osi\u0142o, \u017ce zak\u0142ad w Bawarii zostanie wygaszony, a produkcja rozdzielona pomi\u0119dzy inne zak\u0142ady w Niemczech i Polsce. Proces ten ma zako\u0144czy\u0107 si\u0119 po Wielkanocy 2026 roku. \u2013 Pomimo licznych pr\u00f3b nie uda\u0142o nam si\u0119 odwr\u00f3ci\u0107 trwaj\u0105cej od lat tendencji spadkowej \u2013 przyzna\u0142a firma w komunikacie.<\/p>\n<p>\u2013 Rynek nie wykazuje obecnie oznak poprawy, dlatego jeste\u015bmy zmuszeni dostosowa\u0107 nasze zdolno\u015bci wytw\u00f3rcze do reali\u00f3w rynkowych. Linie produkcyjne funkcjonuj\u0105 nieregularnie, co generuje przestoje, wy\u017csze koszty i obni\u017ca konkurencyjno\u015b\u0107 \u2013 wyja\u015bni\u0142 prezes Gubor, Claus Cersovsky. Zmniejszona produkcja ma by\u0107 obserwowana ju\u017c od czterech lat. Wraz z zamkni\u0119ciem fabryki zlikwidowane zostan\u0105 r\u00f3wnie\u017c laboratoria i dzia\u0142y badawcze, w tym Chocothek oraz dzia\u0142 pr\u00f3bek. Natomiast w czerwcu 2027 roku, po wyga\u015bni\u0119ciu umowy najmu, dzia\u0142alno\u015b\u0107 zako\u0144czy tak\u017ce magazyn w Forchheim.<\/p>\n<p>Rzecznik firmy podkre\u015bli\u0142, \u017ce na razie nie podano dok\u0142adnej liczby miejsc pracy zagro\u017conych redukcj\u0105, poniewa\u017c to b\u0119dzie przedmiotem rozm\u00f3w z rad\u0105 zak\u0142adow\u0105. Bezpieczne maj\u0105 by\u0107 osoby zajmuj\u0105ce si\u0119 sprawami og\u00f3lnofirmowymi, takimi jak marketing, zakupy, sprzeda\u017c czy IT. \u2013 Chcemy wypracowa\u0107 realne rozwi\u0105zania dla pracownik\u00f3w obj\u0119tych zmianami, a jednocze\u015bnie zapewni\u0107 stabilne perspektywy dla funkcjonowania ca\u0142ej grupy \u2013 zaznaczono w o\u015bwiadczeniu.<\/p>\n<p><strong>W maju bie\u017c\u0105cego roku niemieckiego producenta przej\u0119\u0142a polska sp\u00f3\u0142ka Colian.<\/strong> Dzi\u0119ki temu przej\u0119ciu Gubor Schokoladen zosta\u0142 w\u0142\u0105czony do Grupy Colian, co znacz\u0105co zwi\u0119kszy udzia\u0142 sprzeda\u017cy zagranicznej w przychodach firmy \u2013 b\u0119dzie on wy\u017cszy ni\u017c w samej Polsce. Nowa struktura zak\u0142ada funkcjonowanie 12 zak\u0142ad\u00f3w, zatrudnienie oko\u0142o 4200 os\u00f3b i produkcj\u0119 na poziomie 85 tys. ton s\u0142odyczy rocznie. \u2013 Integracja z Gubor Schokoladen wpisuje si\u0119 w globaln\u0105 strategi\u0119 rozwoju Colian i daje solidne podstawy do wzmocnienia obecno\u015bci obu marek zar\u00f3wno na rynkach lokalnych, jak i mi\u0119dzynarodowych \u2013 podkre\u015bla\u0142 prezes Colian, Jan Kola\u0144ski.<\/p>\n","protected":false},"excerpt":{"rendered":"<p>Znany niemiecki producent czekolady zdecydowa\u0142 si\u0119 zamkn\u0105\u0107 jedn\u0105 ze swoich fabryk w kraju i przenie\u015b\u0107 cz\u0119\u015b\u0107 produkcji do Polski. Powodem tej decyzji s\u0105 problemy wynikaj\u0105ce&hellip;<\/p>\n","protected":false},"author":3,"featured_media":4245,"comment_status":"open","ping_status":"open","sticky":false,"template":"","format":"standard","meta":{"footnotes":""},"categories":[15,18],"tags":[],"class_list":["post-4244","post","type-post","status-publish","format-standard","has-post-thumbnail","hentry","category-swiat","category-top-news"],"_links":{"self":[{"href":"https:\/\/radiopoloniawinnipeg.com\/index.php\/wp-json\/wp\/v2\/posts\/4244","targetHints":{"allow":["GET"]}}],"collection":[{"href":"https:\/\/radiopoloniawinnipeg.com\/index.php\/wp-json\/wp\/v2\/posts"}],"about":[{"href":"https:\/\/radiopoloniawinnipeg.com\/index.php\/wp-json\/wp\/v2\/types\/post"}],"author":[{"embeddable":true,"href":"https:\/\/radiopoloniawinnipeg.com\/index.php\/wp-json\/wp\/v2\/users\/3"}],"replies":[{"embeddable":true,"href":"https:\/\/radiopoloniawinnipeg.com\/index.php\/wp-json\/wp\/v2\/comments?post=4244"}],"version-history":[{"count":0,"href":"https:\/\/radiopoloniawinnipeg.com\/index.php\/wp-json\/wp\/v2\/posts\/4244\/revisions"}],"wp:featuredmedia":[{"embeddable":true,"href":"https:\/\/radiopoloniawinnipeg.com\/index.php\/wp-json\/wp\/v2\/media\/4245"}],"wp:attachment":[{"href":"https:\/\/radiopoloniawinnipeg.com\/index.php\/wp-json\/wp\/v2\/media?parent=4244"}],"wp:term":[{"taxonomy":"category","embeddable":true,"href":"https:\/\/radiopoloniawinnipeg.com\/index.php\/wp-json\/wp\/v2\/categories?post=4244"},{"taxonomy":"post_tag","embeddable":true,"href":"https:\/\/radiopoloniawinnipeg.com\/index.php\/wp-json\/wp\/v2\/tags?post=4244"}],"curies":[{"name":"wp","href":"https:\/\/api.w.org\/{rel}","templated":true}]}}