{"id":4246,"date":"2025-10-03T16:30:07","date_gmt":"2025-10-03T20:30:07","guid":{"rendered":"https:\/\/radiopoloniawinnipeg.com\/index.php\/2025\/10\/03\/orban-europa-zmierza-w-kierunku-wojny\/"},"modified":"2025-10-03T16:30:07","modified_gmt":"2025-10-03T20:30:07","slug":"orban-europa-zmierza-w-kierunku-wojny","status":"publish","type":"post","link":"https:\/\/radiopoloniawinnipeg.com\/index.php\/2025\/10\/03\/orban-europa-zmierza-w-kierunku-wojny\/","title":{"rendered":"Orban: \u201eEuropa zmierza w kierunku wojny\u201d"},"content":{"rendered":"<p><img decoding=\"async\" loading=\"lazy\" class=\"aligncenter size-custom-full-size wp-image-224871\" src=\"https:\/\/bejsment.com\/wp-content\/uploads\/2025\/10\/aaorban-636x478.jpg\" alt=\"\" width=\"636\" height=\"478\" \/><\/p>\n<p><strong>Premier W\u0119gier Viktor Orb\u00e1n ostrzega, \u017ce Europa stoi na kraw\u0119dzi wojny, a jego stanowisko \u2013 jak twierdzi \u2013 zyskuje coraz wi\u0119ksze poparcie w\u015br\u00f3d europejskich przyw\u00f3dc\u00f3w.<\/strong><\/p>\n<p>\u2013 Coraz wi\u0119cej lider\u00f3w pa\u0144stw zgadza si\u0119 ze mn\u0105 w prywatnych rozmowach, \u017ce zmierzamy w kierunku wojny \u2013 powiedzia\u0142 Orb\u00e1n w wywiadzie dla w\u0119gierskiego radia publicznego.<\/p>\n<p>Orb\u00e1n oceni\u0142, \u017ce strategia Unii Europejskiej wobec Rosji opiera si\u0119 na z\u0142udzeniach. Wed\u0142ug niego europejscy decydenci wierz\u0105, \u017ce Moskwa za\u0142amie si\u0119 gospodarczo, wyczerpie swoje zasoby i w efekcie b\u0119dzie zmuszona do zako\u0144czenia wojny.<\/p>\n<p>\u2013 Rosjanie maj\u0105 si\u0119 za\u0142ama\u0107 gospodarczo, by\u0107 mo\u017ce nawet dojdzie tam do bunt\u00f3w, a w\u00f3wczas Kreml zrezygnuje ze swoich cel\u00f3w wojennych. To mira\u017c, iluzja. Strategia ta nie ma ani podstaw logicznych, ani finansowych. Nie jeste\u015bmy w stanie sfinansowa\u0107 tej wojny, a jednocze\u015bnie chcemy zwyci\u0119\u017cy\u0107 Rosj\u0119 pieni\u0119dzmi i si\u0142\u0105 ekonomiczn\u0105. To si\u0119 nie uda \u2013 stwierdzi\u0142.<\/p>\n<p>W\u0119gierski premier podkre\u015bli\u0142, \u017ce brak negocjacji mi\u0119dzy stronami konfliktu to sytuacja bezprecedensowa w historii wojen. \u2013 UE i Rosjanie musz\u0105 ze sob\u0105 rozmawia\u0107. Coraz wi\u0119cej polityk\u00f3w zaczyna si\u0119 ze mn\u0105 zgadza\u0107 \u2013 przekonywa\u0142.<\/p>\n<p>Orb\u00e1n doda\u0142, \u017ce je\u015bli polityka Brukseli si\u0119 nie zmieni, to \u201epr\u0119dzej czy p\u00f3\u017aniej do naszych dom\u00f3w b\u0119d\u0105 trafia\u0107 trumny z poleg\u0142ymi m\u0142odymi lud\u017ami\u201d.<\/p>\n<h3><strong>Kulisy szczytu w Kopenhadze<\/strong><\/h3>\n<p>Wypowiedzi Orb\u00e1na pad\u0142y w trakcie unijnego szczytu w Kopenhadze, kt\u00f3ry rozpocz\u0105\u0142 si\u0119 w \u015brod\u0119. Polsk\u0119 reprezentuje premier Donald Tusk, a g\u0142\u00f3wnymi tematami spotkania s\u0105 wsp\u00f3lna obronno\u015b\u0107 i dalsze wsparcie dla Ukrainy.<\/p>\n<p>Szef w\u0119gierskiego rz\u0105du zdradzi\u0142 kulisy rozm\u00f3w, twierdz\u0105c, \u017ce atmosfera w stolicy Danii pokazuje jasno kierunek polityki unijnej.<\/p>\n<p>Na platformie X Orb\u00e1n napisa\u0142: &#8220;Sytuacja jest powa\u017cna. Na stole le\u017c\u0105 propozycje jawnie prowojenne. Chc\u0105 przekaza\u0107 Ukrainie fundusze UE, przyspieszy\u0107 jej akcesj\u0119 wszelkimi mo\u017cliwymi sztuczkami prawnymi i sfinansowa\u0107 dostawy broni&#8221;.<\/p>\n<p>Zdaniem premiera W\u0119gier, wszystkie te dzia\u0142ania dowodz\u0105, \u017ce \u201ew Brukseli chc\u0105 wojny\u201d. &#8220;B\u0119d\u0119 stanowczo broni\u0142 stanowiska W\u0119gier. Nadchodz\u0105ce miesi\u0105ce b\u0119d\u0105 naznaczone gro\u017ab\u0105 wojny, dlatego b\u0119dziemy potrzebowa\u0107 wsparcia ca\u0142ej naszej wsp\u00f3lnoty politycznej i ka\u017cdego W\u0119gra, kt\u00f3ry pragnie pokoju&#8221; \u2013 podkre\u015bli\u0142.<\/p>\n<p style=\"text-align: right\"><em>Na podst. Politico, PR<\/em><\/p>\n","protected":false},"excerpt":{"rendered":"<p>Premier W\u0119gier Viktor Orb\u00e1n ostrzega, \u017ce Europa stoi na kraw\u0119dzi wojny, a jego stanowisko \u2013 jak twierdzi \u2013 zyskuje coraz wi\u0119ksze poparcie w\u015br\u00f3d europejskich przyw\u00f3dc\u00f3w.&hellip;<\/p>\n","protected":false},"author":3,"featured_media":4247,"comment_status":"open","ping_status":"open","sticky":false,"template":"","format":"standard","meta":{"footnotes":""},"categories":[15,18],"tags":[],"class_list":["post-4246","post","type-post","status-publish","format-standard","has-post-thumbnail","hentry","category-swiat","category-top-news"],"_links":{"self":[{"href":"https:\/\/radiopoloniawinnipeg.com\/index.php\/wp-json\/wp\/v2\/posts\/4246","targetHints":{"allow":["GET"]}}],"collection":[{"href":"https:\/\/radiopoloniawinnipeg.com\/index.php\/wp-json\/wp\/v2\/posts"}],"about":[{"href":"https:\/\/radiopoloniawinnipeg.com\/index.php\/wp-json\/wp\/v2\/types\/post"}],"author":[{"embeddable":true,"href":"https:\/\/radiopoloniawinnipeg.com\/index.php\/wp-json\/wp\/v2\/users\/3"}],"replies":[{"embeddable":true,"href":"https:\/\/radiopoloniawinnipeg.com\/index.php\/wp-json\/wp\/v2\/comments?post=4246"}],"version-history":[{"count":0,"href":"https:\/\/radiopoloniawinnipeg.com\/index.php\/wp-json\/wp\/v2\/posts\/4246\/revisions"}],"wp:featuredmedia":[{"embeddable":true,"href":"https:\/\/radiopoloniawinnipeg.com\/index.php\/wp-json\/wp\/v2\/media\/4247"}],"wp:attachment":[{"href":"https:\/\/radiopoloniawinnipeg.com\/index.php\/wp-json\/wp\/v2\/media?parent=4246"}],"wp:term":[{"taxonomy":"category","embeddable":true,"href":"https:\/\/radiopoloniawinnipeg.com\/index.php\/wp-json\/wp\/v2\/categories?post=4246"},{"taxonomy":"post_tag","embeddable":true,"href":"https:\/\/radiopoloniawinnipeg.com\/index.php\/wp-json\/wp\/v2\/tags?post=4246"}],"curies":[{"name":"wp","href":"https:\/\/api.w.org\/{rel}","templated":true}]}}