{"id":4254,"date":"2025-10-03T18:00:14","date_gmt":"2025-10-03T22:00:14","guid":{"rendered":"https:\/\/radiopoloniawinnipeg.com\/index.php\/2025\/10\/03\/hamas-zgadza-sie-na-czesc-planu-trumpa-dotyczacego-gazy-w-tym-na-uwolnienie-izraelskich-zakladnikow\/"},"modified":"2025-10-03T18:00:14","modified_gmt":"2025-10-03T22:00:14","slug":"hamas-zgadza-sie-na-czesc-planu-trumpa-dotyczacego-gazy-w-tym-na-uwolnienie-izraelskich-zakladnikow","status":"publish","type":"post","link":"https:\/\/radiopoloniawinnipeg.com\/index.php\/2025\/10\/03\/hamas-zgadza-sie-na-czesc-planu-trumpa-dotyczacego-gazy-w-tym-na-uwolnienie-izraelskich-zakladnikow\/","title":{"rendered":"Hamas zgadza si\u0119 na cz\u0119\u015b\u0107 planu Trumpa dotycz\u0105cego Gazy, w tym na uwolnienie izraelskich zak\u0142adnik\u00f3w"},"content":{"rendered":"<p><strong>Hamas zgodzi\u0142 si\u0119 na wypuszczenie izraelskich zak\u0142adnik\u00f3w \u2014 poinformowa\u0142a agencja Reuters. R\u00f3wnocze\u015bnie da\u0142 sygna\u0142, \u017ce jest sk\u0142onny przyst\u0105pi\u0107 do rozm\u00f3w. Wcze\u015bniej termin i warunki w tej sprawie postawi\u0142 Donald Trump.<\/strong><\/p>\n<p>W pi\u0105tek 3 pa\u017adziernika Hamas og\u0142osi\u0142, \u017ce przystaje na uwolnienie wszystkich izraelskich zak\u0142adnik\u00f3w \u2014 poda\u0142a Reuters. Organizacja zadeklarowa\u0142a te\u017c gotowo\u015b\u0107 do natychmiastowego rozpocz\u0119cia negocjacji, kt\u00f3re mia\u0142yby dopracowa\u0107 szczeg\u00f3\u0142y porozumienia. Przypomnijmy, \u017ce zwolnienie zak\u0142adnik\u00f3w jest jednym z punkt\u00f3w 20-punktowego planu Donalda Trumpa na zako\u0144czenie dzia\u0142a\u0144 wojennych w Strefie Gazy; wcze\u015bniej plan ten zaakceptowa\u0142 tak\u017ce premier Izraela Benjamin Netanjahu.<\/p>\n<p>Donald Trump w pi\u0105tek da\u0142 Hamasowi \u201eostatni\u0105 szans\u0119\u201d na podpisanie porozumienia pokojowego. \u201eTa umowa ratuje r\u00f3wnie\u017c \u017cycie wszystkich pozosta\u0142ych bojownik\u00f3w Hamasu\u201d \u2014 podkre\u015bli\u0142 prezydent USA, wzywaj\u0105c jednocze\u015bnie do uwolnienia wszystkich zak\u0142adnik\u00f3w i wydania cia\u0142 zabitych. \u201ePorozumienie z Hamasem musi zosta\u0107 osi\u0105gni\u0119te do niedzieli wieczorem, do godziny 18 czasu waszyngto\u0144skiego. Je\u015bli ta umowa ostatniej szansy nie zostanie zawarta, przeciwko Hamasowi spadnie piek\u0142o, jakiego nikt dot\u0105d nie widzia\u0142. Na Bliskim Wschodzie zapanuje pok\u00f3j, tak czy inaczej\u201d \u2014 napisa\u0142 Trump.<\/p>\n<p>W poniedzia\u0142ek 29 wrze\u015bnia Trump zapowiedzia\u0142, \u017ce w razie odmowy ze strony Hamasu Stany Zjednoczone udziel\u0105 Izraelowi \u201epe\u0142nego wsparcia\u201d w jego dzia\u0142aniach. \u2014 \u201eJe\u015bli Hamas odrzuci porozumienie, co zawsze jest mo\u017cliwe&#8230; Bibi, b\u0119dziesz mia\u0142 nasze pe\u0142ne poparcie, je\u015bli zechcesz zrobi\u0107 to, co musisz. Wszyscy rozumiej\u0105, \u017ce ostatecznym celem musi by\u0107 wyeliminowanie wszelkiego zagro\u017cenia w regionie, a to zagro\u017cenie stanowi Hamas. Tyrania terroru musi si\u0119 sko\u0144czy\u0107\u201d \u2014 m\u00f3wi\u0142 prezydent USA.<\/p>\n","protected":false},"excerpt":{"rendered":"<p>Hamas zgodzi\u0142 si\u0119 na wypuszczenie izraelskich zak\u0142adnik\u00f3w \u2014 poinformowa\u0142a agencja Reuters. R\u00f3wnocze\u015bnie da\u0142 sygna\u0142, \u017ce jest sk\u0142onny przyst\u0105pi\u0107 do rozm\u00f3w. Wcze\u015bniej termin i warunki w&hellip;<\/p>\n","protected":false},"author":3,"featured_media":4255,"comment_status":"open","ping_status":"open","sticky":false,"template":"","format":"standard","meta":{"footnotes":""},"categories":[15,18],"tags":[],"class_list":["post-4254","post","type-post","status-publish","format-standard","has-post-thumbnail","hentry","category-swiat","category-top-news"],"_links":{"self":[{"href":"https:\/\/radiopoloniawinnipeg.com\/index.php\/wp-json\/wp\/v2\/posts\/4254","targetHints":{"allow":["GET"]}}],"collection":[{"href":"https:\/\/radiopoloniawinnipeg.com\/index.php\/wp-json\/wp\/v2\/posts"}],"about":[{"href":"https:\/\/radiopoloniawinnipeg.com\/index.php\/wp-json\/wp\/v2\/types\/post"}],"author":[{"embeddable":true,"href":"https:\/\/radiopoloniawinnipeg.com\/index.php\/wp-json\/wp\/v2\/users\/3"}],"replies":[{"embeddable":true,"href":"https:\/\/radiopoloniawinnipeg.com\/index.php\/wp-json\/wp\/v2\/comments?post=4254"}],"version-history":[{"count":0,"href":"https:\/\/radiopoloniawinnipeg.com\/index.php\/wp-json\/wp\/v2\/posts\/4254\/revisions"}],"wp:featuredmedia":[{"embeddable":true,"href":"https:\/\/radiopoloniawinnipeg.com\/index.php\/wp-json\/wp\/v2\/media\/4255"}],"wp:attachment":[{"href":"https:\/\/radiopoloniawinnipeg.com\/index.php\/wp-json\/wp\/v2\/media?parent=4254"}],"wp:term":[{"taxonomy":"category","embeddable":true,"href":"https:\/\/radiopoloniawinnipeg.com\/index.php\/wp-json\/wp\/v2\/categories?post=4254"},{"taxonomy":"post_tag","embeddable":true,"href":"https:\/\/radiopoloniawinnipeg.com\/index.php\/wp-json\/wp\/v2\/tags?post=4254"}],"curies":[{"name":"wp","href":"https:\/\/api.w.org\/{rel}","templated":true}]}}