{"id":4272,"date":"2025-10-04T16:15:07","date_gmt":"2025-10-04T20:15:07","guid":{"rendered":"https:\/\/radiopoloniawinnipeg.com\/index.php\/2025\/10\/04\/spotkanie-holowni-w-onz\/"},"modified":"2025-10-04T16:15:07","modified_gmt":"2025-10-04T20:15:07","slug":"spotkanie-holowni-w-onz","status":"publish","type":"post","link":"https:\/\/radiopoloniawinnipeg.com\/index.php\/2025\/10\/04\/spotkanie-holowni-w-onz\/","title":{"rendered":"Spotkanie Ho\u0142owni w ONZ"},"content":{"rendered":"<div id=\"attachment_224932\" style=\"width: 646px\" class=\"wp-caption aligncenter\"><img decoding=\"async\" loading=\"lazy\" aria-describedby=\"caption-attachment-224932\" class=\"size-custom-full-size wp-image-224932\" src=\"https:\/\/bejsment.com\/wp-content\/uploads\/2025\/10\/aaholownia3-636x424.jpg\" alt=\"\" width=\"636\" height=\"424\" \/><\/p>\n<p id=\"caption-attachment-224932\" class=\"wp-caption-text\">Annalena Baerbock i Szymon Ho\u0142ownia<\/p>\n<\/div>\n<p><strong>Marsza\u0142ek Sejmu Szymon Ho\u0142ownia podczas wizyty w USA odby\u0142 spotkanie z przewodnicz\u0105c\u0105 Zgromadzenia Og\u00f3lnego ONZ, Annalen\u0105 Baerbock. Rozmowa dotyczy\u0142a m.in. kwestii bezpiecze\u0144stwa mi\u0119dzynarodowego oraz reformy Organizacji Narod\u00f3w Zjednoczonych.<\/strong><\/p>\n<p>Kancelaria Sejmu poinformowa\u0142a, \u017ce oboje politycy zgodzili si\u0119, i\u017c obecny kryzys wsp\u00f3\u0142pracy multilateralnej mo\u017ce sta\u0107 si\u0119 impulsem do gruntownej reformy ONZ, w tym wi\u0119kszego zaanga\u017cowania parlament\u00f3w narodowych w prace organizacji.<\/p>\n<p>Jeszcze w sobot\u0119, po posiedzeniu Rady Krajowej Polski 2050, Ho\u0142ownia og\u0142osi\u0142, \u017ce nie zamierza ubiega\u0107 si\u0119 o funkcj\u0119 wicepremiera w rz\u0105dzie Donalda Tuska ani startowa\u0107 w styczniowych wyborach na przewodnicz\u0105cego partii.<\/p>\n<p>W poniedzia\u0142ek ujawni\u0142 jednak, \u017ce z\u0142o\u017cy\u0142 aplikacj\u0119 w konkursie na stanowisko Wysokiego Komisarza ONZ ds. Uchod\u017ac\u00f3w, og\u0142oszonym przez sekretarza generalnego Antonio Guterresa. Funkcj\u0119 t\u0119 od 2016 roku pe\u0142ni w\u0142oski dyplomata Filippo Grandi. Ho\u0142ownia ma wkr\u00f3tce spotka\u0107 si\u0119 z Guterresem w Nowym Jorku.<\/p>\n<p>Wed\u0142ug doniesie\u0144 \u201eGazety Wyborczej\u201d, Ho\u0142ownia swoje mi\u0119dzynarodowe ambicje zdradzi\u0142 premierowi i ministrowi spraw zagranicznych ju\u017c latem. Donald Tusk i Rados\u0142aw Sikorski mieli przedstawi\u0107 mu list\u0119 mo\u017cliwych kierunk\u00f3w, a marsza\u0142ek zdecydowa\u0142 si\u0119 na ONZ.<\/p>\n<p>Od listopada, zgodnie z umow\u0105 koalicyjn\u0105, Ho\u0142ownia zako\u0144czy swoj\u0105 misj\u0119 jako marsza\u0142ek Sejmu. Na stanowisku zast\u0105pi go W\u0142odzimierz Czarzasty z Lewicy.<\/p>\n<p style=\"text-align: right\"><em>Na podst. i.Pl<\/em><\/p>\n","protected":false},"excerpt":{"rendered":"<p>Annalena Baerbock i Szymon Ho\u0142ownia Marsza\u0142ek Sejmu Szymon Ho\u0142ownia podczas wizyty w USA odby\u0142 spotkanie z przewodnicz\u0105c\u0105 Zgromadzenia Og\u00f3lnego ONZ, Annalen\u0105 Baerbock. Rozmowa dotyczy\u0142a m.in.&hellip;<\/p>\n","protected":false},"author":3,"featured_media":4273,"comment_status":"open","ping_status":"open","sticky":false,"template":"","format":"standard","meta":{"footnotes":""},"categories":[15,18],"tags":[],"class_list":["post-4272","post","type-post","status-publish","format-standard","has-post-thumbnail","hentry","category-swiat","category-top-news"],"_links":{"self":[{"href":"https:\/\/radiopoloniawinnipeg.com\/index.php\/wp-json\/wp\/v2\/posts\/4272","targetHints":{"allow":["GET"]}}],"collection":[{"href":"https:\/\/radiopoloniawinnipeg.com\/index.php\/wp-json\/wp\/v2\/posts"}],"about":[{"href":"https:\/\/radiopoloniawinnipeg.com\/index.php\/wp-json\/wp\/v2\/types\/post"}],"author":[{"embeddable":true,"href":"https:\/\/radiopoloniawinnipeg.com\/index.php\/wp-json\/wp\/v2\/users\/3"}],"replies":[{"embeddable":true,"href":"https:\/\/radiopoloniawinnipeg.com\/index.php\/wp-json\/wp\/v2\/comments?post=4272"}],"version-history":[{"count":0,"href":"https:\/\/radiopoloniawinnipeg.com\/index.php\/wp-json\/wp\/v2\/posts\/4272\/revisions"}],"wp:featuredmedia":[{"embeddable":true,"href":"https:\/\/radiopoloniawinnipeg.com\/index.php\/wp-json\/wp\/v2\/media\/4273"}],"wp:attachment":[{"href":"https:\/\/radiopoloniawinnipeg.com\/index.php\/wp-json\/wp\/v2\/media?parent=4272"}],"wp:term":[{"taxonomy":"category","embeddable":true,"href":"https:\/\/radiopoloniawinnipeg.com\/index.php\/wp-json\/wp\/v2\/categories?post=4272"},{"taxonomy":"post_tag","embeddable":true,"href":"https:\/\/radiopoloniawinnipeg.com\/index.php\/wp-json\/wp\/v2\/tags?post=4272"}],"curies":[{"name":"wp","href":"https:\/\/api.w.org\/{rel}","templated":true}]}}