{"id":4282,"date":"2025-10-05T08:30:07","date_gmt":"2025-10-05T12:30:07","guid":{"rendered":"https:\/\/radiopoloniawinnipeg.com\/index.php\/2025\/10\/05\/polka-zatrzymana-przez-izraelskie-sluzby-podjela-strajk-glodowy\/"},"modified":"2025-10-05T08:30:07","modified_gmt":"2025-10-05T12:30:07","slug":"polka-zatrzymana-przez-izraelskie-sluzby-podjela-strajk-glodowy","status":"publish","type":"post","link":"https:\/\/radiopoloniawinnipeg.com\/index.php\/2025\/10\/05\/polka-zatrzymana-przez-izraelskie-sluzby-podjela-strajk-glodowy\/","title":{"rendered":"Polka zatrzymana przez izraelskie s\u0142u\u017cby podj\u0119\u0142a strajk g\u0142odowy"},"content":{"rendered":"<div id=\"attachment_224968\" style=\"width: 646px\" class=\"wp-caption aligncenter\"><img decoding=\"async\" loading=\"lazy\" aria-describedby=\"caption-attachment-224968\" class=\"size-custom-full-size wp-image-224968\" src=\"https:\/\/bejsment.com\/wp-content\/uploads\/2025\/10\/aasumud-636x424.jpg\" alt=\"\" width=\"636\" height=\"424\" \/><\/p>\n<p id=\"caption-attachment-224968\" class=\"wp-caption-text\">Propalesty\u0144ska manifestacja w Rzymie<\/p>\n<\/div>\n<p><strong>Zatrzymani przez izraelsk\u0105 marynark\u0119 wojen\u00adn\u0105 uczestnicy flotylli humanitarnej Sumud, w tym czworo obywateli Polski, przebywaj\u0105 obecnie w izraelskim zak\u0142adzie karnym. Jak poinformowa\u0142a organizacja Globalna Flotylla Sumud, jedna z polskich aktywistek rozpocz\u0119\u0142a strajk g\u0142odowy w prote\u015bcie przeciwko zatrzymaniu i dzia\u0142aniom w\u0142adz Izraela.<\/strong><\/p>\n<p>Wed\u0142ug relacji organizator\u00f3w, izraelska marynarka przechwyci\u0142a wszystkie 42 statki z pomoc\u0105 humanitarn\u0105 i wolontariuszami, kt\u00f3re zmierza\u0142y do Strefy Gazy. Aresztowanych zosta\u0142o oko\u0142o 450 os\u00f3b z ponad 40 kraj\u00f3w. W\u015br\u00f3d zatrzymanych znale\u017ali si\u0119 Polacy: pose\u0142 Koalicji Obywatelskiej Franciszek Sterczewski, prezes Stowarzyszenia Spo\u0142eczno-Kulturalnego Palesty\u0144czyk\u00f3w Polskich Omar Faris, szefowa Stowarzyszenia Nomada Nina Ptak oraz dziennikarka i aktywistka Ewa Jasiewicz.<\/p>\n<h3><strong>Polskie MSZ: s\u0105 bezpieczni, ale odm\u00f3wili deportacji<\/strong><\/h3>\n<p>Polskie Ministerstwo Spraw Zagranicznych potwierdzi\u0142o, \u017ce konsul RP w Izraelu spotka\u0142 si\u0119 z zatrzymanymi.<br \/>\n\u201eNasi obywatele s\u0105 bezpieczni, zdrowi, maj\u0105 mo\u017cliwo\u015b\u0107 konsultacji prawnej i lekarskiej\u201d \u2013 poinformowa\u0142 resort w pi\u0105tkowym komunikacie.<\/p>\n<p>Jak dodano, stronie polskiej zaproponowano przy\u015bpieszon\u0105 procedur\u0119 deportacji i powrotu do kraju, lecz wszyscy Polacy odm\u00f3wili podpisania deklaracji o dobrowolnym poddaniu si\u0119 deportacji. Oznacza to, \u017ce pozostan\u0105 w areszcie do czasu rozprawy przed izraelskim s\u0105dem.<\/p>\n<p>Ambasador Izraela zapewni\u0142 polski MSZ, \u017ce w\u0142adze izraelskie \u201ezale\u017cy na jak najszybszej deportacji wszystkich zatrzymanych\u201d, jednak proces wymaga zgody samych zainteresowanych.<\/p>\n<h3><strong>G\u0142od\u00f3wka w wi\u0119zieniu Ktzi\u2019ot<\/strong><\/h3>\n<p>Wed\u0142ug organizacji Global Movement to Gaza Poland, polscy aktywi\u015bci zostali osadzeni w wi\u0119zieniu Ktzi\u2019ot na pustyni Negew \u2014 jednym z najbardziej strze\u017conych o\u015brodk\u00f3w w Izraelu, od lat krytykowanym przez organizacje praw cz\u0142owieka.<br \/>\nTo w\u0142a\u015bnie tam, jak podaje organizacja, Nina Ptak rozpocz\u0119\u0142a strajk g\u0142odowy, protestuj\u0105c \u201eprzeciwko nielegalnemu porwaniu oraz ludob\u00f3jczej polityce izraelskiego re\u017cimu\u201d.<\/p>\n<p>\u201eCa\u0142a czw\u00f3rka odm\u00f3wi\u0142a podpisania dokument\u00f3w deportacyjnych przedstawionych im przez w\u0142adze Izraela i czeka na post\u0119powanie przed s\u0105dem, s\u0105 pod opiek\u0105 polskiego konsula\u201d \u2013 poinformowa\u0142a organizacja, cytowana przez Super Express.<\/p>\n<p>Flotylla Sumud mia\u0142a dostarczy\u0107 pomoc humanitarn\u0105 do Strefy Gazy, gdzie \u2014 jak twierdz\u0105 aktywi\u015bci \u2014 cywile wci\u0105\u017c cierpi\u0105 z powodu blokady, niedobor\u00f3w \u017cywno\u015bci i infrastruktury zniszczonej w wyniku trwaj\u0105cego konfliktu.<\/p>\n","protected":false},"excerpt":{"rendered":"<p>Propalesty\u0144ska manifestacja w Rzymie Zatrzymani przez izraelsk\u0105 marynark\u0119 wojen\u00adn\u0105 uczestnicy flotylli humanitarnej Sumud, w tym czworo obywateli Polski, przebywaj\u0105 obecnie w izraelskim zak\u0142adzie karnym. Jak&hellip;<\/p>\n","protected":false},"author":3,"featured_media":4283,"comment_status":"open","ping_status":"open","sticky":false,"template":"","format":"standard","meta":{"footnotes":""},"categories":[15,18],"tags":[],"class_list":["post-4282","post","type-post","status-publish","format-standard","has-post-thumbnail","hentry","category-swiat","category-top-news"],"_links":{"self":[{"href":"https:\/\/radiopoloniawinnipeg.com\/index.php\/wp-json\/wp\/v2\/posts\/4282","targetHints":{"allow":["GET"]}}],"collection":[{"href":"https:\/\/radiopoloniawinnipeg.com\/index.php\/wp-json\/wp\/v2\/posts"}],"about":[{"href":"https:\/\/radiopoloniawinnipeg.com\/index.php\/wp-json\/wp\/v2\/types\/post"}],"author":[{"embeddable":true,"href":"https:\/\/radiopoloniawinnipeg.com\/index.php\/wp-json\/wp\/v2\/users\/3"}],"replies":[{"embeddable":true,"href":"https:\/\/radiopoloniawinnipeg.com\/index.php\/wp-json\/wp\/v2\/comments?post=4282"}],"version-history":[{"count":0,"href":"https:\/\/radiopoloniawinnipeg.com\/index.php\/wp-json\/wp\/v2\/posts\/4282\/revisions"}],"wp:featuredmedia":[{"embeddable":true,"href":"https:\/\/radiopoloniawinnipeg.com\/index.php\/wp-json\/wp\/v2\/media\/4283"}],"wp:attachment":[{"href":"https:\/\/radiopoloniawinnipeg.com\/index.php\/wp-json\/wp\/v2\/media?parent=4282"}],"wp:term":[{"taxonomy":"category","embeddable":true,"href":"https:\/\/radiopoloniawinnipeg.com\/index.php\/wp-json\/wp\/v2\/categories?post=4282"},{"taxonomy":"post_tag","embeddable":true,"href":"https:\/\/radiopoloniawinnipeg.com\/index.php\/wp-json\/wp\/v2\/tags?post=4282"}],"curies":[{"name":"wp","href":"https:\/\/api.w.org\/{rel}","templated":true}]}}