{"id":4288,"date":"2025-10-05T12:15:06","date_gmt":"2025-10-05T16:15:06","guid":{"rendered":"https:\/\/radiopoloniawinnipeg.com\/index.php\/2025\/10\/05\/rosyjski-atak-na-pociag-z-wloskimi-aktywistami-polska-poderwala-mysliwce\/"},"modified":"2025-10-05T12:15:06","modified_gmt":"2025-10-05T16:15:06","slug":"rosyjski-atak-na-pociag-z-wloskimi-aktywistami-polska-poderwala-mysliwce","status":"publish","type":"post","link":"https:\/\/radiopoloniawinnipeg.com\/index.php\/2025\/10\/05\/rosyjski-atak-na-pociag-z-wloskimi-aktywistami-polska-poderwala-mysliwce\/","title":{"rendered":"Rosyjski atak na poci\u0105g z w\u0142oskimi aktywistami. Polska poderwa\u0142a my\u015bliwce"},"content":{"rendered":"<div id=\"attachment_224991\" style=\"width: 646px\" class=\"wp-caption aligncenter\"><img decoding=\"async\" loading=\"lazy\" aria-describedby=\"caption-attachment-224991\" class=\"size-custom-full-size wp-image-224991\" src=\"https:\/\/bejsment.com\/wp-content\/uploads\/2025\/10\/aapociag-636x477.jpg\" alt=\"\" width=\"636\" height=\"477\" \/><\/p>\n<p id=\"caption-attachment-224991\" class=\"wp-caption-text\">Poci\u0105g \u201eKyiv Express&#8221; z Kijowa do Warszawy na stacji Warszawa Wschodnia<\/p>\n<\/div>\n<p><strong>Minionej nocy rosyjskie rakiety i drony ponownie uderzy\u0142y w ukrai\u0144skie miasta. Jednym z cel\u00f3w ataku sta\u0142 si\u0119 poci\u0105g, kt\u00f3rym z Charkowa wraca\u0142a grupa w\u0142oskich aktywist\u00f3w pokojowych. Jak informuje w\u0142oska agencja SIR, w sk\u0142adzie znajdowali si\u0119 uczestnicy dziesi\u0105tej misji Europejskiego Ruchu Akcji Niestosowania Przemocy (MEAN).<\/strong><\/p>\n<h3><strong>Noc grozy pod \u017bytomierzem<\/strong><\/h3>\n<p>Aktywi\u015bci powracali z Charkowa w kierunku granicy z Polsk\u0105. Po oko\u0142o trzech godzinach podr\u00f3\u017cy z Kijowa, w rejonie \u017bytomierza, rozpocz\u0119\u0142y si\u0119 intensywne bombardowania. W\u015br\u00f3d pasa\u017cer\u00f3w znajdowa\u0142a si\u0119 tak\u017ce dziennikarka agencji SIR, kt\u00f3ra relacjonowa\u0142a dramatyczne wydarzenia.<\/p>\n<p>Wed\u0142ug jej relacji, r\u00f3wnie\u017c w okolicach Lwowa dosz\u0142o do silnych eksplozji w pobli\u017cu tor\u00f3w i s\u0142ycha\u0107 by\u0142o huk artylerii. Mimo to poci\u0105g nie zosta\u0142 trafiony i kontynuowa\u0142 podr\u00f3\u017c w stron\u0119 granicy z Polsk\u0105.<\/p>\n<p>Agencja ANSA, powo\u0142uj\u0105c si\u0119 na ambasad\u0119 W\u0142och w Kijowie, poinformowa\u0142a, \u017ce wszyscy uczestnicy misji s\u0105 cali i zdrowi oraz dotarli ju\u017c do Polski.<\/p>\n<h3><strong>500 dron\u00f3w, 50 rakiet i \u015bmiertelne ofiary<\/strong><\/h3>\n<p>Wed\u0142ug prezydenta Ukrainy Wo\u0142odymyra Ze\u0142enskiego, Rosja tej nocy u\u017cy\u0142a oko\u0142o 500 dron\u00f3w i ponad 50 rakiet. W wyniku atak\u00f3w zgin\u0119\u0142o co najmniej pi\u0119\u0107 os\u00f3b, a ponad dziesi\u0119\u0107 zosta\u0142o rannych.<\/p>\n<p><img decoding=\"async\" loading=\"lazy\" class=\"aligncenter size-custom-full-size wp-image-224990\" src=\"https:\/\/bejsment.com\/wp-content\/uploads\/2025\/10\/aaatak-636x477.jpg\" alt=\"\" width=\"636\" height=\"477\" \/><\/p>\n<p>\u2013 Rosja ostrzela\u0142a dziewi\u0119\u0107 obwod\u00f3w, w tym lwowski, charkowski, zaporoski i odeski. Ukraina potrzebuje wi\u0119kszej ochrony i szybszego wdra\u017cania porozumie\u0144 obronnych, zw\u0142aszcza w zakresie obrony powietrznej \u2013 podkre\u015bli\u0142 Ze\u0142enski w wieczornym przem\u00f3wieniu.<\/p>\n<p>Prezydent doda\u0142, \u017ce \u201ejednostronne zawieszenie broni w powietrzu\u201d mog\u0142oby sta\u0107 si\u0119 pierwszym krokiem ku realnym negocjacjom pokojowym. \u2013 Ameryka i Europa musz\u0105 dzia\u0142a\u0107, aby powstrzyma\u0107 Putina \u2013 apelowa\u0142.<\/p>\n<h3><strong>Polska poderwa\u0142a my\u015bliwce<\/strong><\/h3>\n<p>W odpowiedzi na rosyjski atak Dow\u00f3dztwo Operacyjne Rodzaj\u00f3w Si\u0142 Zbrojnych RP poderwa\u0142o polskie i sojusznicze samoloty bojowe. Jak podano w komunikacie na platformie X, dzia\u0142ania mia\u0142y charakter prewencyjny i mia\u0142y na celu zabezpieczenie polskiej przestrzeni powietrznej oraz ochron\u0119 ludno\u015bci cywilnej w rejonach przygranicznych.<\/p>\n<p>Polskie wojsko podzi\u0119kowa\u0142o za wsparcie NATO, w tym Dow\u00f3dztwu Sojuszniczych Si\u0142 Powietrznych (NATO AIRCOM) oraz Kr\u00f3lewskim Holenderskim Si\u0142om Powietrznym, kt\u00f3rych my\u015bliwce F-35 pomaga\u0142y tej nocy chroni\u0107 polskie niebo.<\/p>\n<p>\u2013 Uruchomione naziemne systemy obrony powietrznej i rozpoznania radiolokacyjnego powr\u00f3ci\u0142y do standardowej dzia\u0142alno\u015bci operacyjnej. Nie odnotowano naruszenia przestrzeni powietrznej RP \u2013 poinformowa\u0142o Dow\u00f3dztwo Operacyjne.<\/p>\n","protected":false},"excerpt":{"rendered":"<p>Poci\u0105g \u201eKyiv Express&#8221; z Kijowa do Warszawy na stacji Warszawa Wschodnia Minionej nocy rosyjskie rakiety i drony ponownie uderzy\u0142y w ukrai\u0144skie miasta. Jednym z cel\u00f3w&hellip;<\/p>\n","protected":false},"author":3,"featured_media":4289,"comment_status":"open","ping_status":"open","sticky":false,"template":"","format":"standard","meta":{"footnotes":""},"categories":[15,18],"tags":[],"class_list":["post-4288","post","type-post","status-publish","format-standard","has-post-thumbnail","hentry","category-swiat","category-top-news"],"_links":{"self":[{"href":"https:\/\/radiopoloniawinnipeg.com\/index.php\/wp-json\/wp\/v2\/posts\/4288","targetHints":{"allow":["GET"]}}],"collection":[{"href":"https:\/\/radiopoloniawinnipeg.com\/index.php\/wp-json\/wp\/v2\/posts"}],"about":[{"href":"https:\/\/radiopoloniawinnipeg.com\/index.php\/wp-json\/wp\/v2\/types\/post"}],"author":[{"embeddable":true,"href":"https:\/\/radiopoloniawinnipeg.com\/index.php\/wp-json\/wp\/v2\/users\/3"}],"replies":[{"embeddable":true,"href":"https:\/\/radiopoloniawinnipeg.com\/index.php\/wp-json\/wp\/v2\/comments?post=4288"}],"version-history":[{"count":0,"href":"https:\/\/radiopoloniawinnipeg.com\/index.php\/wp-json\/wp\/v2\/posts\/4288\/revisions"}],"wp:featuredmedia":[{"embeddable":true,"href":"https:\/\/radiopoloniawinnipeg.com\/index.php\/wp-json\/wp\/v2\/media\/4289"}],"wp:attachment":[{"href":"https:\/\/radiopoloniawinnipeg.com\/index.php\/wp-json\/wp\/v2\/media?parent=4288"}],"wp:term":[{"taxonomy":"category","embeddable":true,"href":"https:\/\/radiopoloniawinnipeg.com\/index.php\/wp-json\/wp\/v2\/categories?post=4288"},{"taxonomy":"post_tag","embeddable":true,"href":"https:\/\/radiopoloniawinnipeg.com\/index.php\/wp-json\/wp\/v2\/tags?post=4288"}],"curies":[{"name":"wp","href":"https:\/\/api.w.org\/{rel}","templated":true}]}}