{"id":4292,"date":"2025-10-05T16:15:08","date_gmt":"2025-10-05T20:15:08","guid":{"rendered":"https:\/\/radiopoloniawinnipeg.com\/index.php\/2025\/10\/05\/szokujace-doniesienia-ws-grety-thunberg\/"},"modified":"2025-10-05T16:15:08","modified_gmt":"2025-10-05T20:15:08","slug":"szokujace-doniesienia-ws-grety-thunberg","status":"publish","type":"post","link":"https:\/\/radiopoloniawinnipeg.com\/index.php\/2025\/10\/05\/szokujace-doniesienia-ws-grety-thunberg\/","title":{"rendered":"Szokuj\u0105ce doniesienia ws. Grety Thunberg"},"content":{"rendered":"<div id=\"attachment_225012\" style=\"width: 646px\" class=\"wp-caption aligncenter\"><img decoding=\"async\" loading=\"lazy\" aria-describedby=\"caption-attachment-225012\" class=\"size-custom-full-size wp-image-225012\" src=\"https:\/\/bejsment.com\/wp-content\/uploads\/2025\/10\/aagreta2-636x358.jpg\" alt=\"\" width=\"636\" height=\"358\" \/><\/p>\n<p id=\"caption-attachment-225012\" class=\"wp-caption-text\">Greta w izraelskim wi\u0119zieniu.<\/p>\n<\/div>\n<p><strong>Organizacja Adalah, monitoruj\u0105ca przestrzeganie praw cz\u0142owieka, potwierdza, \u017ce zatrzymani wci\u0105\u017c maj\u0105 ograniczony dost\u0119p do wody, lek\u00f3w i \u015brodk\u00f3w sanitarnych, a w wielu przypadkach odm\u00f3wiono im kontaktu z obro\u0144cami. Jak podkre\u015blono, takie dzia\u0142ania \u201estanowi\u0105 ra\u017c\u0105ce naruszenie prawa do rzetelnego procesu i niezale\u017cnego \u015bledztwa\u201d.<\/strong><\/p>\n<p>Greta Thunberg by\u0142a jedn\u0105 z ok. 450 os\u00f3b z ponad 40 kraj\u00f3w, kt\u00f3re uczestniczy\u0142y w rejsie flotylli Sumud, wioz\u0105cej pomoc humanitarn\u0105 do obl\u0119\u017conej Strefy Gazy.<\/p>\n<p>\u201eGuardian&#8221; dotar\u0142 do\u00a0korespondencji mi\u0119dzy szwedzkim MSZ a\u00a0rodzin\u0105 Thunberg, z\u00a0kt\u00f3rej wynika, \u017ce\u00a0m\u0142oda aktywistka skar\u017cy si\u0119 na\u00a0z\u0142e traktowanie przez izraelskie pa\u0144stwo. Thunberg m\u00f3wi o\u00a0celi pe\u0142nej pluskiew, ograniczeniu dost\u0119pu do\u00a0wody i\u00a0jedzenia.<\/p>\n<p>Z relacji \u015bwiadk\u00f3w \u2013\u00a0pozosta\u0142ych zatrzymanych os\u00f3b \u2013\u00a0wynika, \u017ce\u00a0izraelscy \u017co\u0142nierze maltretowali i\u00a0poni\u017cali aktywistk\u0119. Thunberg mia\u0142a by\u0107 ci\u0105gni\u0119ta za\u00a0w\u0142osy i\u00a0bita. Wojskowi zmuszali dziewczyn\u0119 m.in. do\u00a0ca\u0142owania izraelskiej flagi. Robili te\u017c jej zdj\u0119cia oraz\u00a0kazali pozowa\u0107 z\u00a0r\u00f3\u017cnymi flagami.<\/p>\n<h3><strong>Raport ONZ: dzia\u0142ania Izraela spe\u0142niaj\u0105 kryteria ludob\u00f3jstwa<\/strong><\/h3>\n<p>W po\u0142owie wrze\u015bnia komisja Rady Praw Cz\u0142owieka ONZ opublikowa\u0142a raport, w kt\u00f3rym stwierdzono, \u017ce dzia\u0142ania Izraela w Strefie Gazy spe\u0142niaj\u0105 cztery z pi\u0119ciu przes\u0142anek ludob\u00f3jstwa okre\u015blonych w Konwencji ONZ z 1948 r. o zapobieganiu i karaniu tej zbrodni.<\/p>\n<p>W 72-stronicowym dokumencie wskazano m.in. na umy\u015blne zabijanie ludno\u015bci cywilnej, wyrz\u0105dzanie powa\u017cnych obra\u017ce\u0144 fizycznych i psychicznych, stwarzanie warunk\u00f3w \u017cycia prowadz\u0105cych do fizycznego wyniszczenia grupy oraz stosowanie \u015brodk\u00f3w uniemo\u017cliwiaj\u0105cych urodzenia w jej obr\u0119bie.<\/p>\n<p>To pierwszy tak szczeg\u00f3\u0142owy i formalny raport ONZ, kt\u00f3ry wprost zarzuca Izraelowi dopuszczanie si\u0119 czyn\u00f3w o charakterze ludob\u00f3jczym. Dokument, jako zestaw ustale\u0144 faktycznych, mo\u017ce mie\u0107 powa\u017cne konsekwencje polityczne i prawne dla w\u0142adz w Jerozolimie.<\/p>\n","protected":false},"excerpt":{"rendered":"<p>Greta w izraelskim wi\u0119zieniu. Organizacja Adalah, monitoruj\u0105ca przestrzeganie praw cz\u0142owieka, potwierdza, \u017ce zatrzymani wci\u0105\u017c maj\u0105 ograniczony dost\u0119p do wody, lek\u00f3w i \u015brodk\u00f3w sanitarnych, a w&hellip;<\/p>\n","protected":false},"author":3,"featured_media":4293,"comment_status":"open","ping_status":"open","sticky":false,"template":"","format":"standard","meta":{"footnotes":""},"categories":[15,18],"tags":[],"class_list":["post-4292","post","type-post","status-publish","format-standard","has-post-thumbnail","hentry","category-swiat","category-top-news"],"_links":{"self":[{"href":"https:\/\/radiopoloniawinnipeg.com\/index.php\/wp-json\/wp\/v2\/posts\/4292","targetHints":{"allow":["GET"]}}],"collection":[{"href":"https:\/\/radiopoloniawinnipeg.com\/index.php\/wp-json\/wp\/v2\/posts"}],"about":[{"href":"https:\/\/radiopoloniawinnipeg.com\/index.php\/wp-json\/wp\/v2\/types\/post"}],"author":[{"embeddable":true,"href":"https:\/\/radiopoloniawinnipeg.com\/index.php\/wp-json\/wp\/v2\/users\/3"}],"replies":[{"embeddable":true,"href":"https:\/\/radiopoloniawinnipeg.com\/index.php\/wp-json\/wp\/v2\/comments?post=4292"}],"version-history":[{"count":0,"href":"https:\/\/radiopoloniawinnipeg.com\/index.php\/wp-json\/wp\/v2\/posts\/4292\/revisions"}],"wp:featuredmedia":[{"embeddable":true,"href":"https:\/\/radiopoloniawinnipeg.com\/index.php\/wp-json\/wp\/v2\/media\/4293"}],"wp:attachment":[{"href":"https:\/\/radiopoloniawinnipeg.com\/index.php\/wp-json\/wp\/v2\/media?parent=4292"}],"wp:term":[{"taxonomy":"category","embeddable":true,"href":"https:\/\/radiopoloniawinnipeg.com\/index.php\/wp-json\/wp\/v2\/categories?post=4292"},{"taxonomy":"post_tag","embeddable":true,"href":"https:\/\/radiopoloniawinnipeg.com\/index.php\/wp-json\/wp\/v2\/tags?post=4292"}],"curies":[{"name":"wp","href":"https:\/\/api.w.org\/{rel}","templated":true}]}}