{"id":4306,"date":"2025-10-06T12:30:06","date_gmt":"2025-10-06T16:30:06","guid":{"rendered":"https:\/\/radiopoloniawinnipeg.com\/index.php\/2025\/10\/06\/francja-bez-rzadu-premier-lecornu-zrezygnowal-po-26-dniach\/"},"modified":"2025-10-06T12:30:06","modified_gmt":"2025-10-06T16:30:06","slug":"francja-bez-rzadu-premier-lecornu-zrezygnowal-po-26-dniach","status":"publish","type":"post","link":"https:\/\/radiopoloniawinnipeg.com\/index.php\/2025\/10\/06\/francja-bez-rzadu-premier-lecornu-zrezygnowal-po-26-dniach\/","title":{"rendered":"Francja bez rz\u0105du. Premier Lecornu zrezygnowa\u0142 po 26 dniach"},"content":{"rendered":"<div id=\"attachment_225095\" style=\"width: 646px\" class=\"wp-caption aligncenter\"><img decoding=\"async\" loading=\"lazy\" aria-describedby=\"caption-attachment-225095\" class=\"size-custom-full-size wp-image-225095\" src=\"https:\/\/bejsment.com\/wp-content\/uploads\/2025\/10\/aalecornu-636x477.jpg\" alt=\"\" width=\"636\" height=\"477\" \/><\/p>\n<p id=\"caption-attachment-225095\" class=\"wp-caption-text\">Premier S\u00e9bastien Lecornu<\/p>\n<\/div>\n<p><strong>Francja zn\u00f3w bez rz\u0105du. Premier S\u00e9bastien Lecornu z\u0142o\u017cy\u0142 rezygnacj\u0119 zaledwie kilka godzin po og\u0142oszeniu sk\u0142adu swojego gabinetu, a zaledwie 26 dni po obj\u0119ciu stanowiska. To ju\u017c pi\u0105ty premier, kt\u00f3ry odchodzi w ci\u0105gu nieca\u0142ych dw\u00f3ch lat \u2013 sytuacja, jakiej w najnowszej historii V Republiki jeszcze nie by\u0142o.<\/strong><\/p>\n<p>Jak poinformowa\u0142 Pa\u0142ac Elizejski, Lecornu z\u0142o\u017cy\u0142 rezygnacj\u0119 po godzinnym spotkaniu z prezydentem Emmanuelem Macronem. Decyzja zapad\u0142a w poniedzia\u0142ek wieczorem i by\u0142a dla wielu polityk\u00f3w oraz komentator\u00f3w kompletnym zaskoczeniem \u2013 premier zaledwie kilka godzin wcze\u015bniej zaprezentowa\u0142 sk\u0142ad swojego rz\u0105du.<\/p>\n<p>Lecornu, dotychczasowy minister obrony, zosta\u0142 mianowany premierem 9 wrze\u015bnia, po tym jak w g\u0142osowaniu parlamentarnym upad\u0142 gabinet Fran\u00e7ois Bayrou. Jego misj\u0105 mia\u0142o by\u0107 uspokojenie sceny politycznej i wypracowanie kompromisu w sprawie bud\u017cetu na 2026 rok. Jednak ju\u017c po niespe\u0142na miesi\u0105cu okaza\u0142o si\u0119, \u017ce brak stabilnej wi\u0119kszo\u015bci w Zgromadzeniu Narodowym uniemo\u017cliwia mu jakiekolwiek dzia\u0142anie.<\/p>\n<h3><strong>Pi\u0105ty premier w dwa lata<\/strong><\/h3>\n<p>39-letni S\u00e9bastien Lecornu by\u0142 jednym z najbli\u017cszych wsp\u00f3\u0142pracownik\u00f3w Macrona \u2013 zasiada\u0142 we wszystkich jego rz\u0105dach od 2017 roku, a od 2022 pe\u0142ni\u0142 funkcj\u0119 ministra obrony. Politycy z otoczenia prezydenta widzieli w nim lojalnego technokrat\u0119, kt\u00f3ry mia\u0142 szans\u0119 odbudowa\u0107 zaufanie opinii publicznej po miesi\u0105cach chaosu.<\/p>\n<p>Jednak jego nominacja nie przynios\u0142a oczekiwanej stabilizacji. Francuska scena polityczna od miesi\u0119cy znajduje si\u0119 w stanie g\u0142\u0119bokiego impasu. Po wyborach z lipca 2024 roku parlament zosta\u0142 rozbity na trzy niemal r\u00f3wne bloki:<\/p>\n<ul>\n<li>Lewicowy sojusz komunist\u00f3w i socjalist\u00f3w,<\/li>\n<li>Centrowy blok prezydencki,<\/li>\n<li>Prawicowy Rassemblement National pod przyw\u00f3dztwem Marine Le Pen.<\/li>\n<\/ul>\n<p>\u017badne z ugrupowa\u0144 nie jest w stanie samodzielnie sformowa\u0107 rz\u0105du, a pr\u00f3by budowania koalicji ko\u0144cz\u0105 si\u0119 fiaskiem.<\/p>\n<h3><strong>Opozycja \u017c\u0105da wybor\u00f3w i ust\u0105pienia Macrona<\/strong><\/h3>\n<p>Po rezygnacji Lecornu opozycja domaga si\u0119 rozpisania przedterminowych wybor\u00f3w parlamentarnych, a cz\u0119\u015b\u0107 ugrupowa\u0144 \u2013 w tym prawica i skrajna lewica \u2013 wprost apeluje o dymisj\u0119 Emmanuela Macrona. Prezydent jednak zapowiedzia\u0142, \u017ce nie ust\u0105pi przed ko\u0144cem kadencji w 2027 roku, mimo narastaj\u0105cej presji politycznej i spo\u0142ecznej.<\/p>\n<div id=\"attachment_225093\" style=\"width: 646px\" class=\"wp-caption aligncenter\"><img decoding=\"async\" loading=\"lazy\" aria-describedby=\"caption-attachment-225093\" class=\"size-custom-full-size wp-image-225093\" src=\"https:\/\/bejsment.com\/wp-content\/uploads\/2025\/10\/aamacron-636x357.jpg\" alt=\"\" width=\"636\" height=\"357\" \/><\/p>\n<p id=\"caption-attachment-225093\" class=\"wp-caption-text\">Prezydent Emmanuel Macron<\/p>\n<\/div>\n<p>Macron znalaz\u0142 si\u0119 w najtrudniejszej sytuacji od pocz\u0105tku swoich rz\u0105d\u00f3w \u2013 oskar\u017cany o arogancj\u0119 i nieumiej\u0119tno\u015b\u0107 budowania wi\u0119kszo\u015bci, stoi teraz przed konieczno\u015bci\u0105 po raz sz\u00f3sty w ci\u0105gu dw\u00f3ch lat powo\u0142a\u0107 nowego premiera.<\/p>\n<p><strong>Francja w cieniu politycznego parali\u017cu<\/strong><\/p>\n<p>Kryzys trwa od pocz\u0105tku 2025 roku, kiedy 74-letni Fran\u00e7ois Bayrou obj\u0105\u0142 urz\u0105d premiera po dymisji Gabriela Attala. Jego rz\u0105d upad\u0142 po tym, jak parlament odrzuci\u0142 projekt bud\u017cetu, przewiduj\u0105cy ci\u0119cia wydatk\u00f3w o 44 miliardy euro. Lecornu mia\u0142 odwr\u00f3ci\u0107 t\u0119 tendencj\u0119 i przekona\u0107 deputowanych do kompromisu, ale polityczna mozaika Francji okaza\u0142a si\u0119 zbyt krucha.<\/p>\n<p>Francja wchodzi tym samym w kolejny etap niepewno\u015bci. Pa\u0144stwo, kt\u00f3re przez dekady uchodzi\u0142o za stabilne centrum europejskiej polityki, dzi\u015b zmaga si\u0119 z w\u0142asnym wewn\u0119trznym kryzysem demokracji parlamentarnej.<\/p>\n<p style=\"text-align: right\"><em>Na podst. AFP<\/em><\/p>\n","protected":false},"excerpt":{"rendered":"<p>Premier S\u00e9bastien Lecornu Francja zn\u00f3w bez rz\u0105du. Premier S\u00e9bastien Lecornu z\u0142o\u017cy\u0142 rezygnacj\u0119 zaledwie kilka godzin po og\u0142oszeniu sk\u0142adu swojego gabinetu, a zaledwie 26 dni po&hellip;<\/p>\n","protected":false},"author":3,"featured_media":4307,"comment_status":"open","ping_status":"open","sticky":false,"template":"","format":"standard","meta":{"footnotes":""},"categories":[15,18],"tags":[],"class_list":["post-4306","post","type-post","status-publish","format-standard","has-post-thumbnail","hentry","category-swiat","category-top-news"],"_links":{"self":[{"href":"https:\/\/radiopoloniawinnipeg.com\/index.php\/wp-json\/wp\/v2\/posts\/4306","targetHints":{"allow":["GET"]}}],"collection":[{"href":"https:\/\/radiopoloniawinnipeg.com\/index.php\/wp-json\/wp\/v2\/posts"}],"about":[{"href":"https:\/\/radiopoloniawinnipeg.com\/index.php\/wp-json\/wp\/v2\/types\/post"}],"author":[{"embeddable":true,"href":"https:\/\/radiopoloniawinnipeg.com\/index.php\/wp-json\/wp\/v2\/users\/3"}],"replies":[{"embeddable":true,"href":"https:\/\/radiopoloniawinnipeg.com\/index.php\/wp-json\/wp\/v2\/comments?post=4306"}],"version-history":[{"count":0,"href":"https:\/\/radiopoloniawinnipeg.com\/index.php\/wp-json\/wp\/v2\/posts\/4306\/revisions"}],"wp:featuredmedia":[{"embeddable":true,"href":"https:\/\/radiopoloniawinnipeg.com\/index.php\/wp-json\/wp\/v2\/media\/4307"}],"wp:attachment":[{"href":"https:\/\/radiopoloniawinnipeg.com\/index.php\/wp-json\/wp\/v2\/media?parent=4306"}],"wp:term":[{"taxonomy":"category","embeddable":true,"href":"https:\/\/radiopoloniawinnipeg.com\/index.php\/wp-json\/wp\/v2\/categories?post=4306"},{"taxonomy":"post_tag","embeddable":true,"href":"https:\/\/radiopoloniawinnipeg.com\/index.php\/wp-json\/wp\/v2\/tags?post=4306"}],"curies":[{"name":"wp","href":"https:\/\/api.w.org\/{rel}","templated":true}]}}