{"id":4312,"date":"2025-10-06T16:15:05","date_gmt":"2025-10-06T20:15:05","guid":{"rendered":"https:\/\/radiopoloniawinnipeg.com\/index.php\/2025\/10\/06\/setki-turystow-uwiezionych-na-mount-everest\/"},"modified":"2025-10-06T16:15:05","modified_gmt":"2025-10-06T20:15:05","slug":"setki-turystow-uwiezionych-na-mount-everest","status":"publish","type":"post","link":"https:\/\/radiopoloniawinnipeg.com\/index.php\/2025\/10\/06\/setki-turystow-uwiezionych-na-mount-everest\/","title":{"rendered":"Setki turyst\u00f3w uwi\u0119zionych na Mount Everest"},"content":{"rendered":"<p><img decoding=\"async\" loading=\"lazy\" class=\"aligncenter size-custom-full-size wp-image-225106\" src=\"https:\/\/bejsment.com\/wp-content\/uploads\/2025\/10\/aaewerest-636x358.jpg\" alt=\"\" width=\"636\" height=\"358\" \/><\/p>\n<p><strong>Dramatyczne sceny rozegra\u0142y si\u0119 po tybeta\u0144skiej stronie Mount Everest, gdzie pot\u0119\u017cna burza \u015bnie\u017cna odci\u0119\u0142a od \u015bwiata setki turyst\u00f3w. Wed\u0142ug chi\u0144skich medi\u00f3w pa\u0144stwowych, uratowano ju\u017c co najmniej 350 os\u00f3b, a z pozosta\u0142ymi ponad 200 uda\u0142o si\u0119 nawi\u0105za\u0107 kontakt. Akcja ratunkowa trwa nieprzerwanie od kilku dni.<\/strong><\/p>\n<p>Nag\u0142a burza \u015bnie\u017cna, kt\u00f3ra przetoczy\u0142a si\u0119 przez rejon w nocy z 3 na 4 pa\u017adziernika, uwi\u0119zi\u0142a setki os\u00f3b w g\u00f3rskich obozowiskach po\u0142o\u017conych na wysoko\u015bci oko\u0142o 4900 metr\u00f3w nad poziomem morza. Wiatr zrywa\u0142 namioty, a zaspy \u015bnie\u017cne zablokowa\u0142y drogi prowadz\u0105ce do ni\u017cszych dolin.<\/p>\n<p>Chi\u0144ska telewizja CCTV poinformowa\u0142a, \u017ce ratownikom uda\u0142o si\u0119 sprowadzi\u0107 do bezpiecze\u0144stwa cz\u0119\u015b\u0107 turyst\u00f3w, kt\u00f3rzy utkn\u0119li w dolinie Gama. Ewakuowani zostali przetransportowani do miejscowo\u015bci Qudang, a wed\u0142ug lokalnych w\u0142adz ich stan zdrowia jest dobry.<\/p>\n<p>Jak przekaza\u0142y w\u0142adze powiatu Tingri, nawi\u0105zano kontakt z kolejnymi 200 osobami, kt\u00f3re wci\u0105\u017c przebywaj\u0105 wysoko w g\u00f3rach. Maj\u0105 one by\u0107 stopniowo sprowadzane w d\u00f3\u0142 przez wyspecjalizowane zespo\u0142y ratownicze.<\/p>\n<h3><strong>Nieznana liczba poszkodowanych<\/strong><\/h3>\n<p>Wci\u0105\u017c nie ma pe\u0142nych danych o liczbie uwi\u0119zionych turyst\u00f3w. Wcze\u015bniejsze doniesienia sugerowa\u0142y, \u017ce w rejonie mog\u0142o znajdowa\u0107 si\u0119 nawet tysi\u0105c os\u00f3b. Ratownicy dzia\u0142aj\u0105 w ekstremalnych warunkach \u2013 widoczno\u015b\u0107 jest bardzo ograniczona, a oblodzone \u015bcie\u017cki znacznie utrudniaj\u0105 poruszanie si\u0119.<\/p>\n<p>Z powodu pogody zamkni\u0119to baz\u0119 pod Mount Everestem i dolin\u0119 Gama, dwie najcz\u0119\u015bciej odwiedzane atrakcje w regionie.<\/p>\n<p><strong>Burza w czasie \u201ez\u0142otego tygodnia\u201d<\/strong><\/p>\n<p>Katastrofa pogodowa nast\u0105pi\u0142a w wyj\u0105tkowo niefortunnym momencie \u2013 w trakcie tzw. z\u0142otego tygodnia, czyli o\u015bmiodniowego \u015bwi\u0119ta narodowego, kiedy miliony Chi\u0144czyk\u00f3w podr\u00f3\u017cuj\u0105 po kraju. To w\u0142a\u015bnie wzmo\u017cony ruch turystyczny sprawi\u0142, \u017ce w rejonie Mount Everest przebywa\u0142o tak wielu ludzi.<\/p>\n<h3><strong>Katastrofy pogodowe r\u00f3wnie\u017c w Nepalu i Indiach<\/strong><\/h3>\n<p>Burza \u015bnie\u017cna po tybeta\u0144skiej stronie Himalaj\u00f3w to nie jedyne dramatyczne wydarzenie w regionie. Po nepalskiej stronie granicy ulewne deszcze wywo\u0142a\u0142y lawiny b\u0142otne i powodzie b\u0142yskawiczne, w wyniku kt\u00f3rych \u2013 jak informuje Reuters \u2013 zgin\u0119\u0142o co najmniej 47 os\u00f3b.<\/p>\n<p>Nie lepiej jest w Indiach, gdzie \u201eHindustan Times\u201d donosi o blisko 20 ofiarach \u015bmiertelnych w g\u00f3rskim kurorcie Dard\u017cyling w stanie Bengal Zachodni. Tam r\u00f3wnie\u017c ulewy spowodowa\u0142y osuni\u0119cia ziemi i zniszczenia infrastruktury.<\/p>\n<p>Ratownicy w ca\u0142ym regionie Himalaj\u00f3w pracuj\u0105 bez przerwy, a w\u0142adze apeluj\u0105 do podr\u00f3\u017cnych, by w najbli\u017cszych dniach unika\u0107 g\u00f3rskich tras i o\u015brodk\u00f3w trekkingowych.<\/p>\n<p style=\"text-align: right\"><em>Na podst. Polsat News<\/em><\/p>\n","protected":false},"excerpt":{"rendered":"<p>Dramatyczne sceny rozegra\u0142y si\u0119 po tybeta\u0144skiej stronie Mount Everest, gdzie pot\u0119\u017cna burza \u015bnie\u017cna odci\u0119\u0142a od \u015bwiata setki turyst\u00f3w. Wed\u0142ug chi\u0144skich medi\u00f3w pa\u0144stwowych, uratowano ju\u017c co&hellip;<\/p>\n","protected":false},"author":3,"featured_media":4313,"comment_status":"open","ping_status":"open","sticky":false,"template":"","format":"standard","meta":{"footnotes":""},"categories":[15,18],"tags":[],"class_list":["post-4312","post","type-post","status-publish","format-standard","has-post-thumbnail","hentry","category-swiat","category-top-news"],"_links":{"self":[{"href":"https:\/\/radiopoloniawinnipeg.com\/index.php\/wp-json\/wp\/v2\/posts\/4312","targetHints":{"allow":["GET"]}}],"collection":[{"href":"https:\/\/radiopoloniawinnipeg.com\/index.php\/wp-json\/wp\/v2\/posts"}],"about":[{"href":"https:\/\/radiopoloniawinnipeg.com\/index.php\/wp-json\/wp\/v2\/types\/post"}],"author":[{"embeddable":true,"href":"https:\/\/radiopoloniawinnipeg.com\/index.php\/wp-json\/wp\/v2\/users\/3"}],"replies":[{"embeddable":true,"href":"https:\/\/radiopoloniawinnipeg.com\/index.php\/wp-json\/wp\/v2\/comments?post=4312"}],"version-history":[{"count":0,"href":"https:\/\/radiopoloniawinnipeg.com\/index.php\/wp-json\/wp\/v2\/posts\/4312\/revisions"}],"wp:featuredmedia":[{"embeddable":true,"href":"https:\/\/radiopoloniawinnipeg.com\/index.php\/wp-json\/wp\/v2\/media\/4313"}],"wp:attachment":[{"href":"https:\/\/radiopoloniawinnipeg.com\/index.php\/wp-json\/wp\/v2\/media?parent=4312"}],"wp:term":[{"taxonomy":"category","embeddable":true,"href":"https:\/\/radiopoloniawinnipeg.com\/index.php\/wp-json\/wp\/v2\/categories?post=4312"},{"taxonomy":"post_tag","embeddable":true,"href":"https:\/\/radiopoloniawinnipeg.com\/index.php\/wp-json\/wp\/v2\/tags?post=4312"}],"curies":[{"name":"wp","href":"https:\/\/api.w.org\/{rel}","templated":true}]}}