{"id":4314,"date":"2025-10-06T17:00:10","date_gmt":"2025-10-06T21:00:10","guid":{"rendered":"https:\/\/radiopoloniawinnipeg.com\/index.php\/2025\/10\/06\/trump-naklada-25-procentowe-cla-na-ciezarowki\/"},"modified":"2025-10-06T17:00:10","modified_gmt":"2025-10-06T21:00:10","slug":"trump-naklada-25-procentowe-cla-na-ciezarowki","status":"publish","type":"post","link":"https:\/\/radiopoloniawinnipeg.com\/index.php\/2025\/10\/06\/trump-naklada-25-procentowe-cla-na-ciezarowki\/","title":{"rendered":"Trump nak\u0142ada 25-procentowe c\u0142a na ci\u0119\u017car\u00f3wki"},"content":{"rendered":"<p>Prezydent Stan\u00f3w Zjednoczonych Donald Trump og\u0142osi\u0142 w poniedzia\u0142ek, \u017ce od 1 listopada wszystkie importowane do USA ci\u0119\u017car\u00f3wki o \u015bredniej i du\u017cej \u0142adowno\u015bci zostan\u0105 obj\u0119te 25-procentowym c\u0142em.<\/p>\n<p>Informacj\u0119 t\u0119 przekaza\u0142 w po\u015bcie opublikowanym na swojej platformie Truth Social. Wcze\u015bniej, jeszcze we wrze\u015bniu, Trump zapowiada\u0142, \u017ce nowe c\u0142a na ci\u0119\u017ckie pojazdy ci\u0119\u017carowe zaczn\u0105 obowi\u0105zywa\u0107 od 1 pa\u017adziernika, jednak termin zosta\u0142 przesuni\u0119ty o miesi\u0105c.<\/p>\n<p>Nowe o\u015bwiadczenie prezydenta pojawi\u0142o si\u0119 na dzie\u0144 przed zaplanowanym spotkaniem Trumpa z premierem Markiem Carneyem w Bia\u0142ym Domu. Spotkanie ma dotyczy\u0107 m.in. kwestii handlowych i zasad wsp\u00f3\u0142pracy gospodarczej mi\u0119dzy oboma krajami.<\/p>\n","protected":false},"excerpt":{"rendered":"<p>Prezydent Stan\u00f3w Zjednoczonych Donald Trump og\u0142osi\u0142 w poniedzia\u0142ek, \u017ce od 1 listopada wszystkie importowane do USA ci\u0119\u017car\u00f3wki o \u015bredniej i du\u017cej \u0142adowno\u015bci zostan\u0105 obj\u0119te 25-procentowym&hellip;<\/p>\n","protected":false},"author":3,"featured_media":4315,"comment_status":"open","ping_status":"open","sticky":false,"template":"","format":"standard","meta":{"footnotes":""},"categories":[15,18],"tags":[],"class_list":["post-4314","post","type-post","status-publish","format-standard","has-post-thumbnail","hentry","category-swiat","category-top-news"],"_links":{"self":[{"href":"https:\/\/radiopoloniawinnipeg.com\/index.php\/wp-json\/wp\/v2\/posts\/4314","targetHints":{"allow":["GET"]}}],"collection":[{"href":"https:\/\/radiopoloniawinnipeg.com\/index.php\/wp-json\/wp\/v2\/posts"}],"about":[{"href":"https:\/\/radiopoloniawinnipeg.com\/index.php\/wp-json\/wp\/v2\/types\/post"}],"author":[{"embeddable":true,"href":"https:\/\/radiopoloniawinnipeg.com\/index.php\/wp-json\/wp\/v2\/users\/3"}],"replies":[{"embeddable":true,"href":"https:\/\/radiopoloniawinnipeg.com\/index.php\/wp-json\/wp\/v2\/comments?post=4314"}],"version-history":[{"count":0,"href":"https:\/\/radiopoloniawinnipeg.com\/index.php\/wp-json\/wp\/v2\/posts\/4314\/revisions"}],"wp:featuredmedia":[{"embeddable":true,"href":"https:\/\/radiopoloniawinnipeg.com\/index.php\/wp-json\/wp\/v2\/media\/4315"}],"wp:attachment":[{"href":"https:\/\/radiopoloniawinnipeg.com\/index.php\/wp-json\/wp\/v2\/media?parent=4314"}],"wp:term":[{"taxonomy":"category","embeddable":true,"href":"https:\/\/radiopoloniawinnipeg.com\/index.php\/wp-json\/wp\/v2\/categories?post=4314"},{"taxonomy":"post_tag","embeddable":true,"href":"https:\/\/radiopoloniawinnipeg.com\/index.php\/wp-json\/wp\/v2\/tags?post=4314"}],"curies":[{"name":"wp","href":"https:\/\/api.w.org\/{rel}","templated":true}]}}