{"id":4324,"date":"2025-10-07T08:15:06","date_gmt":"2025-10-07T12:15:06","guid":{"rendered":"https:\/\/radiopoloniawinnipeg.com\/index.php\/2025\/10\/07\/tomahawki-dla-ukrainy-trump-mowi-ze-decyzja-jest-wlasciwie-podjeta\/"},"modified":"2025-10-07T08:15:06","modified_gmt":"2025-10-07T12:15:06","slug":"tomahawki-dla-ukrainy-trump-mowi-ze-decyzja-jest-wlasciwie-podjeta","status":"publish","type":"post","link":"https:\/\/radiopoloniawinnipeg.com\/index.php\/2025\/10\/07\/tomahawki-dla-ukrainy-trump-mowi-ze-decyzja-jest-wlasciwie-podjeta\/","title":{"rendered":"Tomahawki dla Ukrainy? Trump m\u00f3wi, \u017ce decyzja jest \u201ew\u0142a\u015bciwie podj\u0119ta\u201d"},"content":{"rendered":"<p><img decoding=\"async\" loading=\"lazy\" class=\"aligncenter size-custom-full-size wp-image-225182\" src=\"https:\/\/bejsment.com\/wp-content\/uploads\/2025\/10\/aapreztrump-636x478.jpg\" alt=\"\" width=\"636\" height=\"478\" \/><\/p>\n<p><strong>Prezydent USA Donald Trump o\u015bwiadczy\u0142 w rozmowie z dziennikarzami w Bia\u0142ym Domu, \u017ce \u201ew pewnym sensie, w\u0142a\u015bciwie\u201d podj\u0105\u0142 decyzj\u0119 w sprawie ewentualnego przekazania Ukrainie pocisk\u00f3w manewruj\u0105cych Tomahawk. Zastrzeg\u0142 jednak, \u017ce najpierw chce zna\u0107 szczeg\u00f3\u0142y ich planowanego u\u017cycia. \u2013 Dok\u0105d je wysy\u0142aj\u0105? My\u015bl\u0119, \u017ce musz\u0119 zada\u0107 to pytanie \u2013 m\u00f3wi\u0142 prezydent.<\/strong><\/p>\n<p>O\u015bwiadczenie Trumpa kontrastuje z niedawnymi doniesieniami agencji Reuters, wed\u0142ug kt\u00f3rych dostawy Tomahawk\u00f3w na Ukrain\u0119 by\u0142y ma\u0142o prawdopodobne z powodu ogranicze\u0144 w dost\u0119pnych zapasach, kt\u00f3re s\u0105 przeznaczone m.in. dla Marynarki Wojennej USA. Anonimowe \u017ar\u00f3d\u0142a wskazywa\u0142y, \u017ce Waszyngton m\u00f3g\u0142by raczej zezwoli\u0107 sojusznikom na zakup uzbrojenia dalekiego zasi\u0119gu ni\u017c samodzielnie przekazywa\u0107 Tomahawki.<\/p>\n<p>Pociski Tomahawk to dalekosi\u0119\u017cne rakiety manewruj\u0105ce o zasi\u0119gu si\u0119gaj\u0105cym oko\u0142o 2,5 tys. kilometr\u00f3w, wykorzystywane do precyzyjnych uderze\u0144 na cele strategiczne. Ich przekazanie Ukrainie \u2014 zdaniem analityk\u00f3w cytowanych przez \u201eThe Telegraph\u201d \u2014 mog\u0142oby umo\u017cliwi\u0107 ataki na zaplecze przeciwnika, takie jak sk\u0142adnice amunicji czy w\u0119z\u0142y dowodzenia, i potencjalnie zmieni\u0107 dynamik\u0119 dzia\u0142a\u0144 na froncie. Genera\u0142 porucznik Igor Romanenko, by\u0142y zast\u0119pca szefa Sztabu Generalnego Si\u0142 Zbrojnych Ukrainy, podkre\u015bla\u0142 wcze\u015bniej, \u017ce Ukraina potrzebuje setek takich pocisk\u00f3w, cho\u0107 jednocze\u015bnie tylko niewielka liczba pa\u0144stw dysponuje naziemnymi wyrzutniami zdolnymi je odpala\u0107.<\/p>\n<p>Nie podano na razie terminu ani szczeg\u00f3\u0142\u00f3w ewentualnej decyzji o przekazaniu Tomahawk\u00f3w. Administracja USA musi rozstrzygn\u0105\u0107 kwestie logistyczne, operacyjne i polityczne zwi\u0105zane z ich u\u017cyciem i zabezpieczeniem.<\/p>\n<p style=\"text-align: right\"><em>Na podst. AP<\/em><\/p>\n","protected":false},"excerpt":{"rendered":"<p>Prezydent USA Donald Trump o\u015bwiadczy\u0142 w rozmowie z dziennikarzami w Bia\u0142ym Domu, \u017ce \u201ew pewnym sensie, w\u0142a\u015bciwie\u201d podj\u0105\u0142 decyzj\u0119 w sprawie ewentualnego przekazania Ukrainie pocisk\u00f3w&hellip;<\/p>\n","protected":false},"author":3,"featured_media":4325,"comment_status":"open","ping_status":"open","sticky":false,"template":"","format":"standard","meta":{"footnotes":""},"categories":[15,18],"tags":[],"class_list":["post-4324","post","type-post","status-publish","format-standard","has-post-thumbnail","hentry","category-swiat","category-top-news"],"_links":{"self":[{"href":"https:\/\/radiopoloniawinnipeg.com\/index.php\/wp-json\/wp\/v2\/posts\/4324","targetHints":{"allow":["GET"]}}],"collection":[{"href":"https:\/\/radiopoloniawinnipeg.com\/index.php\/wp-json\/wp\/v2\/posts"}],"about":[{"href":"https:\/\/radiopoloniawinnipeg.com\/index.php\/wp-json\/wp\/v2\/types\/post"}],"author":[{"embeddable":true,"href":"https:\/\/radiopoloniawinnipeg.com\/index.php\/wp-json\/wp\/v2\/users\/3"}],"replies":[{"embeddable":true,"href":"https:\/\/radiopoloniawinnipeg.com\/index.php\/wp-json\/wp\/v2\/comments?post=4324"}],"version-history":[{"count":0,"href":"https:\/\/radiopoloniawinnipeg.com\/index.php\/wp-json\/wp\/v2\/posts\/4324\/revisions"}],"wp:featuredmedia":[{"embeddable":true,"href":"https:\/\/radiopoloniawinnipeg.com\/index.php\/wp-json\/wp\/v2\/media\/4325"}],"wp:attachment":[{"href":"https:\/\/radiopoloniawinnipeg.com\/index.php\/wp-json\/wp\/v2\/media?parent=4324"}],"wp:term":[{"taxonomy":"category","embeddable":true,"href":"https:\/\/radiopoloniawinnipeg.com\/index.php\/wp-json\/wp\/v2\/categories?post=4324"},{"taxonomy":"post_tag","embeddable":true,"href":"https:\/\/radiopoloniawinnipeg.com\/index.php\/wp-json\/wp\/v2\/tags?post=4324"}],"curies":[{"name":"wp","href":"https:\/\/api.w.org\/{rel}","templated":true}]}}