{"id":4332,"date":"2025-10-07T15:45:05","date_gmt":"2025-10-07T19:45:05","guid":{"rendered":"https:\/\/radiopoloniawinnipeg.com\/index.php\/2025\/10\/07\/kanada-znow-nas-pokocha-mowi-trump-podczas-spotkania-z-carneyem\/"},"modified":"2025-10-07T15:45:05","modified_gmt":"2025-10-07T19:45:05","slug":"kanada-znow-nas-pokocha-mowi-trump-podczas-spotkania-z-carneyem","status":"publish","type":"post","link":"https:\/\/radiopoloniawinnipeg.com\/index.php\/2025\/10\/07\/kanada-znow-nas-pokocha-mowi-trump-podczas-spotkania-z-carneyem\/","title":{"rendered":"\u201eKanada zn\u00f3w nas pokocha\u201d \u2013 m\u00f3wi Trump podczas spotkania z Carneyem"},"content":{"rendered":"<p>Prezydent Stan\u00f3w Zjednoczonych Donald Trump og\u0142osi\u0142 we wtorek, \u017ce prowadzi rozmowy z premierem Markiem Carneyem w sprawie nowej umowy handlowej, kt\u00f3ra \u2013 jak uwa\u017ca \u2013 zostanie dobrze przyj\u0119ta przez Kanadyjczyk\u00f3w. Podczas spotkania z dziennikarzami w Gabinecie Owalnym powiedzia\u0142, \u017ce dzi\u0119ki temu porozumieniu \u201eKanada zn\u00f3w nas pokocha\u201d.<\/p>\n<p>Carney przebywa w Waszyngtonie na swoim drugim w ci\u0105gu p\u00f3\u0142 roku spotkaniu z Trumpem, w czasie gdy Ottawa stara si\u0119 rozwi\u0105za\u0107 trwaj\u0105cy konflikt handlowy z USA. Wojna taryfowa powa\u017cnie zaszkodzi\u0142a wielu bran\u017com, w tym przemys\u0142owi stalowemu, aluminiowemu, samochodowemu i le\u015bnemu.<\/p>\n<p>Zapytany, czy Kanada uzyska co\u015b konkretnego z rozm\u00f3w, Trump odpowiedzia\u0142: \u201eMy\u015bl\u0119, \u017ce b\u0119d\u0105 bardzo zadowoleni\u201d. Doda\u0142 te\u017c, \u017ce jego administracja chce \u201euczciwie traktowa\u0107 Kanad\u0119, zw\u0142aszcza w kwestiach handlu\u201d.<br \/>\n\u201eKanadyjczycy zn\u00f3w nas pokochaj\u0105\u201d \u2013 stwierdzi\u0142 Trump, podczas gdy Carney sta\u0142 obok niego w czasie kr\u00f3tkiego wyst\u0105pienia przed rozmowami i wsp\u00f3lnym lunchem. \u201eS\u0105dz\u0119, \u017ce wi\u0119kszo\u015b\u0107 z nich wci\u0105\u017c nas lubi \u2013 naprawd\u0119 nas lubi\u0105\u201d \u2013 doda\u0142.<\/p>\n<p>Trump zapowiedzia\u0142, \u017ce rozmowy obejm\u0105 temat ce\u0142, kt\u00f3re zaszkodzi\u0142y cz\u0119\u015bci kanadyjskiej gospodarki, i \u017ce \u201ewkr\u00f3tce\u201d mo\u017ce doj\u015b\u0107 do konkretnych ustale\u0144. Jednocze\u015bnie zaznaczy\u0142, \u017ce postrzega Kanad\u0119 jako gospodarczego rywala. \u201eTo naturalny konflikt \u2013 chcemy produkowa\u0107 nasze samochody i stal tutaj, w USA. Chcemy te\u017c, by Kanada mia\u0142a si\u0119 dobrze, ale pracujemy nad rozwi\u0105zaniem, kt\u00f3re b\u0119dzie korzystne dla obu stron\u201d \u2013 powiedzia\u0142, sugeruj\u0105c, \u017ce Stany mog\u0105 wprowadzi\u0107 kwoty importowe w zamian za z\u0142agodzenie taryf.<\/p>\n<p>\u201eChcemy, aby Kanadzie powodzi\u0142o si\u0119 znakomicie, ale przyjdzie czas, gdy b\u0119dziemy musieli dzia\u0142a\u0107 we w\u0142asnym interesie\u201d \u2013 doda\u0142.<br \/>\nTrump pochwali\u0142 te\u017c dzia\u0142ania rz\u0105du Carney\u2019a na granicy, maj\u0105ce ograniczy\u0107 przemyt narkotyk\u00f3w i nap\u0142yw migrant\u00f3w \u2013 argumenty, kt\u00f3re wcze\u015bniej wykorzystywa\u0142 do uzasadnienia na\u0142o\u017cenia ce\u0142. \u201eDobra robota\u201d \u2013 powiedzia\u0142 do premiera.<\/p>\n<p>Spotkanie mia\u0142o przyjazny ton. Trump nazywa\u0142 Carney\u2019a \u201esilnym\u201d i \u201e\u015bwiatowej klasy przyw\u00f3dc\u0105\u201d, kt\u00f3ry \u201ewie, czego chce\u201d. Z u\u015bmiechem doda\u0142 te\u017c, \u017ce premier \u201epotrafi by\u0107 bezwzgl\u0119dny, gdy czego\u015b pragnie\u201d. Zapytany, dlaczego nie mo\u017ce si\u0119 z nim dogada\u0107, skoro tak go ceni, Trump odpar\u0142: \u201eBo ja te\u017c chc\u0119 by\u0107 wielkim cz\u0142owiekiem\u201d.<\/p>\n<p>Carney m\u00f3wi\u0142 niewiele, gdy\u017c Trump zdominowa\u0142 rozmow\u0119 z mediami. Pochwali\u0142 jednak ameryka\u0144skiego prezydenta jako \u201elidera, kt\u00f3ry potrafi zmienia\u0107 rzeczywisto\u015b\u0107\u201d i kt\u00f3ry \u201eprzyczyni\u0142 si\u0119 do zako\u0144czenia kilku konflikt\u00f3w\u201d. Trump za\u017cartowa\u0142, \u017ce jego kolejnym krokiem mo\u017ce by\u0107 \u201epo\u0142\u0105czenie Kanady i Stan\u00f3w Zjednoczonych\u201d \u2013 nawi\u0105zuj\u0105c do wcze\u015bniejszych wypowiedzi o \u201e51. stanie\u201d. \u201eNie to mia\u0142em na my\u015bli\u201d \u2013 odpar\u0142 ze \u015bmiechem Carney.<\/p>\n<p>Premier doda\u0142, \u017ce kanadyjskie firmy s\u0105 gotowe zainwestowa\u0107 miliardy dolar\u00f3w w Stanach Zjednoczonych, je\u015bli uda si\u0119 zawrze\u0107 \u201eporozumienie, kt\u00f3rego oczekujemy\u201d. Na stronie Bia\u0142ego Domu mo\u017cna znale\u017a\u0107 list\u0119 inwestycji zagranicznych og\u0142oszonych podczas drugiej kadencji Trumpa.<\/p>\n<p>Tymczasem skutki ce\u0142 na\u0142o\u017conych przez administracj\u0119 ameryka\u0144sk\u0105 by\u0142y dotkliwe dla Kanady. W Ontario tysi\u0105ce os\u00f3b straci\u0142o prac\u0119 w sektorze produkcyjnym, eksport aluminium spad\u0142 o kilkana\u015bcie procent, a przemys\u0142 drzewny ograniczy\u0142 inwestycje. Straty odczuwaj\u0105 te\u017c USA \u2013 firmy i konsumenci p\u0142ac\u0105 wy\u017csze ceny, co nap\u0119dzi\u0142o inflacj\u0119, cho\u0107 zwi\u0119kszy\u0142o wp\u0142ywy do ameryka\u0144skiego bud\u017cetu. Wed\u0142ug Tax Foundation by\u0142a to \u201enajwi\u0119ksza podwy\u017cka podatk\u00f3w od 1993 roku\u201d.<\/p>\n<p>Latem obaj przyw\u00f3dcy zapowiadali, \u017ce do sierpnia osi\u0105gn\u0105 porozumienie w sprawie taryf, jednak termin ten min\u0105\u0142. Od tego czasu presja na Kanad\u0119 wzros\u0142a \u2013 Waszyngton podni\u00f3s\u0142 c\u0142a na stal i aluminium, a tak\u017ce na\u0142o\u017cy\u0142 nowe na drewno, meble i inne produkty, uzasadniaj\u0105c to \u201ebezpiecze\u0144stwem narodowym\u201d.<\/p>\n<p>W poniedzia\u0142ek Trump zapowiedzia\u0142 kolejne c\u0142a \u2013 tym razem na ci\u0119\u017car\u00f3wki \u015bredniej i du\u017cej \u0142adowno\u015bci \u2013 co mo\u017ce jeszcze bardziej zaszkodzi\u0107 kanadyjskiemu sektorowi motoryzacyjnemu.<\/p>\n<p>Lider Partii Konserwatywnej Pierre Poilievre w li\u015bcie do premiera napisa\u0142, \u017ce Carney \u201erozczarowa\u0142 w kwestii handlu\u201d i \u017ce musi wr\u00f3ci\u0107 ze spotkania z realnymi wynikami. \u201eJe\u015bli wr\u00f3cicie tylko z pustymi obietnicami i zdj\u0119ciami, zawiedziecie naszych pracownik\u00f3w i firmy\u201d \u2013 ostrzeg\u0142.<\/p>\n<p>Premier Ontario Doug Ford wyrazi\u0142 natomiast nadziej\u0119, \u017ce Carney \u201eb\u0119dzie twardo broni\u0142 interes\u00f3w Kanady\u201d. \u201eWierz\u0119, \u017ce wypracuj\u0105 uczciw\u0105 umow\u0119 dla obu stron granicy. Premier to bystry, przedsi\u0119biorczy cz\u0142owiek i wiem, \u017ce wykona \u015bwietn\u0105 robot\u0119\u201d \u2013 powiedzia\u0142 Ford.<\/p>\n","protected":false},"excerpt":{"rendered":"<p>Prezydent Stan\u00f3w Zjednoczonych Donald Trump og\u0142osi\u0142 we wtorek, \u017ce prowadzi rozmowy z premierem Markiem Carneyem w sprawie nowej umowy handlowej, kt\u00f3ra \u2013 jak uwa\u017ca \u2013&hellip;<\/p>\n","protected":false},"author":3,"featured_media":4333,"comment_status":"open","ping_status":"open","sticky":false,"template":"","format":"standard","meta":{"footnotes":""},"categories":[15,18],"tags":[],"class_list":["post-4332","post","type-post","status-publish","format-standard","has-post-thumbnail","hentry","category-swiat","category-top-news"],"_links":{"self":[{"href":"https:\/\/radiopoloniawinnipeg.com\/index.php\/wp-json\/wp\/v2\/posts\/4332","targetHints":{"allow":["GET"]}}],"collection":[{"href":"https:\/\/radiopoloniawinnipeg.com\/index.php\/wp-json\/wp\/v2\/posts"}],"about":[{"href":"https:\/\/radiopoloniawinnipeg.com\/index.php\/wp-json\/wp\/v2\/types\/post"}],"author":[{"embeddable":true,"href":"https:\/\/radiopoloniawinnipeg.com\/index.php\/wp-json\/wp\/v2\/users\/3"}],"replies":[{"embeddable":true,"href":"https:\/\/radiopoloniawinnipeg.com\/index.php\/wp-json\/wp\/v2\/comments?post=4332"}],"version-history":[{"count":0,"href":"https:\/\/radiopoloniawinnipeg.com\/index.php\/wp-json\/wp\/v2\/posts\/4332\/revisions"}],"wp:featuredmedia":[{"embeddable":true,"href":"https:\/\/radiopoloniawinnipeg.com\/index.php\/wp-json\/wp\/v2\/media\/4333"}],"wp:attachment":[{"href":"https:\/\/radiopoloniawinnipeg.com\/index.php\/wp-json\/wp\/v2\/media?parent=4332"}],"wp:term":[{"taxonomy":"category","embeddable":true,"href":"https:\/\/radiopoloniawinnipeg.com\/index.php\/wp-json\/wp\/v2\/categories?post=4332"},{"taxonomy":"post_tag","embeddable":true,"href":"https:\/\/radiopoloniawinnipeg.com\/index.php\/wp-json\/wp\/v2\/tags?post=4332"}],"curies":[{"name":"wp","href":"https:\/\/api.w.org\/{rel}","templated":true}]}}