{"id":4334,"date":"2025-10-07T15:45:09","date_gmt":"2025-10-07T19:45:09","guid":{"rendered":"https:\/\/radiopoloniawinnipeg.com\/index.php\/2025\/10\/07\/drony-nad-lotniskiem-w-oslo-zauwazyl-je-pilot-podczas-ladowania\/"},"modified":"2025-10-07T15:45:09","modified_gmt":"2025-10-07T19:45:09","slug":"drony-nad-lotniskiem-w-oslo-zauwazyl-je-pilot-podczas-ladowania","status":"publish","type":"post","link":"https:\/\/radiopoloniawinnipeg.com\/index.php\/2025\/10\/07\/drony-nad-lotniskiem-w-oslo-zauwazyl-je-pilot-podczas-ladowania\/","title":{"rendered":"Drony nad lotniskiem w Oslo. Zauwa\u017cy\u0142 je pilot podczas l\u0105dowania"},"content":{"rendered":"<div id=\"attachment_225201\" style=\"width: 646px\" class=\"wp-caption aligncenter\"><img decoding=\"async\" loading=\"lazy\" aria-describedby=\"caption-attachment-225201\" class=\"size-custom-full-size wp-image-225201\" src=\"https:\/\/bejsment.com\/wp-content\/uploads\/2025\/10\/aaoslolotnisko-636x358.jpg\" alt=\"\" width=\"636\" height=\"358\" \/><\/p>\n<p id=\"caption-attachment-225201\" class=\"wp-caption-text\">Pilot l\u0105duj\u0105cy na lotnisku w Oslo dostrzeg\u0142 kilka dron\u00f3w.<\/p>\n<\/div>\n<p><strong>W nocy z niedzieli na poniedzia\u0142ek pilot samolotu l\u0105duj\u0105cego na lotnisku Oslo-Gardermoen zg\u0142osi\u0142 policji, \u017ce w pobli\u017cu portu widzia\u0142 od trzech do pi\u0119ciu dron\u00f3w. Incydent spowodowa\u0142 chwilowe utrudnienia i op\u00f3\u017anienia w ruchu lotniczym.<\/strong><\/p>\n<p>Zg\u0142oszenie wp\u0142yn\u0119\u0142o do Wschodniego Okr\u0119gu Policji tu\u017c po p\u00f3\u0142nocy. Na miejsce skierowano funkcjonariuszy, kt\u00f3rzy skontaktowali si\u0119 z za\u0142og\u0105 samolotu, by potwierdzi\u0107 szczeg\u00f3\u0142y zdarzenia. Policja podkre\u015bla jednak, \u017ce doniesienia pilota s\u0105 jak dot\u0105d jedyn\u0105 poszlak\u0105 w sprawie \u2014 nie zg\u0142oszono \u017cadnych innych obserwacji dron\u00f3w.<\/p>\n<p>Serwis NRK poinformowa\u0142, \u017ce wszcz\u0119to \u015bledztwo w sprawie mo\u017cliwego naruszenia przepis\u00f3w dotycz\u0105cych bezpiecze\u0144stwa przestrzeni powietrznej. W wyniku incydentu kilka samolot\u00f3w oczekiwa\u0142o na zgod\u0119 na l\u0105dowanie, a cz\u0119\u015b\u0107 pasa\u017cer\u00f3w musia\u0142a d\u0142u\u017cej czeka\u0107 na wej\u015bcie na pok\u0142ad. \u017baden z lot\u00f3w nie zosta\u0142 jednak przekierowany, a oko\u0142o godziny 1:30 w nocy port lotniczy Oslo-Gardermoen wznowi\u0142 normalne funkcjonowanie.<\/p>\n<p>To kolejny podobny przypadek w ostatnich tygodniach. W nocy z 22 na 23 wrze\u015bnia ruch nad lotniskiem w Oslo zosta\u0142 wstrzymany na trzy godziny po zaobserwowaniu dw\u00f3ch dron\u00f3w w przestrzeni powietrznej. Kilka dni wcze\u015bniej policja zatrzyma\u0142a dw\u00f3ch obywateli Singapuru, kt\u00f3rzy latali bezza\u0142ogowcem w pobli\u017cu teren\u00f3w wojskowych i nad oper\u0105 w Oslo.<\/p>\n<p>\u201eDw\u00f3ch obcokrajowc\u00f3w aresztowano za latanie dronem w strefie zakazanej\u201d \u2013 przekaza\u0142a w\u00f3wczas norweska policja.<\/p>\n","protected":false},"excerpt":{"rendered":"<p>Pilot l\u0105duj\u0105cy na lotnisku w Oslo dostrzeg\u0142 kilka dron\u00f3w. W nocy z niedzieli na poniedzia\u0142ek pilot samolotu l\u0105duj\u0105cego na lotnisku Oslo-Gardermoen zg\u0142osi\u0142 policji, \u017ce w&hellip;<\/p>\n","protected":false},"author":3,"featured_media":4335,"comment_status":"open","ping_status":"open","sticky":false,"template":"","format":"standard","meta":{"footnotes":""},"categories":[15,18],"tags":[],"class_list":["post-4334","post","type-post","status-publish","format-standard","has-post-thumbnail","hentry","category-swiat","category-top-news"],"_links":{"self":[{"href":"https:\/\/radiopoloniawinnipeg.com\/index.php\/wp-json\/wp\/v2\/posts\/4334","targetHints":{"allow":["GET"]}}],"collection":[{"href":"https:\/\/radiopoloniawinnipeg.com\/index.php\/wp-json\/wp\/v2\/posts"}],"about":[{"href":"https:\/\/radiopoloniawinnipeg.com\/index.php\/wp-json\/wp\/v2\/types\/post"}],"author":[{"embeddable":true,"href":"https:\/\/radiopoloniawinnipeg.com\/index.php\/wp-json\/wp\/v2\/users\/3"}],"replies":[{"embeddable":true,"href":"https:\/\/radiopoloniawinnipeg.com\/index.php\/wp-json\/wp\/v2\/comments?post=4334"}],"version-history":[{"count":0,"href":"https:\/\/radiopoloniawinnipeg.com\/index.php\/wp-json\/wp\/v2\/posts\/4334\/revisions"}],"wp:featuredmedia":[{"embeddable":true,"href":"https:\/\/radiopoloniawinnipeg.com\/index.php\/wp-json\/wp\/v2\/media\/4335"}],"wp:attachment":[{"href":"https:\/\/radiopoloniawinnipeg.com\/index.php\/wp-json\/wp\/v2\/media?parent=4334"}],"wp:term":[{"taxonomy":"category","embeddable":true,"href":"https:\/\/radiopoloniawinnipeg.com\/index.php\/wp-json\/wp\/v2\/categories?post=4334"},{"taxonomy":"post_tag","embeddable":true,"href":"https:\/\/radiopoloniawinnipeg.com\/index.php\/wp-json\/wp\/v2\/tags?post=4334"}],"curies":[{"name":"wp","href":"https:\/\/api.w.org\/{rel}","templated":true}]}}