{"id":4344,"date":"2025-10-07T20:30:07","date_gmt":"2025-10-08T00:30:07","guid":{"rendered":"https:\/\/radiopoloniawinnipeg.com\/index.php\/2025\/10\/07\/izrael-ujawnia-straty-w-wojnie-z-hamasem\/"},"modified":"2025-10-07T20:30:07","modified_gmt":"2025-10-08T00:30:07","slug":"izrael-ujawnia-straty-w-wojnie-z-hamasem","status":"publish","type":"post","link":"https:\/\/radiopoloniawinnipeg.com\/index.php\/2025\/10\/07\/izrael-ujawnia-straty-w-wojnie-z-hamasem\/","title":{"rendered":"Izrael ujawnia straty w wojnie z Hamasem"},"content":{"rendered":"<div id=\"attachment_225205\" style=\"width: 646px\" class=\"wp-caption aligncenter\"><img decoding=\"async\" loading=\"lazy\" aria-describedby=\"caption-attachment-225205\" class=\"size-custom-full-size wp-image-225205\" src=\"https:\/\/bejsment.com\/wp-content\/uploads\/2025\/10\/aaizrael-czolgi-636x477.jpg\" alt=\"\" width=\"636\" height=\"477\" \/><\/p>\n<p id=\"caption-attachment-225205\" class=\"wp-caption-text\">Czo\u0142gi wojsk Izraela w Strefie Gazy<\/p>\n<\/div>\n<p><strong>Izraelskie Ministerstwo Bezpiecze\u0144stwa opublikowa\u0142o najnowsze dane dotycz\u0105ce strat w\u0142asnych si\u0142 zbrojnych od pocz\u0105tku wojny z Hamasem w Strefie Gazy. Wed\u0142ug komunikatu, od wybuchu konfliktu zgin\u0119\u0142o 1152 izraelskich \u017co\u0142nierzy. Ponad 40 proc. z nich to osoby poni\u017cej 21. roku \u017cycia, a w\u015br\u00f3d ofiar znalaz\u0142o si\u0119 tak\u017ce ponad 140 \u017co\u0142nierzy zawodowych powy\u017cej czterdziestki \u2013 poinformowa\u0142a liba\u0144ska telewizja Al Mayadeen, powo\u0142uj\u0105c si\u0119 na \u017ar\u00f3d\u0142a w izraelskiej armii.<\/strong><\/p>\n<p>Izraelskie media przekazuj\u0105, \u017ce od pocz\u0105tku wojny samob\u00f3jstwo pope\u0142ni\u0142o co najmniej 43 wojskowych. W\u015br\u00f3d poleg\u0142ych znale\u017ali si\u0119 r\u00f3wnie\u017c funkcjonariusze innych s\u0142u\u017cb \u2013 100 policjant\u00f3w, dziewi\u0119ciu agent\u00f3w Szin Bet oraz o\u015bmiu cz\u0142onk\u00f3w s\u0142u\u017cby wi\u0119ziennej.<\/p>\n<p>Jak przypomniano, w samych atakach Hamasu z 7 pa\u017adziernika 2023 roku zgin\u0119\u0142o 1139 Izraelczyk\u00f3w. W\u00f3wczas bojownicy palesty\u0144scy przeprowadzili zmasowany ostrza\u0142 rakietowy \u2013 od 2 do 5 tys. pocisk\u00f3w \u2013 oraz ofensyw\u0119 l\u0105dow\u0105 z u\u017cyciem motolotni i \u0142odzi desantowych.<\/p>\n<p>W odpowiedzi Izrael rozpocz\u0105\u0142 szerok\u0105 operacj\u0119 militarn\u0105, obejmuj\u0105c\u0105 bombardowania i blokad\u0119 Strefy Gazy, w tym odci\u0119cie dostaw wody, pr\u0105du, \u017cywno\u015bci i lek\u00f3w. Wed\u0142ug palesty\u0144skich \u017ar\u00f3de\u0142, w wyniku izraelskich dzia\u0142a\u0144 zgin\u0119\u0142o dot\u0105d ponad 67 tys. os\u00f3b, a 169 tys. zosta\u0142o rannych. Blisko 11 tys. Palesty\u0144czyk\u00f3w uznaje si\u0119 za zaginionych, a wi\u0119kszo\u015b\u0107 ofiar to cywile. Organizacje humanitarne alarmuj\u0105 o przypadkach \u015bmierci g\u0142odowej i katastrofalnych warunkach \u017cycia w obl\u0119\u017conej enklawie.<\/p>\n","protected":false},"excerpt":{"rendered":"<p>Czo\u0142gi wojsk Izraela w Strefie Gazy Izraelskie Ministerstwo Bezpiecze\u0144stwa opublikowa\u0142o najnowsze dane dotycz\u0105ce strat w\u0142asnych si\u0142 zbrojnych od pocz\u0105tku wojny z Hamasem w Strefie Gazy.&hellip;<\/p>\n","protected":false},"author":3,"featured_media":4345,"comment_status":"open","ping_status":"open","sticky":false,"template":"","format":"standard","meta":{"footnotes":""},"categories":[15,18],"tags":[],"class_list":["post-4344","post","type-post","status-publish","format-standard","has-post-thumbnail","hentry","category-swiat","category-top-news"],"_links":{"self":[{"href":"https:\/\/radiopoloniawinnipeg.com\/index.php\/wp-json\/wp\/v2\/posts\/4344","targetHints":{"allow":["GET"]}}],"collection":[{"href":"https:\/\/radiopoloniawinnipeg.com\/index.php\/wp-json\/wp\/v2\/posts"}],"about":[{"href":"https:\/\/radiopoloniawinnipeg.com\/index.php\/wp-json\/wp\/v2\/types\/post"}],"author":[{"embeddable":true,"href":"https:\/\/radiopoloniawinnipeg.com\/index.php\/wp-json\/wp\/v2\/users\/3"}],"replies":[{"embeddable":true,"href":"https:\/\/radiopoloniawinnipeg.com\/index.php\/wp-json\/wp\/v2\/comments?post=4344"}],"version-history":[{"count":0,"href":"https:\/\/radiopoloniawinnipeg.com\/index.php\/wp-json\/wp\/v2\/posts\/4344\/revisions"}],"wp:featuredmedia":[{"embeddable":true,"href":"https:\/\/radiopoloniawinnipeg.com\/index.php\/wp-json\/wp\/v2\/media\/4345"}],"wp:attachment":[{"href":"https:\/\/radiopoloniawinnipeg.com\/index.php\/wp-json\/wp\/v2\/media?parent=4344"}],"wp:term":[{"taxonomy":"category","embeddable":true,"href":"https:\/\/radiopoloniawinnipeg.com\/index.php\/wp-json\/wp\/v2\/categories?post=4344"},{"taxonomy":"post_tag","embeddable":true,"href":"https:\/\/radiopoloniawinnipeg.com\/index.php\/wp-json\/wp\/v2\/tags?post=4344"}],"curies":[{"name":"wp","href":"https:\/\/api.w.org\/{rel}","templated":true}]}}