{"id":4370,"date":"2025-10-09T08:30:10","date_gmt":"2025-10-09T12:30:10","guid":{"rendered":"https:\/\/radiopoloniawinnipeg.com\/index.php\/2025\/10\/09\/kanada-popiera-porozumienie-pokojowe-ogloszone-przez-trumpa\/"},"modified":"2025-10-09T08:30:10","modified_gmt":"2025-10-09T12:30:10","slug":"kanada-popiera-porozumienie-pokojowe-ogloszone-przez-trumpa","status":"publish","type":"post","link":"https:\/\/radiopoloniawinnipeg.com\/index.php\/2025\/10\/09\/kanada-popiera-porozumienie-pokojowe-ogloszone-przez-trumpa\/","title":{"rendered":"Kanada popiera porozumienie pokojowe og\u0142oszone przez Trumpa"},"content":{"rendered":"<div id=\"attachment_225389\" style=\"width: 646px\" class=\"wp-caption aligncenter\"><img decoding=\"async\" loading=\"lazy\" aria-describedby=\"caption-attachment-225389\" class=\"size-custom-full-size wp-image-225389\" src=\"https:\/\/bejsment.com\/wp-content\/uploads\/2025\/10\/aacarney-636x358.jpg\" alt=\"\" width=\"636\" height=\"358\" \/><\/p>\n<p id=\"caption-attachment-225389\" class=\"wp-caption-text\">Premier Mark Carney<\/p>\n<\/div>\n<p><strong>Premier Mark Carney wezwa\u0142 do natychmiastowego wdro\u017cenia pierwszego etapu zaproponowanego przez Stany Zjednoczone porozumienia pokojowego mi\u0119dzy Izraelem a Hamasem. Apel pojawi\u0142 si\u0119 po informacjach o osi\u0105gni\u0119ciu w \u015brod\u0119 wieczorem prze\u0142omowego porozumienia.<\/strong><\/p>\n<p>Prezydent USA Donald Trump og\u0142osi\u0142, \u017ce porozumienie zak\u0142ada uwolnienie wszystkich pozosta\u0142ych izraelskich zak\u0142adnik\u00f3w przez Hamas oraz wycofanie wojsk izraelskich \u201edo uzgodnionej linii\u201d. Carney pogratulowa\u0142 Trumpowi oraz przyw\u00f3dcom Egiptu, Kataru i Turcji ich roli w doprowadzeniu do tego kroku.<\/p>\n<p>\u201eJestem uspokojony, \u017ce zak\u0142adnicy wkr\u00f3tce wr\u00f3c\u0105 do swoich rodzin. Po latach intensywnego cierpienia pok\u00f3j w ko\u0144cu wydaje si\u0119 osi\u0105galny\u201d \u2013 napisa\u0142 Carney w mediach spo\u0142eczno\u015bciowych. \u2013 Kanada wzywa wszystkie strony do szybkiego wdro\u017cenia uzgodnionych warunk\u00f3w i d\u0105\u017cenia do sprawiedliwego, trwa\u0142ego pokoju.<\/p>\n<p>Je\u015bli umowa zostanie zrealizowana, mo\u017ce przybli\u017cy\u0107 obie strony bardziej ni\u017c jakiekolwiek wcze\u015bniejsze pr\u00f3by zako\u0144czenia konfliktu, kt\u00f3ry w ostatnich latach rozla\u0142 si\u0119 na ca\u0142y region.<\/p>\n<h3><strong>Polityczne reakcje i wsp\u00f3\u0142praca mi\u0119dzynarodowa<\/strong><\/h3>\n<p>Lider konserwatyst\u00f3w Pierre Poilievre r\u00f3wnie\u017c pogratulowa\u0142 prezydentowi USA \u201emonumentalnego osi\u0105gni\u0119cia na rzecz pokoju pokoleniowego\u201d.<\/p>\n<p>\u201eZ niecierpliwo\u015bci\u0105 czekamy i modlimy si\u0119 o powr\u00f3t wszystkich zak\u0142adnik\u00f3w oraz o zako\u0144czenie rozlewu krwi\u201d \u2013 napisa\u0142 Poilievre.<\/p>\n<p>Carney ujawni\u0142, \u017ce w ostatnich dniach pozostawa\u0142 w kontakcie z dwoma kluczowymi uczestnikami ameryka\u0144skiego planu \u2013 by\u0142ym premierem Wielkiej Brytanii Tonym Blairem i Jaredem Kushnerem, zi\u0119ciem prezydenta Trumpa.<\/p>\n<p>\u2013 Kanada \u015bci\u015ble wsp\u00f3\u0142pracuje z pa\u0144stwami Zatoki Perskiej i innymi krajami arabskimi, uzupe\u0142niaj\u0105c dzia\u0142ania Stan\u00f3w Zjednoczonych w ramach 20-punktowego planu pokojowego prezydenta \u2013 powiedzia\u0142 Carney podczas wirtualnego wyst\u0105pienia na szczycie Eurasia Group 2025. \u2013 Osobi\u015bcie kontaktowa\u0142em si\u0119 z Jaredem Kushnerem i Tonym Blairem, aby skoordynowa\u0107 nasze wsparcie w realizacji planu.<\/p>\n<h3><strong>Plan Trumpa i niejasna przysz\u0142o\u015b\u0107 Gazy<\/strong><\/h3>\n<div id=\"attachment_225392\" style=\"width: 646px\" class=\"wp-caption aligncenter\"><img decoding=\"async\" loading=\"lazy\" aria-describedby=\"caption-attachment-225392\" class=\"size-custom-full-size wp-image-225392\" src=\"https:\/\/bejsment.com\/wp-content\/uploads\/2025\/10\/aagaza-636x358.jpg\" alt=\"\" width=\"636\" height=\"358\" \/><\/p>\n<p id=\"caption-attachment-225392\" class=\"wp-caption-text\">Dym unosi si\u0119 po izraelskim ataku wojskowym na miasto Gaza, widziany z centralnej cz\u0119\u015bci Strefy Gazy<\/p>\n<\/div>\n<p>Plan, og\u0142oszony przez Donalda Trumpa w zesz\u0142ym tygodniu, zak\u0142ada zawieszenie broni, wymian\u0119 zak\u0142adnik\u00f3w na wi\u0119\u017ani\u00f3w, etapowe wycofanie wojsk izraelskich ze Strefy Gazy, rozbrojenie Hamasu oraz utworzenie rz\u0105du przej\u015bciowego pod nadzorem mi\u0119dzynarodowym. Blair mia\u0142by zasi\u0105\u015b\u0107 w \u201eradzie pokojowej\u201d nadzoruj\u0105cej wdra\u017canie porozumienia, a Kushner pe\u0142ni funkcj\u0119 wys\u0142annika prezydenta w negocjacjach.<\/p>\n<p>Carney jeszcze przed og\u0142oszeniem porozumienia m\u00f3wi\u0142 o \u201eostro\u017cnym optymizmie\u201d.<\/p>\n<p>\u2013 Nie powinienem przesadza\u0107, ale dynamika jest \u2013 stwierdzi\u0142 w \u015brod\u0119 wieczorem.<\/p>\n<div id=\"attachment_225390\" style=\"width: 646px\" class=\"wp-caption aligncenter\"><img decoding=\"async\" loading=\"lazy\" aria-describedby=\"caption-attachment-225390\" class=\"size-custom-full-size wp-image-225390\" src=\"https:\/\/bejsment.com\/wp-content\/uploads\/2025\/10\/aatrumprubio-636x424.jpg\" alt=\"\" width=\"636\" height=\"424\" \/><\/p>\n<p id=\"caption-attachment-225390\" class=\"wp-caption-text\">Prezydent USA Donald Trump i sekretarz stanu Marco Rubio<\/p>\n<\/div>\n<p>Mimo post\u0119p\u00f3w w rozmowach, otwarte pozostaje pytanie o przysz\u0142o\u015b\u0107 Gazy. Nie wiadomo, kto mia\u0142by rz\u0105dzi\u0107 enklaw\u0105 po zako\u0144czeniu wojny. Izrael, Stany Zjednoczone i pa\u0144stwa arabskie odrzuci\u0142y mo\u017cliwo\u015b\u0107, by jak\u0105kolwiek rol\u0119 odgrywa\u0142 Hamas, sprawuj\u0105cy w\u0142adz\u0119 w Strefie Gazy od 2007 roku.<\/p>\n<p>Hamas deklaruje natomiast gotowo\u015b\u0107 przekazania w\u0142adzy jedynie palesty\u0144skiemu rz\u0105dowi technokrat\u00f3w, wspieranemu przez kraje arabskie i muzu\u0142ma\u0144skie. Odrzuca jak\u0105kolwiek rol\u0119 Blaira i ingerencj\u0119 zagranicznych pa\u0144stw w zarz\u0105dzanie Gaz\u0105.<\/p>\n<h3><strong>D\u0142uga droga do pokoju<\/strong><\/h3>\n<p>Pa\u0144stwa arabskie popieraj\u0105ce plan podkre\u015blaj\u0105, \u017ce jego ostatecznym celem powinno by\u0107 powstanie niepodleg\u0142ego pa\u0144stwa palesty\u0144skiego \u2013 czemu premier Izraela Benjamin Netanjahu konsekwentnie si\u0119 sprzeciwia.<\/p>\n<p>Mimo ograniczenia dzia\u0142a\u0144 wojskowych na polecenie Trumpa, izraelska armia kontynuuje operacje w Strefie Gazy, pozostawiaj\u0105c znaczn\u0105 cz\u0119\u015b\u0107 enklawy w ruinie. Wed\u0142ug w\u0142adz Gazy od pocz\u0105tku izraelskiej ofensywy dwa lata temu zgin\u0119\u0142o ponad 67 tysi\u0119cy os\u00f3b. Izrael informuje natomiast o 1200 ofiarach i 251 zak\u0142adnikach zabranych do Strefy Gazy \u2013 spo\u015br\u00f3d kt\u00f3rych 20 nadal ma \u017cy\u0107.<\/p>\n<p style=\"text-align: right\"><em>Na podst. CBC<\/em><\/p>\n","protected":false},"excerpt":{"rendered":"<p>Premier Mark Carney Premier Mark Carney wezwa\u0142 do natychmiastowego wdro\u017cenia pierwszego etapu zaproponowanego przez Stany Zjednoczone porozumienia pokojowego mi\u0119dzy Izraelem a Hamasem. Apel pojawi\u0142 si\u0119&hellip;<\/p>\n","protected":false},"author":3,"featured_media":4371,"comment_status":"open","ping_status":"open","sticky":false,"template":"","format":"standard","meta":{"footnotes":""},"categories":[15,18],"tags":[],"class_list":["post-4370","post","type-post","status-publish","format-standard","has-post-thumbnail","hentry","category-swiat","category-top-news"],"_links":{"self":[{"href":"https:\/\/radiopoloniawinnipeg.com\/index.php\/wp-json\/wp\/v2\/posts\/4370","targetHints":{"allow":["GET"]}}],"collection":[{"href":"https:\/\/radiopoloniawinnipeg.com\/index.php\/wp-json\/wp\/v2\/posts"}],"about":[{"href":"https:\/\/radiopoloniawinnipeg.com\/index.php\/wp-json\/wp\/v2\/types\/post"}],"author":[{"embeddable":true,"href":"https:\/\/radiopoloniawinnipeg.com\/index.php\/wp-json\/wp\/v2\/users\/3"}],"replies":[{"embeddable":true,"href":"https:\/\/radiopoloniawinnipeg.com\/index.php\/wp-json\/wp\/v2\/comments?post=4370"}],"version-history":[{"count":0,"href":"https:\/\/radiopoloniawinnipeg.com\/index.php\/wp-json\/wp\/v2\/posts\/4370\/revisions"}],"wp:featuredmedia":[{"embeddable":true,"href":"https:\/\/radiopoloniawinnipeg.com\/index.php\/wp-json\/wp\/v2\/media\/4371"}],"wp:attachment":[{"href":"https:\/\/radiopoloniawinnipeg.com\/index.php\/wp-json\/wp\/v2\/media?parent=4370"}],"wp:term":[{"taxonomy":"category","embeddable":true,"href":"https:\/\/radiopoloniawinnipeg.com\/index.php\/wp-json\/wp\/v2\/categories?post=4370"},{"taxonomy":"post_tag","embeddable":true,"href":"https:\/\/radiopoloniawinnipeg.com\/index.php\/wp-json\/wp\/v2\/tags?post=4370"}],"curies":[{"name":"wp","href":"https:\/\/api.w.org\/{rel}","templated":true}]}}