{"id":4398,"date":"2025-10-10T12:30:06","date_gmt":"2025-10-10T16:30:06","guid":{"rendered":"https:\/\/radiopoloniawinnipeg.com\/index.php\/2025\/10\/10\/mezczyzna-aresztowany-za-przygotowanie-halloweenowej-dekoracji-lokalnych-urzednikow-jako-ciala-w-workach-na-zwloki\/"},"modified":"2025-10-10T12:30:06","modified_gmt":"2025-10-10T16:30:06","slug":"mezczyzna-aresztowany-za-przygotowanie-halloweenowej-dekoracji-lokalnych-urzednikow-jako-ciala-w-workach-na-zwloki","status":"publish","type":"post","link":"https:\/\/radiopoloniawinnipeg.com\/index.php\/2025\/10\/10\/mezczyzna-aresztowany-za-przygotowanie-halloweenowej-dekoracji-lokalnych-urzednikow-jako-ciala-w-workach-na-zwloki\/","title":{"rendered":"M\u0119\u017cczyzna aresztowany za przygotowanie halloweenowej dekoracji lokalnych urz\u0119dnik\u00f3w jako cia\u0142a w workach na zw\u0142oki"},"content":{"rendered":"<p>Policja z Kentucky aresztowa\u0142a m\u0119\u017cczyzn\u0119 po odkryciu, \u017ce jego dekoracje na Halloween mia\u0142y przedstawia\u0107 zw\u0142oki urz\u0119dnik\u00f3w miejskich.<br \/>\nJak wynika z informacji podanych przez funkcjonariuszy, mieszka\u0144cowi Kentucky postawiono zarzuty po tym, jak na trawniku przed jego domem umie\u015bci\u0142 wystaw\u0119, kt\u00f3ra \u2013 wed\u0142ug policji \u2013 symbolicznie ukazywa\u0142a lokalnych urz\u0119dnik\u00f3w jako ofiary zbrodni, owini\u0119te w czarne worki.<\/p>\n<p>Dekoracja sk\u0142ada\u0142a si\u0119 z pi\u0119ciu atrap cia\u0142, zawini\u0119tych w worki na \u015bmieci, i znajdowa\u0142a si\u0119 przed jego domem w Stanton, niedaleko Lexington.<br \/>\nWed\u0142ug funkcjonariuszy, na &#8220;cia\u0142ach&#8221; znajdowa\u0142y si\u0119 napisy wskazuj\u0105ce konkretne osoby \u2013 \u201eS\u0119dzia Rejonowy\u201d, \u201eSIS\u201d, \u201eCA\u201d, \u201eKierownik Planowania Przestrzennego\u201d i \u201eBurmistrz\u201d.<br \/>\nW dokumentach aresztacyjnych, kt\u00f3re trafi\u0142y do medi\u00f3w zaznaczono, \u017ce na jednym z work\u00f3w, podpisanym jako \u201eS\u0119dzia Rejonowy\u201d, dodatkowo znajdowa\u0142a si\u0119 lina owini\u0119ta wok\u00f3\u0142 szyi.<\/p>\n<p>58-letni Stephan Marcum zosta\u0142 zatrzymany po tym, jak odm\u00f3wi\u0142 usuni\u0119cia kontrowersyjnej dekoracji.<br \/>\nJak donosi NBC, Marcum od d\u0142u\u017cszego czasu pozostaje w konflikcie z w\u0142adzami miasta Stanton z powodu niewywi\u0105zywania si\u0119 z przepis\u00f3w dotycz\u0105cych medi\u00f3w \u2013 wody, kanalizacji i elektryczno\u015bci w swoim budynku.<br \/>\nWe wrze\u015bniu s\u0119dzia na\u0142o\u017cy\u0142 na niego kar\u0119 pieni\u0119\u017cn\u0105 w wysoko\u015bci 250 dolar\u00f3w i zobowi\u0105za\u0142 do dostosowania si\u0119 do przepis\u00f3w w ci\u0105gu 30 dni.<br \/>\nNied\u0142ugo po tej decyzji s\u0105du, Marcum wystawi\u0142 kontrowersyjn\u0105 ekspozycj\u0119 halloweenow\u0105, kt\u00f3r\u0105 w\u0142adze uzna\u0142y za gro\u017ab\u0119.<\/p>\n<p>Postawiono mu zarzuty zastraszania \u015bwiadka w procesie s\u0105dowym oraz gro\u017cenia aktami przemocy \u2013 tzw. gro\u017aby terrorystyczne trzeciego stopnia.<br \/>\nProces zosta\u0142 czasowo wstrzymany, poniewa\u017c s\u0119dzia prowadz\u0105cy spraw\u0119 wy\u0142\u0105czy\u0142 si\u0119 z niej z powodu zaanga\u017cowania w inn\u0105 spraw\u0119 administracyjn\u0105, r\u00f3wnie\u017c dotycz\u0105c\u0105 Marcuma.<br \/>\nJak poinformowa\u0142 lokalny serwis WKYT, m\u0119\u017cczyzna przebywa obecnie w areszcie, a wysoko\u015b\u0107 kaucji ustalono na 5000 dolar\u00f3w.<\/p>\n<p>Przedstawiciele lokalnych w\u0142adz apeluj\u0105 o odpowiedzialno\u015b\u0107 w wyra\u017caniu opinii i emocji.<br \/>\n\u201eKa\u017cdy ma prawo do wyra\u017cania siebie, ale nie powinno si\u0119 tego robi\u0107 w spos\u00f3b, kt\u00f3ry mo\u017ce stanowi\u0107 zagro\u017cenie dla innych. Wystawa przedstawiaj\u0105ca cia\u0142a z podpisami sugeruj\u0105cymi, \u017ce s\u0105 to konkretni urz\u0119dnicy, budzi powa\u017cny niepok\u00f3j\u201d \u2013 powiedzia\u0142 Eddie Barnes, cz\u0142onek w\u0142adz hrabstwa Powell.<\/p>\n<p>&nbsp;<\/p>\n","protected":false},"excerpt":{"rendered":"<p>Policja z Kentucky aresztowa\u0142a m\u0119\u017cczyzn\u0119 po odkryciu, \u017ce jego dekoracje na Halloween mia\u0142y przedstawia\u0107 zw\u0142oki urz\u0119dnik\u00f3w miejskich. Jak wynika z informacji podanych przez funkcjonariuszy, mieszka\u0144cowi&hellip;<\/p>\n","protected":false},"author":3,"featured_media":4399,"comment_status":"open","ping_status":"open","sticky":false,"template":"","format":"standard","meta":{"footnotes":""},"categories":[15,18],"tags":[],"class_list":["post-4398","post","type-post","status-publish","format-standard","has-post-thumbnail","hentry","category-swiat","category-top-news"],"_links":{"self":[{"href":"https:\/\/radiopoloniawinnipeg.com\/index.php\/wp-json\/wp\/v2\/posts\/4398","targetHints":{"allow":["GET"]}}],"collection":[{"href":"https:\/\/radiopoloniawinnipeg.com\/index.php\/wp-json\/wp\/v2\/posts"}],"about":[{"href":"https:\/\/radiopoloniawinnipeg.com\/index.php\/wp-json\/wp\/v2\/types\/post"}],"author":[{"embeddable":true,"href":"https:\/\/radiopoloniawinnipeg.com\/index.php\/wp-json\/wp\/v2\/users\/3"}],"replies":[{"embeddable":true,"href":"https:\/\/radiopoloniawinnipeg.com\/index.php\/wp-json\/wp\/v2\/comments?post=4398"}],"version-history":[{"count":0,"href":"https:\/\/radiopoloniawinnipeg.com\/index.php\/wp-json\/wp\/v2\/posts\/4398\/revisions"}],"wp:featuredmedia":[{"embeddable":true,"href":"https:\/\/radiopoloniawinnipeg.com\/index.php\/wp-json\/wp\/v2\/media\/4399"}],"wp:attachment":[{"href":"https:\/\/radiopoloniawinnipeg.com\/index.php\/wp-json\/wp\/v2\/media?parent=4398"}],"wp:term":[{"taxonomy":"category","embeddable":true,"href":"https:\/\/radiopoloniawinnipeg.com\/index.php\/wp-json\/wp\/v2\/categories?post=4398"},{"taxonomy":"post_tag","embeddable":true,"href":"https:\/\/radiopoloniawinnipeg.com\/index.php\/wp-json\/wp\/v2\/tags?post=4398"}],"curies":[{"name":"wp","href":"https:\/\/api.w.org\/{rel}","templated":true}]}}