{"id":4400,"date":"2025-10-10T13:15:04","date_gmt":"2025-10-10T17:15:04","guid":{"rendered":"https:\/\/radiopoloniawinnipeg.com\/index.php\/2025\/10\/10\/pracownicy-poczty-beda-strajkowac-rotacyjnie\/"},"modified":"2025-10-10T13:15:04","modified_gmt":"2025-10-10T17:15:04","slug":"pracownicy-poczty-beda-strajkowac-rotacyjnie","status":"publish","type":"post","link":"https:\/\/radiopoloniawinnipeg.com\/index.php\/2025\/10\/10\/pracownicy-poczty-beda-strajkowac-rotacyjnie\/","title":{"rendered":"Pracownicy Poczty b\u0119d\u0105 strajkowa\u0107 rotacyjnie"},"content":{"rendered":"<p><img decoding=\"async\" loading=\"lazy\" class=\"aligncenter size-custom-full-size wp-image-225519\" src=\"https:\/\/bejsment.com\/wp-content\/uploads\/2025\/10\/aapocztowiec-636x424.jpg\" alt=\"\" width=\"636\" height=\"424\" \/><\/p>\n<p><strong>Zwi\u0105zek zawodowy reprezentuj\u0105cy pracownik\u00f3w Poczty Kanadyjskiej og\u0142osi\u0142, \u017ce od soboty rano strajk og\u00f3lnokrajowy zostanie zast\u0105piony strajkami rotacyjnymi. Decyzja ma na celu stopniowe przywr\u00f3cenie dor\u0119czania list\u00f3w i paczek, przy jednoczesnym kontynuowaniu protestu przeciwko planowanym zmianom w funkcjonowaniu poczty.<\/strong><\/p>\n<p>Kanadyjski Zwi\u0105zek Pracownik\u00f3w Pocztowych poinformowa\u0142, \u017ce strajki rozpoczn\u0105 si\u0119 o godzinie 6:00 czasu lokalnego. O\u015bwiadczenie wydano dzie\u0144 po spotkaniu przedstawicieli zwi\u0105zku z federalnym ministrem odpowiedzialnym za Poczt\u0119 Kanadyjsk\u0105, Jo\u00eblem Lightboundem.<\/p>\n<blockquote class=\"twitter-tweet\" data-width=\"550\" data-dnt=\"true\">\n<p lang=\"en\" dir=\"ltr\">Strike Action Update: Shift to Rotating Strikes<a href=\"https:\/\/t.co\/eETpZAI6R7\">https:\/\/t.co\/eETpZAI6R7<\/a><a href=\"https:\/\/twitter.com\/hashtag\/SupportCUPW?src=hash&amp;ref_src=twsrc%5Etfw\">#SupportCUPW<\/a> <a href=\"https:\/\/twitter.com\/hashtag\/canlab?src=hash&amp;ref_src=twsrc%5Etfw\">#canlab<\/a> <a href=\"https:\/\/twitter.com\/hashtag\/cdnpoli?src=hash&amp;ref_src=twsrc%5Etfw\">#cdnpoli<\/a> <a href=\"https:\/\/twitter.com\/CanadianLabour?ref_src=twsrc%5Etfw\">@CanadianLabour<\/a> <a href=\"https:\/\/t.co\/jAt98gUAaU\">pic.twitter.com\/jAt98gUAaU<\/a><\/p>\n<p>&mdash; CUPW (@cupw) <a href=\"https:\/\/twitter.com\/cupw\/status\/1976441333628764504?ref_src=twsrc%5Etfw\">October 10, 2025<\/a><\/p>\n<\/blockquote>\n<p>Podczas rozm\u00f3w zwi\u0105zkowcy wyrazili sprzeciw wobec plan\u00f3w modernizacji poczty, kt\u00f3re zak\u0142adaj\u0105 m.in. rozbudow\u0119 sieci skrzynek pocztowych oraz zamkni\u0119cie cz\u0119\u015bci plac\u00f3wek w mniejszych miejscowo\u015bciach. Zwi\u0105zek zaapelowa\u0142 do ministra o wycofanie tych zmian, jednak Lightbound podtrzyma\u0142 decyzj\u0119 rz\u0105du.<\/p>\n<p style=\"text-align: right\"><em>Na podst. Canadian Press<\/em><\/p>\n","protected":false},"excerpt":{"rendered":"<p>Zwi\u0105zek zawodowy reprezentuj\u0105cy pracownik\u00f3w Poczty Kanadyjskiej og\u0142osi\u0142, \u017ce od soboty rano strajk og\u00f3lnokrajowy zostanie zast\u0105piony strajkami rotacyjnymi. Decyzja ma na celu stopniowe przywr\u00f3cenie dor\u0119czania list\u00f3w&hellip;<\/p>\n","protected":false},"author":3,"featured_media":4401,"comment_status":"open","ping_status":"open","sticky":false,"template":"","format":"standard","meta":{"footnotes":""},"categories":[12,18],"tags":[],"class_list":["post-4400","post","type-post","status-publish","format-standard","has-post-thumbnail","hentry","category-kanada","category-top-news"],"_links":{"self":[{"href":"https:\/\/radiopoloniawinnipeg.com\/index.php\/wp-json\/wp\/v2\/posts\/4400","targetHints":{"allow":["GET"]}}],"collection":[{"href":"https:\/\/radiopoloniawinnipeg.com\/index.php\/wp-json\/wp\/v2\/posts"}],"about":[{"href":"https:\/\/radiopoloniawinnipeg.com\/index.php\/wp-json\/wp\/v2\/types\/post"}],"author":[{"embeddable":true,"href":"https:\/\/radiopoloniawinnipeg.com\/index.php\/wp-json\/wp\/v2\/users\/3"}],"replies":[{"embeddable":true,"href":"https:\/\/radiopoloniawinnipeg.com\/index.php\/wp-json\/wp\/v2\/comments?post=4400"}],"version-history":[{"count":0,"href":"https:\/\/radiopoloniawinnipeg.com\/index.php\/wp-json\/wp\/v2\/posts\/4400\/revisions"}],"wp:featuredmedia":[{"embeddable":true,"href":"https:\/\/radiopoloniawinnipeg.com\/index.php\/wp-json\/wp\/v2\/media\/4401"}],"wp:attachment":[{"href":"https:\/\/radiopoloniawinnipeg.com\/index.php\/wp-json\/wp\/v2\/media?parent=4400"}],"wp:term":[{"taxonomy":"category","embeddable":true,"href":"https:\/\/radiopoloniawinnipeg.com\/index.php\/wp-json\/wp\/v2\/categories?post=4400"},{"taxonomy":"post_tag","embeddable":true,"href":"https:\/\/radiopoloniawinnipeg.com\/index.php\/wp-json\/wp\/v2\/tags?post=4400"}],"curies":[{"name":"wp","href":"https:\/\/api.w.org\/{rel}","templated":true}]}}