{"id":4440,"date":"2025-10-12T08:15:05","date_gmt":"2025-10-12T12:15:05","guid":{"rendered":"https:\/\/radiopoloniawinnipeg.com\/index.php\/2025\/10\/12\/joe-biden-walczy-z-agresywnym-rakiem-prostaty\/"},"modified":"2025-10-12T08:15:05","modified_gmt":"2025-10-12T12:15:05","slug":"joe-biden-walczy-z-agresywnym-rakiem-prostaty","status":"publish","type":"post","link":"https:\/\/radiopoloniawinnipeg.com\/index.php\/2025\/10\/12\/joe-biden-walczy-z-agresywnym-rakiem-prostaty\/","title":{"rendered":"Joe Biden walczy z agresywnym rakiem prostaty"},"content":{"rendered":"<p><img decoding=\"async\" loading=\"lazy\" class=\"aligncenter size-custom-full-size wp-image-225762\" src=\"https:\/\/bejsment.com\/wp-content\/uploads\/2025\/10\/aabiden-636x477.jpg\" alt=\"\" width=\"636\" height=\"477\" \/><\/p>\n<p><strong>By\u0142y prezydent Stan\u00f3w Zjednoczonych Joe Biden przechodzi obecnie intensywne leczenie onkologiczne. Jak poinformowa\u0142 jego rzecznik, u 82-letniego polityka kontynuowana jest radioterapia oraz terapia hormonalna w zwi\u0105zku z rakiem prostaty, kt\u00f3rego zdiagnozowano u niego w maju tego roku.<\/strong><\/p>\n<p>Zesp\u00f3\u0142 medyczny Bidena ujawni\u0142 wiosn\u0105, \u017ce u by\u0142ego prezydenta wykryto przerzutowego raka prostaty. Choroba zosta\u0142a okre\u015blona jako \u201eagresywna, ale wra\u017cliwa na hormony\u201d, co oznacza, \u017ce powinna dobrze reagowa\u0107 na leczenie hormonalne i radioterapi\u0119.<br \/>\nWe wrze\u015bniu polityk przeszed\u0142 r\u00f3wnie\u017c operacj\u0119 Mohsa, czyli specjalistyczny zabieg chirurgiczny maj\u0105cy na celu usuni\u0119cie kom\u00f3rek rakowych ze sk\u00f3ry. Obecna terapia ma na celu zahamowanie rozwoju choroby i ograniczenie ryzyka jej dalszego rozprzestrzeniania si\u0119.<\/p>\n<p>Biden, kt\u00f3ry w listopadzie sko\u0144czy 83 lata, mimo problem\u00f3w zdrowotnych pozostaje w dobrej formie fizycznej i psychicznej. Wed\u0142ug jego wsp\u00f3\u0142pracownik\u00f3w, regularnie uczestniczy w konsultacjach lekarskich i jest w sta\u0142ym kontakcie z zespo\u0142em onkolog\u00f3w.<\/p>\n<p><strong>Polityczna decyzja o wycofaniu si\u0119 z wy\u015bcigu<\/strong><\/p>\n<p>Joe Biden by\u0142 46. prezydentem Stan\u00f3w Zjednoczonych. Sprawowa\u0142 urz\u0105d w latach 2021\u20132025, a jego kadencja przypad\u0142a na wyj\u0105tkowo trudny okres \u2013 pandemii COVID-19, kryzysu gospodarczego, rosn\u0105cych napi\u0119\u0107 mi\u0119dzynarodowych i wojny w Ukrainie. Pocz\u0105tkowo planowa\u0142 ubiega\u0107 si\u0119 o reelekcj\u0119, jednak 21 lipca 2024 roku og\u0142osi\u0142 rezygnacj\u0119 ze startu w wyborach. Decyzj\u0119 uzasadni\u0142 \u201edobrem Partii Demokratycznej i ca\u0142ego kraju\u201d.<\/p>\n<p>W specjalnym o\u015bwiadczeniu Biden wyrazi\u0142 pe\u0142ne poparcie dla swojej dotychczasowej zast\u0119pczyni, Kamali Harris, wskazuj\u0105c j\u0105 jako kandydatk\u0119 demokrat\u00f3w w wyborach prezydenckich.<br \/>\n\u2013 \u201eDzisiaj chc\u0119 zaoferowa\u0107 moje pe\u0142ne wsparcie i poparcie dla Kamali jako kandydatki naszej partii w tym roku. Demokraci \u2013 czas si\u0119 zjednoczy\u0107 i pokona\u0107 Trumpa. Zr\u00f3bmy to\u201d \u2013 napisa\u0142 w\u00f3wczas.<\/p>\n<p>Biden podkre\u015bla\u0142 r\u00f3wnie\u017c, \u017ce wyb\u00f3r Harris na stanowisko wiceprezydentki w 2020 roku by\u0142 \u201enajlepsz\u0105 decyzj\u0105\u201d, jak\u0105 podj\u0105\u0142 w swojej politycznej karierze. Ostatecznie jednak Kamala Harris przegra\u0142a wybory prezydenckie z Donaldem Trumpem.<\/p>\n<p><strong>Prezydent, kt\u00f3ry zapisa\u0142 si\u0119 w historii<\/strong><\/p>\n<p>Joe Biden, wcze\u015bniej wieloletni senator i wiceprezydent w administracji Baracka Obamy, przez ponad p\u00f3\u0142 wieku odgrywa\u0142 kluczow\u0105 rol\u0119 w ameryka\u0144skiej polityce. Jako prezydent k\u0142ad\u0142 szczeg\u00f3lny nacisk na odbudow\u0119 gospodarki po pandemii, wspieranie klasy \u015bredniej, walk\u0119 ze zmianami klimatu oraz odbudow\u0119 sojuszy mi\u0119dzynarodowych.<\/p>\n<p>Cho\u0107 dzi\u015b skupia si\u0119 na walce z chorob\u0105, jego wp\u0142yw na wsp\u00f3\u0142czesn\u0105 polityk\u0119 USA pozostaje ogromny. Wielu komentator\u00f3w nazywa go \u201eostatnim politykiem starej szko\u0142y\u201d \u2013 cz\u0142owiekiem kompromisu, dialogu i stabilno\u015bci w czasach gwa\u0142townych zmian.<\/p>\n","protected":false},"excerpt":{"rendered":"<p>By\u0142y prezydent Stan\u00f3w Zjednoczonych Joe Biden przechodzi obecnie intensywne leczenie onkologiczne. Jak poinformowa\u0142 jego rzecznik, u 82-letniego polityka kontynuowana jest radioterapia oraz terapia hormonalna w&hellip;<\/p>\n","protected":false},"author":3,"featured_media":4441,"comment_status":"open","ping_status":"open","sticky":false,"template":"","format":"standard","meta":{"footnotes":""},"categories":[15,18],"tags":[],"class_list":["post-4440","post","type-post","status-publish","format-standard","has-post-thumbnail","hentry","category-swiat","category-top-news"],"_links":{"self":[{"href":"https:\/\/radiopoloniawinnipeg.com\/index.php\/wp-json\/wp\/v2\/posts\/4440","targetHints":{"allow":["GET"]}}],"collection":[{"href":"https:\/\/radiopoloniawinnipeg.com\/index.php\/wp-json\/wp\/v2\/posts"}],"about":[{"href":"https:\/\/radiopoloniawinnipeg.com\/index.php\/wp-json\/wp\/v2\/types\/post"}],"author":[{"embeddable":true,"href":"https:\/\/radiopoloniawinnipeg.com\/index.php\/wp-json\/wp\/v2\/users\/3"}],"replies":[{"embeddable":true,"href":"https:\/\/radiopoloniawinnipeg.com\/index.php\/wp-json\/wp\/v2\/comments?post=4440"}],"version-history":[{"count":0,"href":"https:\/\/radiopoloniawinnipeg.com\/index.php\/wp-json\/wp\/v2\/posts\/4440\/revisions"}],"wp:featuredmedia":[{"embeddable":true,"href":"https:\/\/radiopoloniawinnipeg.com\/index.php\/wp-json\/wp\/v2\/media\/4441"}],"wp:attachment":[{"href":"https:\/\/radiopoloniawinnipeg.com\/index.php\/wp-json\/wp\/v2\/media?parent=4440"}],"wp:term":[{"taxonomy":"category","embeddable":true,"href":"https:\/\/radiopoloniawinnipeg.com\/index.php\/wp-json\/wp\/v2\/categories?post=4440"},{"taxonomy":"post_tag","embeddable":true,"href":"https:\/\/radiopoloniawinnipeg.com\/index.php\/wp-json\/wp\/v2\/tags?post=4440"}],"curies":[{"name":"wp","href":"https:\/\/api.w.org\/{rel}","templated":true}]}}