{"id":4454,"date":"2025-10-13T08:30:07","date_gmt":"2025-10-13T12:30:07","guid":{"rendered":"https:\/\/radiopoloniawinnipeg.com\/index.php\/2025\/10\/13\/tragedia-podczas-lotu-z-warszawy-do-nowego-jorku-pasazer-zmarl-na-pokladzie-dreamlinera\/"},"modified":"2025-10-13T08:30:07","modified_gmt":"2025-10-13T12:30:07","slug":"tragedia-podczas-lotu-z-warszawy-do-nowego-jorku-pasazer-zmarl-na-pokladzie-dreamlinera","status":"publish","type":"post","link":"https:\/\/radiopoloniawinnipeg.com\/index.php\/2025\/10\/13\/tragedia-podczas-lotu-z-warszawy-do-nowego-jorku-pasazer-zmarl-na-pokladzie-dreamlinera\/","title":{"rendered":"Tragedia podczas lotu z Warszawy do Nowego Jorku \u2013 pasa\u017cer zmar\u0142 na pok\u0142adzie Dreamlinera"},"content":{"rendered":"<p><img decoding=\"async\" loading=\"lazy\" class=\"aligncenter size-custom-full-size wp-image-225813\" src=\"https:\/\/bejsment.com\/wp-content\/uploads\/2025\/10\/aadreamlinerlot2-636x424.jpg\" alt=\"\" width=\"636\" height=\"424\" \/><\/p>\n<p><strong>Dramatyczne wydarzenia rozegra\u0142y si\u0119 na pok\u0142adzie samolotu PLL LOT lec\u0105cego z Warszawy do Nowego Jorku. Podczas rejsu LO26 jeden z pasa\u017cer\u00f3w zmar\u0142 w trakcie lotu, co zmusi\u0142o za\u0142og\u0119 do podj\u0119cia decyzji o awaryjnym l\u0105dowaniu w Kopenhadze.<\/strong><\/p>\n<p>Dreamliner Boeing 787-8 wystartowa\u0142 z Lotniska Chopina w Warszawie w \u015brod\u0119 oko\u0142o godziny 17:00. Maszyna mia\u0142a wyl\u0105dowa\u0107 w Nowym Jorku po dziewi\u0119ciu godzinach podr\u00f3\u017cy \u2013 planowany przylot przewidziano na 20:20 czasu lokalnego.<\/p>\n<p>Lot przebiega\u0142 pocz\u0105tkowo bez zak\u0142\u00f3ce\u0144. Po oko\u0142o dw\u00f3ch godzinach, kiedy samolot znajdowa\u0142 si\u0119 ju\u017c na p\u00f3\u0142nocy Europy, sytuacja dramatycznie si\u0119 zmieni\u0142a \u2013 na pok\u0142adzie dosz\u0142o do nag\u0142ego zgonu jednego z pasa\u017cer\u00f3w.<\/p>\n<p>\u201eNa pok\u0142adzie zmar\u0142 pasa\u017cer\u201d \u2013 potwierdzi\u0142 rzecznik PLL LOT Krzysztof Moczulski w rozmowie z Onetem.<\/p>\n<p>Wobec zaistnia\u0142ej sytuacji kapitan zdecydowa\u0142 o przerwaniu rejsu i skierowaniu maszyny na lotnisko w Kopenhadze. Dreamliner wyl\u0105dowa\u0142 tam awaryjnie, a na p\u0142ycie lotniska natychmiast pojawi\u0142y si\u0119 s\u0142u\u017cby medyczne i techniczne, kt\u00f3re przej\u0119\u0142y dzia\u0142ania.<\/p>\n<p>Na razie nie ujawniono to\u017csamo\u015bci zmar\u0142ej osoby ani przyczyny jej \u015bmierci. Wiadomo jedynie, \u017ce do tragedii dosz\u0142o nagle, a cz\u0142onkowie za\u0142ogi wraz z pasa\u017cerami byli \u015bwiadkami dramatycznych scen.<\/p>\n<p>Pozostali podr\u00f3\u017cni musieli opu\u015bci\u0107 samolot w Kopenhadze i czeka\u0107 na dalsze decyzje przewo\u017anika. PLL LOT nie poda\u0142 jeszcze informacji, czy kontynuacja rejsu do Nowego Jorku odby\u0142a si\u0119 tego samego dnia, czy te\u017c pasa\u017cerowie zostali zakwaterowani w hotelu.<\/p>\n<p>Informacja o tym incydencie pojawi\u0142a si\u0119 w mediach z du\u017cym op\u00f3\u017anieniem.<\/p>\n<p>Takie sytuacje, cho\u0107 rzadkie, s\u0105 dla za\u0142ogi i podr\u00f3\u017cnych niezwykle trudne. Linie lotnicze podkre\u015blaj\u0105 jednak, \u017ce personel pok\u0142adowy jest przeszkolony w zakresie udzielania pomocy w nag\u0142ych przypadkach i zawsze w takich sytuacjach dzia\u0142a zgodnie z procedurami bezpiecze\u0144stwa.<\/p>\n","protected":false},"excerpt":{"rendered":"<p>Dramatyczne wydarzenia rozegra\u0142y si\u0119 na pok\u0142adzie samolotu PLL LOT lec\u0105cego z Warszawy do Nowego Jorku. Podczas rejsu LO26 jeden z pasa\u017cer\u00f3w zmar\u0142 w trakcie lotu,&hellip;<\/p>\n","protected":false},"author":3,"featured_media":4455,"comment_status":"open","ping_status":"open","sticky":false,"template":"","format":"standard","meta":{"footnotes":""},"categories":[15,18],"tags":[],"class_list":["post-4454","post","type-post","status-publish","format-standard","has-post-thumbnail","hentry","category-swiat","category-top-news"],"_links":{"self":[{"href":"https:\/\/radiopoloniawinnipeg.com\/index.php\/wp-json\/wp\/v2\/posts\/4454","targetHints":{"allow":["GET"]}}],"collection":[{"href":"https:\/\/radiopoloniawinnipeg.com\/index.php\/wp-json\/wp\/v2\/posts"}],"about":[{"href":"https:\/\/radiopoloniawinnipeg.com\/index.php\/wp-json\/wp\/v2\/types\/post"}],"author":[{"embeddable":true,"href":"https:\/\/radiopoloniawinnipeg.com\/index.php\/wp-json\/wp\/v2\/users\/3"}],"replies":[{"embeddable":true,"href":"https:\/\/radiopoloniawinnipeg.com\/index.php\/wp-json\/wp\/v2\/comments?post=4454"}],"version-history":[{"count":0,"href":"https:\/\/radiopoloniawinnipeg.com\/index.php\/wp-json\/wp\/v2\/posts\/4454\/revisions"}],"wp:featuredmedia":[{"embeddable":true,"href":"https:\/\/radiopoloniawinnipeg.com\/index.php\/wp-json\/wp\/v2\/media\/4455"}],"wp:attachment":[{"href":"https:\/\/radiopoloniawinnipeg.com\/index.php\/wp-json\/wp\/v2\/media?parent=4454"}],"wp:term":[{"taxonomy":"category","embeddable":true,"href":"https:\/\/radiopoloniawinnipeg.com\/index.php\/wp-json\/wp\/v2\/categories?post=4454"},{"taxonomy":"post_tag","embeddable":true,"href":"https:\/\/radiopoloniawinnipeg.com\/index.php\/wp-json\/wp\/v2\/tags?post=4454"}],"curies":[{"name":"wp","href":"https:\/\/api.w.org\/{rel}","templated":true}]}}