{"id":4458,"date":"2025-10-13T12:15:06","date_gmt":"2025-10-13T16:15:06","guid":{"rendered":"https:\/\/radiopoloniawinnipeg.com\/index.php\/2025\/10\/13\/rozejm-na-bliskim-wschodzie-hamas-uwolnil-izraelskich-zakladnikow\/"},"modified":"2025-10-13T12:15:06","modified_gmt":"2025-10-13T16:15:06","slug":"rozejm-na-bliskim-wschodzie-hamas-uwolnil-izraelskich-zakladnikow","status":"publish","type":"post","link":"https:\/\/radiopoloniawinnipeg.com\/index.php\/2025\/10\/13\/rozejm-na-bliskim-wschodzie-hamas-uwolnil-izraelskich-zakladnikow\/","title":{"rendered":"Rozejm na Bliskim Wschodzie. Hamas uwolni\u0142 izraelskich zak\u0142adnik\u00f3w"},"content":{"rendered":"<div id=\"attachment_225830\" style=\"width: 646px\" class=\"wp-caption aligncenter\"><img decoding=\"async\" loading=\"lazy\" aria-describedby=\"caption-attachment-225830\" class=\"size-custom-full-size wp-image-225830\" src=\"https:\/\/bejsment.com\/wp-content\/uploads\/2025\/10\/aatelaviv-636x358.jpg\" alt=\"\" width=\"636\" height=\"358\" \/><\/p>\n<p id=\"caption-attachment-225830\" class=\"wp-caption-text\">W Tel Awiwie t\u0142umy oczekuj\u0105 na wymian\u0119 zak\u0142adnik\u00f3w<\/p>\n<\/div>\n<p><strong>Po ponad roku dramatycznej niewoli Hamas rozpocz\u0105\u0142 proces uwalniania izraelskich zak\u0142adnik\u00f3w porwanych 7 pa\u017adziernika 2023 roku. Wed\u0142ug informacji agencji Reuters, powo\u0142uj\u0105cej si\u0119 na izraelskiego urz\u0119dnika, w pierwszej grupie wypuszczonych znalaz\u0142o si\u0119 siedem os\u00f3b, a wed\u0142ug palesty\u0144skich medi\u00f3w \u2013 w kolejnych godzinach wszyscy zak\u0142adnicy mieli zosta\u0107 zwolnieni.<\/strong><\/p>\n<p>Jeszcze przed rozpocz\u0119ciem akcji Hamas ujawni\u0142 nazwiska 20 zak\u0142adnik\u00f3w, kt\u00f3rzy mieli zosta\u0107 wypuszczeni w ramach porozumienia zawartego podczas obowi\u0105zuj\u0105cego od pi\u0105tku zawieszenia broni. W\u015br\u00f3d nich znale\u017ali si\u0119 zar\u00f3wno izraelscy \u017co\u0142nierze, jak i osoby uprowadzone z przygranicznych kibuc\u00f3w oraz uczestnicy tragicznie zako\u0144czonego festiwalu muzycznego w Re\u2019im.<\/p>\n<p>Pierwszych siedem os\u00f3b przekazano Mi\u0119dzynarodowemu Komitetowi Czerwonego Krzy\u017ca, kt\u00f3ry nadzorowa\u0142 ca\u0142\u0105 operacj\u0119. Zak\u0142adnicy zostali nast\u0119pnie przewiezieni konwojem humanitarnym i przekazani izraelskim si\u0142om zbrojnym stacjonuj\u0105cym w Strefie Gazy.<\/p>\n<p>W\u015br\u00f3d uwolnionych znale\u017ali si\u0119: Matan Angrest, Gali Berman, Ziw Berman, Alon Ohel, Eitan Mor, Omri Miran i Guy Gilboa-Dallal. Na Placu Zak\u0142adnik\u00f3w w Tel Awiwie od wczesnych godzin porannych gromadzi\u0142y si\u0119 t\u0142umy rodzin i przyjaci\u00f3\u0142 porwanych. Gdy og\u0142oszono wiadomo\u015b\u0107 o pierwszych uwolnieniach, w\u015br\u00f3d zebranych wybuch\u0142a fala euforii i \u0142ez wzruszenia.<\/p>\n<p>Zgodnie z warunkami rozejmu, do poniedzia\u0142kowego po\u0142udnia Hamas ma przekaza\u0107 w sumie 20 izraelskich zak\u0142adnik\u00f3w, a tak\u017ce zw\u0142oki 28 os\u00f3b zabitych w niewoli. Nie jest jasne, czy uda si\u0119 spe\u0142ni\u0107 wszystkie warunki umowy, ale palesty\u0144ski nadawca publiczny poinformowa\u0142, \u017ce wszyscy zak\u0142adnicy zostali ju\u017c wypuszczeni, co cytuje r\u00f3wnie\u017c agencja AFP.<\/p>\n<p>W zamian za uwolnienie izraelskich zak\u0142adnik\u00f3w rz\u0105d w Jerozolimie zgodzi\u0142 si\u0119 wypu\u015bci\u0107 250 Palesty\u0144czyk\u00f3w skazanych na do\u017cywocie oraz 1700 mieszka\u0144c\u00f3w Strefy Gazy aresztowanych po wybuchu wojny dwa lata temu.<\/p>\n<p>W poniedzia\u0142ek przed po\u0142udniem do Gazy wjecha\u0142 pierwszy konw\u00f3j 38 autobus\u00f3w z palesty\u0144skimi wi\u0119\u017aniami. W\u015br\u00f3d wypuszczonych nie ma jednak wysokich rang\u0105 cz\u0142onk\u00f3w Hamasu ani innych czo\u0142owych dzia\u0142aczy palesty\u0144skich frakcji, takich jak Marwan Barghuti, kt\u00f3rego uwolnienia domaga\u0142a si\u0119 strona palesty\u0144ska.<\/p>\n<p>W pi\u0105tek izraelskie wojsko og\u0142osi\u0142o czasowe wstrzymanie dzia\u0142a\u0144 militarnych w Strefie Gazy i wycofanie si\u0119 na ustalon\u0105 wcze\u015bniej lini\u0119. Obecnie Izrael kontroluje oko\u0142o po\u0142owy terytorium Strefy, co pozwoli\u0142o na wzgl\u0119dnie bezpieczne przeprowadzenie operacji wymiany.<\/p>\n<p>Uwolnienie zak\u0142adnik\u00f3w to jeden z najwa\u017cniejszych moment\u00f3w w trwaj\u0105cym konflikcie izraelsko-palesty\u0144skim. Cho\u0107 wielu komentator\u00f3w podkre\u015bla, \u017ce jest to jedynie tymczasowe porozumienie, mo\u017ce ono otworzy\u0107 drog\u0119 do kolejnych negocjacji w sprawie trwa\u0142ego rozejmu lub wymiany je\u0144c\u00f3w w przysz\u0142o\u015bci.<\/p>\n","protected":false},"excerpt":{"rendered":"<p>W Tel Awiwie t\u0142umy oczekuj\u0105 na wymian\u0119 zak\u0142adnik\u00f3w Po ponad roku dramatycznej niewoli Hamas rozpocz\u0105\u0142 proces uwalniania izraelskich zak\u0142adnik\u00f3w porwanych 7 pa\u017adziernika 2023 roku. Wed\u0142ug&hellip;<\/p>\n","protected":false},"author":3,"featured_media":4459,"comment_status":"open","ping_status":"open","sticky":false,"template":"","format":"standard","meta":{"footnotes":""},"categories":[15,18],"tags":[],"class_list":["post-4458","post","type-post","status-publish","format-standard","has-post-thumbnail","hentry","category-swiat","category-top-news"],"_links":{"self":[{"href":"https:\/\/radiopoloniawinnipeg.com\/index.php\/wp-json\/wp\/v2\/posts\/4458","targetHints":{"allow":["GET"]}}],"collection":[{"href":"https:\/\/radiopoloniawinnipeg.com\/index.php\/wp-json\/wp\/v2\/posts"}],"about":[{"href":"https:\/\/radiopoloniawinnipeg.com\/index.php\/wp-json\/wp\/v2\/types\/post"}],"author":[{"embeddable":true,"href":"https:\/\/radiopoloniawinnipeg.com\/index.php\/wp-json\/wp\/v2\/users\/3"}],"replies":[{"embeddable":true,"href":"https:\/\/radiopoloniawinnipeg.com\/index.php\/wp-json\/wp\/v2\/comments?post=4458"}],"version-history":[{"count":0,"href":"https:\/\/radiopoloniawinnipeg.com\/index.php\/wp-json\/wp\/v2\/posts\/4458\/revisions"}],"wp:featuredmedia":[{"embeddable":true,"href":"https:\/\/radiopoloniawinnipeg.com\/index.php\/wp-json\/wp\/v2\/media\/4459"}],"wp:attachment":[{"href":"https:\/\/radiopoloniawinnipeg.com\/index.php\/wp-json\/wp\/v2\/media?parent=4458"}],"wp:term":[{"taxonomy":"category","embeddable":true,"href":"https:\/\/radiopoloniawinnipeg.com\/index.php\/wp-json\/wp\/v2\/categories?post=4458"},{"taxonomy":"post_tag","embeddable":true,"href":"https:\/\/radiopoloniawinnipeg.com\/index.php\/wp-json\/wp\/v2\/tags?post=4458"}],"curies":[{"name":"wp","href":"https:\/\/api.w.org\/{rel}","templated":true}]}}