{"id":4462,"date":"2025-10-13T16:30:06","date_gmt":"2025-10-13T20:30:06","guid":{"rendered":"https:\/\/radiopoloniawinnipeg.com\/index.php\/2025\/10\/13\/katastrofa-kolejowa-na-slowacji-100-osob-rannych-7-w-stanie-krytycznym\/"},"modified":"2025-10-13T16:30:06","modified_gmt":"2025-10-13T20:30:06","slug":"katastrofa-kolejowa-na-slowacji-100-osob-rannych-7-w-stanie-krytycznym","status":"publish","type":"post","link":"https:\/\/radiopoloniawinnipeg.com\/index.php\/2025\/10\/13\/katastrofa-kolejowa-na-slowacji-100-osob-rannych-7-w-stanie-krytycznym\/","title":{"rendered":"Katastrofa kolejowa na S\u0142owacji: 100 os\u00f3b rannych, 7 w stanie krytycznym"},"content":{"rendered":"<p><img decoding=\"async\" loading=\"lazy\" class=\"aligncenter size-custom-full-size wp-image-225834\" src=\"https:\/\/bejsment.com\/wp-content\/uploads\/2025\/10\/aakatastrofaz3-636x358.jpg\" alt=\"\" width=\"636\" height=\"358\" \/><\/p>\n<p><strong>Na wschodzie S\u0142owacji dosz\u0142o do powa\u017cnej katastrofy kolejowej. Oko\u0142o godziny 10:00 w pobli\u017cu miejscowo\u015bci Jablonov nad Tur\u0148ou w kraju koszyckim zderzy\u0142y si\u0119 dwa poci\u0105gi pasa\u017cerskie, powoduj\u0105c obra\u017cenia u blisko stu os\u00f3b. Na szcz\u0119\u015bcie \u2013 jak dot\u0105d \u2013 nie odnotowano ofiar \u015bmiertelnych.<\/strong><\/p>\n<p>Wed\u0142ug s\u0142owackiego Ministerstwa Spraw Wewn\u0119trznych, tu\u017c po zderzeniu wst\u0119pnie szacowano, \u017ce oko\u0142o 100 os\u00f3b zosta\u0142o lekko rannych, a dwie znajduj\u0105 si\u0119 w stanie krytycznym. Z czasem bilans obra\u017ce\u0144 zosta\u0142 skorygowany \u2013 16 os\u00f3b dozna\u0142o obra\u017ce\u0144 umiarkowanych lub ci\u0119\u017ckich, natomiast 50 kolejnych zosta\u0142o lekko rannych.<\/p>\n<p>Na miejscu natychmiast rozpocz\u0119\u0142a si\u0119 szeroko zakrojona akcja ratunkowa. Siedem karetek pogotowia oraz trzy helikoptery ratownicze przetransportowa\u0142y poszkodowanych do szpitali w regionie. Minister zdrowia Kamil Szaszko, kt\u00f3ry uda\u0142 si\u0119 na miejsce wypadku, poinformowa\u0142, \u017ce siedem os\u00f3b walczy o \u017cycie, a 84 osoby odnios\u0142y l\u017cejsze obra\u017cenia.<\/p>\n<p>Jedna z ofiar zosta\u0142a uwi\u0119ziona w wagonie, kt\u00f3ry zawis\u0142 nad skarp\u0105, co wymaga\u0142o wyj\u0105tkowo trudnej akcji ewakuacyjnej.<\/p>\n<h3><strong>B\u0142\u0105d ludzki prawdopodobn\u0105 przyczyn\u0105 katastrofy<\/strong><\/h3>\n<p>W\u0142adze potwierdzi\u0142y, \u017ce przyczyny zderzenia s\u0105 wci\u0105\u017c badane, ale wiele wskazuje na to, \u017ce do tragedii doprowadzi\u0142 b\u0142\u0105d cz\u0142owieka. Minister spraw wewn\u0119trznych Matusz Szutaj Esztok przekaza\u0142, \u017ce jeden z maszynist\u00f3w najprawdopodobniej nie ust\u0105pi\u0142 pierwsze\u0144stwa drugiemu poci\u0105gowi.<\/p>\n<p>Wed\u0142ug nieoficjalnych doniesie\u0144 medi\u00f3w powo\u0142uj\u0105cych si\u0119 na \u017ar\u00f3d\u0142a w s\u0142owackich kolejach, maszynista m\u00f3g\u0142 zignorowa\u0107 sygna\u0142 \u201estop\u201d na semaforze. Na feralnym odcinku linii nie dzia\u0142a nowoczesny system bezpiecze\u0144stwa ETCS, kt\u00f3ry m\u00f3g\u0142by zapobiec kolizji.<\/p>\n<p>Jeden z maszynist\u00f3w, kt\u00f3ry zosta\u0142 hospitalizowany, przejdzie badania pod k\u0105tem obecno\u015bci alkoholu i substancji psychoaktywnych. Drugi zosta\u0142 przebadany na miejscu \u2013 wynik alkomatu i test\u00f3w narkotykowych by\u0142 negatywny.<\/p>\n<h3><strong>Premier apeluje o spok\u00f3j i wstrzemi\u0119\u017aliwo\u015b\u0107 w ocenach<\/strong><\/h3>\n<p>Premier S\u0142owacji Robert Fico z\u0142o\u017cy\u0142 \u017cyczenia szybkiego powrotu do zdrowia wszystkim poszkodowanym i podkre\u015bli\u0142, \u017ce jest w sta\u0142ym kontakcie z ministrami spraw wewn\u0119trznych i transportu, kt\u00f3rzy nadzoruj\u0105 akcj\u0119 ratunkow\u0105 na miejscu tragedii.<\/p>\n<p>Fico zaapelowa\u0142 jednocze\u015bnie o powstrzymanie si\u0119 od pochopnych ocen. \u201eOkoliczno\u015bci wypadku musi wyja\u015bni\u0107 szczeg\u00f3\u0142owe \u015bledztwo\u201d \u2013 zaznaczy\u0142.<\/p>\n<p>Katastrofa kolejowa w Jablonov nad Tur\u0148ou to jedna z najpowa\u017cniejszych tego typu tragedii w S\u0142owacji w ostatnich latach. Cho\u0107 nie dosz\u0142o do ofiar \u015bmiertelnych, liczba poszkodowanych i skala zniszcze\u0144 pokazuj\u0105, jak dramatyczne skutki mo\u017ce przynie\u015b\u0107 nawet pojedynczy b\u0142\u0105d w ruchu kolejowym.<\/p>\n","protected":false},"excerpt":{"rendered":"<p>Na wschodzie S\u0142owacji dosz\u0142o do powa\u017cnej katastrofy kolejowej. Oko\u0142o godziny 10:00 w pobli\u017cu miejscowo\u015bci Jablonov nad Tur\u0148ou w kraju koszyckim zderzy\u0142y si\u0119 dwa poci\u0105gi pasa\u017cerskie,&hellip;<\/p>\n","protected":false},"author":3,"featured_media":4463,"comment_status":"open","ping_status":"open","sticky":false,"template":"","format":"standard","meta":{"footnotes":""},"categories":[15,18],"tags":[],"class_list":["post-4462","post","type-post","status-publish","format-standard","has-post-thumbnail","hentry","category-swiat","category-top-news"],"_links":{"self":[{"href":"https:\/\/radiopoloniawinnipeg.com\/index.php\/wp-json\/wp\/v2\/posts\/4462","targetHints":{"allow":["GET"]}}],"collection":[{"href":"https:\/\/radiopoloniawinnipeg.com\/index.php\/wp-json\/wp\/v2\/posts"}],"about":[{"href":"https:\/\/radiopoloniawinnipeg.com\/index.php\/wp-json\/wp\/v2\/types\/post"}],"author":[{"embeddable":true,"href":"https:\/\/radiopoloniawinnipeg.com\/index.php\/wp-json\/wp\/v2\/users\/3"}],"replies":[{"embeddable":true,"href":"https:\/\/radiopoloniawinnipeg.com\/index.php\/wp-json\/wp\/v2\/comments?post=4462"}],"version-history":[{"count":0,"href":"https:\/\/radiopoloniawinnipeg.com\/index.php\/wp-json\/wp\/v2\/posts\/4462\/revisions"}],"wp:featuredmedia":[{"embeddable":true,"href":"https:\/\/radiopoloniawinnipeg.com\/index.php\/wp-json\/wp\/v2\/media\/4463"}],"wp:attachment":[{"href":"https:\/\/radiopoloniawinnipeg.com\/index.php\/wp-json\/wp\/v2\/media?parent=4462"}],"wp:term":[{"taxonomy":"category","embeddable":true,"href":"https:\/\/radiopoloniawinnipeg.com\/index.php\/wp-json\/wp\/v2\/categories?post=4462"},{"taxonomy":"post_tag","embeddable":true,"href":"https:\/\/radiopoloniawinnipeg.com\/index.php\/wp-json\/wp\/v2\/tags?post=4462"}],"curies":[{"name":"wp","href":"https:\/\/api.w.org\/{rel}","templated":true}]}}