{"id":4468,"date":"2025-10-13T20:15:11","date_gmt":"2025-10-14T00:15:11","guid":{"rendered":"https:\/\/radiopoloniawinnipeg.com\/index.php\/2025\/10\/13\/rosyjskie-zielone-ludziki-przy-granicy-z-estonia\/"},"modified":"2025-10-13T20:15:11","modified_gmt":"2025-10-14T00:15:11","slug":"rosyjskie-zielone-ludziki-przy-granicy-z-estonia","status":"publish","type":"post","link":"https:\/\/radiopoloniawinnipeg.com\/index.php\/2025\/10\/13\/rosyjskie-zielone-ludziki-przy-granicy-z-estonia\/","title":{"rendered":"Rosyjskie \u201ezielone ludziki&#8221; przy granicy z Estoni\u0105"},"content":{"rendered":"<p><img decoding=\"async\" loading=\"lazy\" class=\"aligncenter size-custom-full-size wp-image-225852\" src=\"https:\/\/bejsment.com\/wp-content\/uploads\/2025\/10\/aaludziki-636x359.jpg\" alt=\"\" width=\"636\" height=\"359\" \/><\/p>\n<p><strong>Rosja zn\u00f3w testuje cierpliwo\u015b\u0107 Zachodu \u2013 tym razem u granic Estonii. Jak wynika z najnowszego raportu ameryka\u0144skiego Instytutu Studi\u00f3w nad Wojn\u0105 (ISW), rosyjskie wojsko u\u017cy\u0142o w okolicach esto\u0144skiej granicy tzw. \u201ezielonych ludzik\u00f3w\u201d, czyli uzbrojonych \u017co\u0142nierzy bez oznacze\u0144. To pierwszy taki incydent od lat w bezpo\u015brednim s\u0105siedztwie pa\u0144stwa NATO.<\/strong><\/p>\n<p>Do incydentu dosz\u0142o 10 pa\u017adziernika w po\u0142udniowo-wschodniej cz\u0119\u015bci Estonii. W\u0142adze w Tallinnie zdecydowa\u0142y o zamkni\u0119ciu przej\u015bcia granicznego Saatse po tym, jak po rosyjskiej stronie zaobserwowano grup\u0119 uzbrojonych, niezidentyfikowanych m\u0119\u017cczyzn poruszaj\u0105cych si\u0119 wzd\u0142u\u017c pasa granicznego.<\/p>\n<p>Jak poinformowa\u0142 Meelis Saarepuu, dow\u00f3dca esto\u0144skiej stra\u017cy granicznej, \u017co\u0142nierze \u2013 kt\u00f3rych liczba si\u0119ga\u0142a oko\u0142o 10 \u2013 nie mieli standardowego umundurowania rosyjskiej stra\u017cy granicznej, co samo w sobie stanowi\u0142o powa\u017cne zagro\u017cenie.<\/p>\n<p>\u201ePocz\u0105tkowo przemieszczali si\u0119 wzd\u0142u\u017c drogi, ale w pewnym momencie ustawili si\u0119 prostopadle do niej\u201d \u2013 relacjonowa\u0142 Saarepuu.<\/p>\n<p>Na nagraniach opublikowanych przez esto\u0144skie media wida\u0107 zamaskowanych m\u0119\u017cczyzn z karabinami, kt\u00f3rzy patroluj\u0105 fragment drogi biegn\u0105cej przez rosyjskie terytorium. Moskwa o\u015bwiadczy\u0142a jedynie, \u017ce s\u0105 to \u201erutynowe dzia\u0142ania\u201d.<\/p>\n<h3><strong>Faza \u201eZero\u201d: Kreml testuje NATO<\/strong><\/h3>\n<p>ISW zwraca uwag\u0119, \u017ce pojawienie si\u0119 \u201ezielonych ludzik\u00f3w\u201d nast\u0105pi\u0142o nied\u0142ugo po naruszeniu esto\u0144skiej przestrzeni powietrznej przez rosyjskie samoloty wojskowe. Wed\u0142ug analityk\u00f3w to nie przypadek \u2013 to element szerszej strategii Moskwy, kt\u00f3r\u0105 think tank okre\u015bla mianem \u201eFazy Zero\u201d.<\/p>\n<p>Ta koncepcja oznacza etap przygotowa\u0144 do potencjalnej wojny z NATO poprzez dzia\u0142ania:<\/p>\n<ul>\n<li>psychologiczne \u2013 maj\u0105ce na celu zastraszenie i wywo\u0142anie niepewno\u015bci w pa\u0144stwach sojuszu,<\/li>\n<li>informacyjne \u2013 tworzenie narracji o rzekomych \u201eprowokacjach\u201d ze strony Zachodu,<\/li>\n<li>hybrydowe \u2013 \u0142\u0105cz\u0105ce elementy dezinformacji, presji militarnej i operacji specjalnych.<\/li>\n<\/ul>\n<p>ISW podkre\u015bla, \u017ce to pierwszy przypadek zastosowania \u201ezielonych ludzik\u00f3w\u201d przy granicy NATO w ramach tej strategii \u2013 dot\u0105d znanej g\u0142\u00f3wnie z aneksji Krymu w 2014 roku.<\/p>\n<h3><strong>Eksperci: To celowa prowokacja<\/strong><\/h3>\n<p>Esto\u0144ski ekspert ds. bezpiecze\u0144stwa Marek Kohv w rozmowie z lokalnymi mediami nazwa\u0142 pojawienie si\u0119 rosyjskiego oddzia\u0142u \u201eklasyczn\u0105 prowokacj\u0105\u201d i kolejnym elementem wojny hybrydowej prowadzonej przez Kreml.<\/p>\n<p>&#8211; To dzia\u0142anie w pe\u0142ni zaplanowane. Ma ono sprawdzi\u0107, jak zareaguj\u0105 esto\u0144skie s\u0142u\u017cby, spo\u0142ecze\u0144stwo i NATO. To test, zar\u00f3wno naszej gotowo\u015bci, jak i determinacji \u2013 podkre\u015bli\u0142 Kohv.<\/p>\n<h3><strong>Rosja zwi\u0119ksza presj\u0119 w regionie<\/strong><\/h3>\n<p>Incydent na granicy z Estoni\u0105 wpisuje si\u0119 w coraz bardziej agresywn\u0105 polityk\u0119 Rosji wobec Europy. W ostatnich miesi\u0105cach dochodzi\u0142o ju\u017c do licznych atak\u00f3w cybernetycznych, narusze\u0144 przestrzeni powietrznej, sabota\u017cu infrastruktury i pr\u00f3b wp\u0142ywania na opini\u0119 publiczn\u0105 w krajach UE.<\/p>\n<p>Zdaniem ekspert\u00f3w, dzia\u0142ania Moskwy maj\u0105 jeden cel \u2013 sprawdzi\u0107, jak daleko mo\u017ce si\u0119 posun\u0105\u0107, zanim NATO odpowie. \u201eZielone ludziki\u201d w pobli\u017cu esto\u0144skiej granicy to nie tylko incydent graniczny, ale sygna\u0142 ostrzegawczy: Kreml testuje granice cierpliwo\u015bci Zachodu.<\/p>\n","protected":false},"excerpt":{"rendered":"<p>Rosja zn\u00f3w testuje cierpliwo\u015b\u0107 Zachodu \u2013 tym razem u granic Estonii. Jak wynika z najnowszego raportu ameryka\u0144skiego Instytutu Studi\u00f3w nad Wojn\u0105 (ISW), rosyjskie wojsko u\u017cy\u0142o&hellip;<\/p>\n","protected":false},"author":3,"featured_media":4469,"comment_status":"open","ping_status":"open","sticky":false,"template":"","format":"standard","meta":{"footnotes":""},"categories":[15,18],"tags":[],"class_list":["post-4468","post","type-post","status-publish","format-standard","has-post-thumbnail","hentry","category-swiat","category-top-news"],"_links":{"self":[{"href":"https:\/\/radiopoloniawinnipeg.com\/index.php\/wp-json\/wp\/v2\/posts\/4468","targetHints":{"allow":["GET"]}}],"collection":[{"href":"https:\/\/radiopoloniawinnipeg.com\/index.php\/wp-json\/wp\/v2\/posts"}],"about":[{"href":"https:\/\/radiopoloniawinnipeg.com\/index.php\/wp-json\/wp\/v2\/types\/post"}],"author":[{"embeddable":true,"href":"https:\/\/radiopoloniawinnipeg.com\/index.php\/wp-json\/wp\/v2\/users\/3"}],"replies":[{"embeddable":true,"href":"https:\/\/radiopoloniawinnipeg.com\/index.php\/wp-json\/wp\/v2\/comments?post=4468"}],"version-history":[{"count":0,"href":"https:\/\/radiopoloniawinnipeg.com\/index.php\/wp-json\/wp\/v2\/posts\/4468\/revisions"}],"wp:featuredmedia":[{"embeddable":true,"href":"https:\/\/radiopoloniawinnipeg.com\/index.php\/wp-json\/wp\/v2\/media\/4469"}],"wp:attachment":[{"href":"https:\/\/radiopoloniawinnipeg.com\/index.php\/wp-json\/wp\/v2\/media?parent=4468"}],"wp:term":[{"taxonomy":"category","embeddable":true,"href":"https:\/\/radiopoloniawinnipeg.com\/index.php\/wp-json\/wp\/v2\/categories?post=4468"},{"taxonomy":"post_tag","embeddable":true,"href":"https:\/\/radiopoloniawinnipeg.com\/index.php\/wp-json\/wp\/v2\/tags?post=4468"}],"curies":[{"name":"wp","href":"https:\/\/api.w.org\/{rel}","templated":true}]}}