{"id":4498,"date":"2025-10-15T12:30:06","date_gmt":"2025-10-15T16:30:06","guid":{"rendered":"https:\/\/radiopoloniawinnipeg.com\/index.php\/2025\/10\/15\/bialy-kon-dla-papieza-nietypowy-prezent-od-polskiego-miasta\/"},"modified":"2025-10-15T12:30:06","modified_gmt":"2025-10-15T16:30:06","slug":"bialy-kon-dla-papieza-nietypowy-prezent-od-polskiego-miasta","status":"publish","type":"post","link":"https:\/\/radiopoloniawinnipeg.com\/index.php\/2025\/10\/15\/bialy-kon-dla-papieza-nietypowy-prezent-od-polskiego-miasta\/","title":{"rendered":"Bia\u0142y ko\u0144 dla papie\u017ca. Nietypowy prezent od polskiego miasta"},"content":{"rendered":"<p><strong> <img decoding=\"async\" loading=\"lazy\" class=\"aligncenter size-custom-full-size wp-image-225997\" src=\"https:\/\/bejsment.com\/wp-content\/uploads\/2025\/10\/aapapiez-636x358.jpeg\" alt=\"\" width=\"636\" height=\"358\" \/><\/strong><\/p>\n<p><strong>Podczas \u015brodowej audiencji generalnej w Watykanie papie\u017c Leon XIV otrzyma\u0142 niezwyk\u0142y prezent od w\u0142adz Ko\u0142obrzegu \u2013 12-letniego konia czystej krwi arabskiej o imieniu Proton. Dar zosta\u0142 przekazany tu\u017c przed spotkaniem Ojca \u015awi\u0119tego z wiernymi i \u2013 jak relacjonuj\u0105 media katolickie \u2013 wywo\u0142a\u0142 u papie\u017ca ogromn\u0105 rado\u015b\u0107.<\/strong><\/p>\n<p>Proton urodzi\u0142 si\u0119 w s\u0142ynnej stadninie w Janowie Podlaskim, a jego rodzice pochodz\u0105 z USA i Jordanii.<\/p>\n<p>\u2013 Pomys\u0142 narodzi\u0142 si\u0119, gdy zobaczy\u0142em zdj\u0119cie papie\u017ca konno w Peru. Pomy\u015bla\u0142em, \u017ce chcia\u0142bym mu podarowa\u0107 pi\u0119knego arabskiego konia \u2013 m\u00f3wi Andrzej Michalski, prezes Stadniny Koni Michalski w Ko\u0142obrzegu-Budzistowie. \u2013 Papie\u017c si\u0119 bardzo ucieszy\u0142. Wsp\u00f3lnie przeprowadzili\u015bmy konia, by\u0142 zadowolony, a my niezwykle szcz\u0119\u015bliwi \u2013 doda\u0142.<\/p>\n<p><strong>Symbol mi\u0142o\u015bci i oddania<\/strong><\/p>\n<p>Po uroczystym przekazaniu Proton \u2013 majestatyczny ko\u0144 o \u015bnie\u017cnobia\u0142ej sier\u015bci \u2013 zosta\u0142 poprowadzony przez papie\u017ca, by gest m\u00f3g\u0142 zosta\u0107 uwieczniony na zdj\u0119ciach. Teraz nowy ko\u0144 papieski zamieszka w stajni w Castel Gandolfo, letniej rezydencji Ojca \u015awi\u0119tego. Znajduj\u0105 si\u0119 tam ju\u017c konie andaluzyjskie, kt\u00f3re Leon XIV otrzyma\u0142 niedawno w prezencie.<\/p>\n<blockquote class=\"twitter-tweet\" data-width=\"550\" data-dnt=\"true\">\n<p lang=\"pl\" dir=\"ltr\">Before today\u2019s General Audience, Pope Leo XIV received a special gift from the Polish city of Ko\u0142obrzeg \u2014 a 12-year-old purebred Arabian horse named Proton, from the Michalski Stables in Ko\u0142obrzeg-Budzistowo. The elegant white horse will reside at Castel Gandolfo. Will the Holy\u2026 <a href=\"https:\/\/t.co\/AEOw8QoReh\">pic.twitter.com\/AEOw8QoReh<\/a><\/p>\n<p>&mdash; EWTN Vatican (@EWTNVatican) <a href=\"https:\/\/twitter.com\/EWTNVatican\/status\/1978376930572300774?ref_src=twsrc%5Etfw\">October 15, 2025<\/a><\/p>\n<\/blockquote>\n<p>Jak podkre\u015blono w dokumencie towarzysz\u0105cym darowi, podarowanie konia jest odpowiedzi\u0105 na adhortacj\u0119 papie\u017ca Dilexi te (Umi\u0142owa\u0142em ci\u0119), w kt\u00f3rej Ojciec \u015awi\u0119ty pisa\u0142, \u017ce \u201emi\u0142o\u015b\u0107 i najg\u0142\u0119bsze oddanie musz\u0105 by\u0107 wzmacniane gestami\u201d.<\/p>\n<p>Dziennikarka Magdalena Woli\u0144ska-Riedi, obecna na uroczysto\u015bci, nazwa\u0142a Proton \u201espokojnym, dostojnym i subtelnym cudem\u201d.<\/p>\n<p><strong>Papie\u017c i konie \u2013 stara mi\u0142o\u015b\u0107<\/strong><\/p>\n<p>Leon XIV od lat pasjonuje si\u0119 jazd\u0105 konn\u0105 \u2013 w m\u0142odo\u015bci cz\u0119sto przemieszcza\u0142 si\u0119 konno pomi\u0119dzy peruwia\u0144skimi wioskami, do kt\u00f3rych dociera\u0142 jako misjonarz. Teraz, jak podkre\u015blaj\u0105 watyka\u0144skie media, prezent z Polski b\u0119dzie nie tylko symbolem przyja\u017ani, ale tak\u017ce powrotem do tej pasji z czas\u00f3w m\u0142odo\u015bci.<\/p>\n","protected":false},"excerpt":{"rendered":"<p>Podczas \u015brodowej audiencji generalnej w Watykanie papie\u017c Leon XIV otrzyma\u0142 niezwyk\u0142y prezent od w\u0142adz Ko\u0142obrzegu \u2013 12-letniego konia czystej krwi arabskiej o imieniu Proton. Dar&hellip;<\/p>\n","protected":false},"author":3,"featured_media":4499,"comment_status":"open","ping_status":"open","sticky":false,"template":"","format":"standard","meta":{"footnotes":""},"categories":[15,18],"tags":[],"class_list":["post-4498","post","type-post","status-publish","format-standard","has-post-thumbnail","hentry","category-swiat","category-top-news"],"_links":{"self":[{"href":"https:\/\/radiopoloniawinnipeg.com\/index.php\/wp-json\/wp\/v2\/posts\/4498","targetHints":{"allow":["GET"]}}],"collection":[{"href":"https:\/\/radiopoloniawinnipeg.com\/index.php\/wp-json\/wp\/v2\/posts"}],"about":[{"href":"https:\/\/radiopoloniawinnipeg.com\/index.php\/wp-json\/wp\/v2\/types\/post"}],"author":[{"embeddable":true,"href":"https:\/\/radiopoloniawinnipeg.com\/index.php\/wp-json\/wp\/v2\/users\/3"}],"replies":[{"embeddable":true,"href":"https:\/\/radiopoloniawinnipeg.com\/index.php\/wp-json\/wp\/v2\/comments?post=4498"}],"version-history":[{"count":0,"href":"https:\/\/radiopoloniawinnipeg.com\/index.php\/wp-json\/wp\/v2\/posts\/4498\/revisions"}],"wp:featuredmedia":[{"embeddable":true,"href":"https:\/\/radiopoloniawinnipeg.com\/index.php\/wp-json\/wp\/v2\/media\/4499"}],"wp:attachment":[{"href":"https:\/\/radiopoloniawinnipeg.com\/index.php\/wp-json\/wp\/v2\/media?parent=4498"}],"wp:term":[{"taxonomy":"category","embeddable":true,"href":"https:\/\/radiopoloniawinnipeg.com\/index.php\/wp-json\/wp\/v2\/categories?post=4498"},{"taxonomy":"post_tag","embeddable":true,"href":"https:\/\/radiopoloniawinnipeg.com\/index.php\/wp-json\/wp\/v2\/tags?post=4498"}],"curies":[{"name":"wp","href":"https:\/\/api.w.org\/{rel}","templated":true}]}}