{"id":4526,"date":"2025-10-16T16:30:09","date_gmt":"2025-10-16T20:30:09","guid":{"rendered":"https:\/\/radiopoloniawinnipeg.com\/index.php\/2025\/10\/16\/polski-paszport-obiektem-pozadania\/"},"modified":"2025-10-16T16:30:09","modified_gmt":"2025-10-16T20:30:09","slug":"polski-paszport-obiektem-pozadania","status":"publish","type":"post","link":"https:\/\/radiopoloniawinnipeg.com\/index.php\/2025\/10\/16\/polski-paszport-obiektem-pozadania\/","title":{"rendered":"Polski paszport obiektem po\u017c\u0105dania"},"content":{"rendered":"<p><img decoding=\"async\" loading=\"lazy\" class=\"aligncenter size-custom-full-size wp-image-226105\" src=\"https:\/\/bejsment.com\/wp-content\/uploads\/2025\/10\/aaPolska-636x418.jpg\" alt=\"\" width=\"636\" height=\"418\" \/><\/p>\n<p><strong>Polskie obywatelstwo cieszy si\u0119 na \u015bwiecie coraz wi\u0119kszym uznaniem \u2013 tak wynika z danych, na kt\u00f3re powo\u0142a\u0142 si\u0119 wicepremier i minister spraw zagranicznych Rados\u0142aw Sikorski podczas konferencji prasowej w Senacie. Szef MSZ podkre\u015bli\u0142, \u017ce rosn\u0105ce zainteresowanie polskim paszportem jest dowodem na atrakcyjno\u015b\u0107 naszego kraju i pozytywny wizerunek Polski na \u015bwiecie.<\/strong><\/p>\n<p>\u2013 Wielki nar\u00f3d to nie taki, kt\u00f3ry zamyka si\u0119 w swoim etnicznym rdzeniu, ale taki, kt\u00f3ry przyci\u0105ga innych, daje im powody do na\u015bladowania i sprawia, \u017ce chc\u0105 si\u0119 sta\u0107 tacy jak my \u2013 m\u00f3wi\u0142 Sikorski. Jak doda\u0142, po raz pierwszy od prawie trzech stuleci wi\u0119cej Polak\u00f3w wraca do kraju, ni\u017c z niego wyje\u017cd\u017ca. \u2013 M\u00f3wi\u0119 to jako by\u0142y emigrant, kt\u00f3ry wr\u00f3ci\u0142 do Polski i nie \u017ca\u0142uje \u2013 zaznaczy\u0142.<\/p>\n<p>Minister podkre\u015bli\u0142, \u017ce polsko\u015b\u0107 sta\u0142a si\u0119 dzi\u015b \u201emodna\u201d. Coraz wi\u0119cej os\u00f3b z zagranicy odkrywa swoje polskie korzenie, a tysi\u0105ce z nich ubiegaj\u0105 si\u0119 o wydanie paszportu lub przywr\u00f3cenie obywatelstwa.<\/p>\n<p>\u2013 Ludzie chc\u0105 mieszka\u0107 w Polsce, i to nie tylko w krajach by\u0142ego ZSRR, ale r\u00f3wnie\u017c w Ameryce P\u00f3\u0142nocnej, Ameryce \u0141aci\u0144skiej czy na Bliskim Wschodzie. G\u0142osuj\u0105 nogami za Polsk\u0105, bo Polska jest lepsza \u2013 podkre\u015bli\u0142.<\/p>\n<h3><strong>Paszport RP w \u015bwiatowej czo\u0142\u00f3wce<\/strong><\/h3>\n<p>Wed\u0142ug renomowanego indeksu Henleya, polski paszport znajduje si\u0119 obecnie na 7. miejscu na \u015bwiecie pod wzgl\u0119dem atrakcyjno\u015bci. Oznacza to, \u017ce jego posiadacze mog\u0105 wjecha\u0107 bez wiz do najwi\u0119kszej liczby pa\u0144stw, wyprzedzaj\u0105c m.in. obywateli Wielkiej Brytanii i Stan\u00f3w Zjednoczonych.<\/p>\n<p>\u2013 To namacalny dow\u00f3d naszego sukcesu i pozytywny sygna\u0142 dla przysz\u0142ej polityki wobec Polonii i rodak\u00f3w mieszkaj\u0105cych za granic\u0105 \u2013 zaznaczy\u0142 szef polskiej dyplomacji.<\/p>\n","protected":false},"excerpt":{"rendered":"<p>Polskie obywatelstwo cieszy si\u0119 na \u015bwiecie coraz wi\u0119kszym uznaniem \u2013 tak wynika z danych, na kt\u00f3re powo\u0142a\u0142 si\u0119 wicepremier i minister spraw zagranicznych Rados\u0142aw Sikorski&hellip;<\/p>\n","protected":false},"author":3,"featured_media":4527,"comment_status":"open","ping_status":"open","sticky":false,"template":"","format":"standard","meta":{"footnotes":""},"categories":[15,18],"tags":[],"class_list":["post-4526","post","type-post","status-publish","format-standard","has-post-thumbnail","hentry","category-swiat","category-top-news"],"_links":{"self":[{"href":"https:\/\/radiopoloniawinnipeg.com\/index.php\/wp-json\/wp\/v2\/posts\/4526","targetHints":{"allow":["GET"]}}],"collection":[{"href":"https:\/\/radiopoloniawinnipeg.com\/index.php\/wp-json\/wp\/v2\/posts"}],"about":[{"href":"https:\/\/radiopoloniawinnipeg.com\/index.php\/wp-json\/wp\/v2\/types\/post"}],"author":[{"embeddable":true,"href":"https:\/\/radiopoloniawinnipeg.com\/index.php\/wp-json\/wp\/v2\/users\/3"}],"replies":[{"embeddable":true,"href":"https:\/\/radiopoloniawinnipeg.com\/index.php\/wp-json\/wp\/v2\/comments?post=4526"}],"version-history":[{"count":0,"href":"https:\/\/radiopoloniawinnipeg.com\/index.php\/wp-json\/wp\/v2\/posts\/4526\/revisions"}],"wp:featuredmedia":[{"embeddable":true,"href":"https:\/\/radiopoloniawinnipeg.com\/index.php\/wp-json\/wp\/v2\/media\/4527"}],"wp:attachment":[{"href":"https:\/\/radiopoloniawinnipeg.com\/index.php\/wp-json\/wp\/v2\/media?parent=4526"}],"wp:term":[{"taxonomy":"category","embeddable":true,"href":"https:\/\/radiopoloniawinnipeg.com\/index.php\/wp-json\/wp\/v2\/categories?post=4526"},{"taxonomy":"post_tag","embeddable":true,"href":"https:\/\/radiopoloniawinnipeg.com\/index.php\/wp-json\/wp\/v2\/tags?post=4526"}],"curies":[{"name":"wp","href":"https:\/\/api.w.org\/{rel}","templated":true}]}}