{"id":4540,"date":"2025-10-17T12:15:06","date_gmt":"2025-10-17T16:15:06","guid":{"rendered":"https:\/\/radiopoloniawinnipeg.com\/index.php\/2025\/10\/17\/tragiczny-wypadek-polskiego-autokaru-w-austrii-jedna-osoba-nie-zyje\/"},"modified":"2025-10-17T12:15:06","modified_gmt":"2025-10-17T16:15:06","slug":"tragiczny-wypadek-polskiego-autokaru-w-austrii-jedna-osoba-nie-zyje","status":"publish","type":"post","link":"https:\/\/radiopoloniawinnipeg.com\/index.php\/2025\/10\/17\/tragiczny-wypadek-polskiego-autokaru-w-austrii-jedna-osoba-nie-zyje\/","title":{"rendered":"Tragiczny wypadek polskiego autokaru w Austrii. Jedna osoba nie \u017cyje"},"content":{"rendered":"<p><img decoding=\"async\" loading=\"lazy\" class=\"aligncenter size-custom-full-size wp-image-226204\" src=\"https:\/\/bejsment.com\/wp-content\/uploads\/2025\/10\/aawypadek-1-636x478.jpg\" alt=\"\" width=\"636\" height=\"478\" \/><\/p>\n<p><strong>Do dramatycznego wypadku z udzia\u0142em trzech polskich pojazd\u00f3w dosz\u0142o w czwartek rano na autostradzie A5 w kierunku granicy z Czechami. W wyniku zderzenia autokaru, ci\u0119\u017car\u00f3wki i samochodu dostawczego zgin\u0119\u0142a jedna osoba, a kilkana\u015bcie zosta\u0142o rannych \u2013 w tym cztery ci\u0119\u017cko. Wszystkie pojazdy mia\u0142y polskie tablice rejestracyjne.<\/strong><\/p>\n<p>Wed\u0142ug austriackich medi\u00f3w, tragedia rozegra\u0142a si\u0119, gdy dostawczy bus \u2013 z nieustalonych jeszcze przyczyn \u2013 zjecha\u0142 na przeciwleg\u0142y pas ruchu, gdzie czo\u0142owo zderzy\u0142 si\u0119 z ci\u0119\u017car\u00f3wk\u0105. Chwil\u0119 p\u00f3\u017aniej w oba rozbite pojazdy uderzy\u0142 polski autokar, kt\u00f3rego kierowca nie zd\u0105\u017cy\u0142 wyhamowa\u0107.<\/p>\n<p>Na miejscu zgin\u0105\u0142 kierowca furgonetki. Jego pojazd zosta\u0142 doszcz\u0119tnie zniszczony, co potwierdzaj\u0105 dramatyczne zdj\u0119cia opublikowane przez lokaln\u0105 stra\u017c po\u017carn\u0105. Kierowcy ci\u0119\u017car\u00f3wki i autobusu zostali zakleszczeni w kabinach \u2013 ratownicy musieli u\u017cy\u0107 ci\u0119\u017ckiego sprz\u0119tu hydraulicznego, aby ich wydoby\u0107.<\/p>\n<h3><strong>Polscy obywatele w\u015br\u00f3d rannych<\/strong><\/h3>\n<p>Autokarem podr\u00f3\u017cowa\u0142y 24 osoby \u2013 22 pasa\u017cer\u00f3w i dw\u00f3ch kierowc\u00f3w. Wed\u0142ug informacji s\u0142u\u017cb, w\u015br\u00f3d rannych znajduj\u0105 si\u0119 obywatele Polski. Cz\u0119\u015b\u0107 z poszkodowanych zosta\u0142a przetransportowana do szpitali w Austrii, a cz\u0119\u015b\u0107 \u2013 ze wzgl\u0119du na blisko\u015b\u0107 granicy \u2013 do plac\u00f3wek w Czechach.<\/p>\n<p>Na miejsce skierowano oko\u0142o 70 ratownik\u00f3w i trzy \u015bmig\u0142owce medyczne. Akcja by\u0142a wyj\u0105tkowo trudna ze wzgl\u0119du na rozleg\u0142e zniszczenia i blokad\u0119 obu pas\u00f3w ruchu.<\/p>\n<p>\u2013 Dzia\u0142ania by\u0142y skomplikowane i wymaga\u0142y u\u017cycia ci\u0119\u017ckiego sprz\u0119tu hydraulicznego \u2013 przekazali stra\u017cacy z regionu Mistelbach.<\/p>\n<h3><strong>Konsul wspiera akcj\u0119 na miejscu<\/strong><\/h3>\n<p>Rzecznik polskiego MSZ Maciej Wiewi\u00f3r potwierdzi\u0142, \u017ce wszystkie pojazdy uczestnicz\u0105ce w wypadku pochodzi\u0142y z Polski.<\/p>\n<p>\u2013 W wypadku uczestniczy\u0142y pojazdy zarejestrowane w Polsce, a w\u015br\u00f3d poszkodowanych s\u0105 obywatele polscy. Konsul jest w kontakcie z austriackimi s\u0142u\u017cbami i ustala szczeg\u00f3\u0142y \u2013 poinformowa\u0142 w rozmowie z Wirtualn\u0105 Polsk\u0105.<\/p>\n<p>Konsul wspiera s\u0142u\u017cby w ustalaniu to\u017csamo\u015bci ofiar i stanu rannych. Osoby, kt\u00f3re nie ucierpia\u0142y w wypadku, skontaktowa\u0142y si\u0119 ju\u017c ze swoimi rodzinami.<\/p>\n","protected":false},"excerpt":{"rendered":"<p>Do dramatycznego wypadku z udzia\u0142em trzech polskich pojazd\u00f3w dosz\u0142o w czwartek rano na autostradzie A5 w kierunku granicy z Czechami. W wyniku zderzenia autokaru, ci\u0119\u017car\u00f3wki&hellip;<\/p>\n","protected":false},"author":3,"featured_media":4541,"comment_status":"open","ping_status":"open","sticky":false,"template":"","format":"standard","meta":{"footnotes":""},"categories":[15,18],"tags":[],"class_list":["post-4540","post","type-post","status-publish","format-standard","has-post-thumbnail","hentry","category-swiat","category-top-news"],"_links":{"self":[{"href":"https:\/\/radiopoloniawinnipeg.com\/index.php\/wp-json\/wp\/v2\/posts\/4540","targetHints":{"allow":["GET"]}}],"collection":[{"href":"https:\/\/radiopoloniawinnipeg.com\/index.php\/wp-json\/wp\/v2\/posts"}],"about":[{"href":"https:\/\/radiopoloniawinnipeg.com\/index.php\/wp-json\/wp\/v2\/types\/post"}],"author":[{"embeddable":true,"href":"https:\/\/radiopoloniawinnipeg.com\/index.php\/wp-json\/wp\/v2\/users\/3"}],"replies":[{"embeddable":true,"href":"https:\/\/radiopoloniawinnipeg.com\/index.php\/wp-json\/wp\/v2\/comments?post=4540"}],"version-history":[{"count":0,"href":"https:\/\/radiopoloniawinnipeg.com\/index.php\/wp-json\/wp\/v2\/posts\/4540\/revisions"}],"wp:featuredmedia":[{"embeddable":true,"href":"https:\/\/radiopoloniawinnipeg.com\/index.php\/wp-json\/wp\/v2\/media\/4541"}],"wp:attachment":[{"href":"https:\/\/radiopoloniawinnipeg.com\/index.php\/wp-json\/wp\/v2\/media?parent=4540"}],"wp:term":[{"taxonomy":"category","embeddable":true,"href":"https:\/\/radiopoloniawinnipeg.com\/index.php\/wp-json\/wp\/v2\/categories?post=4540"},{"taxonomy":"post_tag","embeddable":true,"href":"https:\/\/radiopoloniawinnipeg.com\/index.php\/wp-json\/wp\/v2\/tags?post=4540"}],"curies":[{"name":"wp","href":"https:\/\/api.w.org\/{rel}","templated":true}]}}