{"id":4576,"date":"2025-10-19T08:30:07","date_gmt":"2025-10-19T12:30:07","guid":{"rendered":"https:\/\/radiopoloniawinnipeg.com\/index.php\/2025\/10\/19\/koniec-rozejmu-hamas-uderzyl-w-sily-izraela-ten-nie-pozostal-dluzny\/"},"modified":"2025-10-19T08:30:07","modified_gmt":"2025-10-19T12:30:07","slug":"koniec-rozejmu-hamas-uderzyl-w-sily-izraela-ten-nie-pozostal-dluzny","status":"publish","type":"post","link":"https:\/\/radiopoloniawinnipeg.com\/index.php\/2025\/10\/19\/koniec-rozejmu-hamas-uderzyl-w-sily-izraela-ten-nie-pozostal-dluzny\/","title":{"rendered":"Koniec rozejmu? Hamas uderzy\u0142 w si\u0142y Izraela. Ten nie pozosta\u0142 d\u0142u\u017cny"},"content":{"rendered":"<p><img decoding=\"async\" loading=\"lazy\" class=\"aligncenter size-custom-full-size wp-image-226323\" src=\"https:\/\/bejsment.com\/wp-content\/uploads\/2025\/10\/aahamas-636x380.jpg\" alt=\"\" width=\"636\" height=\"380\" \/><\/p>\n<p><strong>Uzbrojone oddzia\u0142y Hamasu przeprowadzi\u0142y w niedziel\u0119 atak na si\u0142y izraelskie w Rafah, na po\u0142udniu Strefy Gazy \u2013 poinformowa\u0142y portal <em>The Times of Israel<\/em> i agencja Reuters. Izraelskie Si\u0142y Obronne (IDF) odpowiedzia\u0142y seri\u0105 nalot\u00f3w na cele w tym rejonie.<\/strong><\/p>\n<p>Wed\u0142ug izraelskich medi\u00f3w incydent stanowi powa\u017cne naruszenie obowi\u0105zuj\u0105cego porozumienia o zawieszeniu broni. Do star\u0107 dosz\u0142o w rejonie strategicznym, w kt\u00f3rym od tygodni utrzymywa\u0142 si\u0119 wzgl\u0119dny spok\u00f3j po podpisaniu rozejmu mi\u0119dzy Izraelem a Hamasem.<\/p>\n<h3><strong>Politycy \u017c\u0105daj\u0105 wznowienia ofensywy<\/strong><\/h3>\n<p>Atak wywo\u0142a\u0142 ostr\u0105 reakcj\u0119 w izraelskiej klasie politycznej. Minister bezpiecze\u0144stwa narodowego Itamar Ben Gwir wezwa\u0142 premiera Benjamina Netanjahu do natychmiastowego wznowienia dzia\u0142a\u0144 zbrojnych w Strefie Gazy.<\/p>\n<p>\u2013 Wzywam premiera do nakazania Si\u0142om Obronnym Izraela wznowienia walk z pe\u0142n\u0105 si\u0142\u0105 \u2013 o\u015bwiadczy\u0142 Ben Gwir. \u2013 Fa\u0142szywe przekonanie, \u017ce Hamas zmieni swoje post\u0119powanie albo b\u0119dzie przestrzega\u0142 porozumienia, okazuje si\u0119 zagro\u017ceniem dla naszego bezpiecze\u0144stwa. Ta nazistowska organizacja terrorystyczna musi zosta\u0107 ca\u0142kowicie zniszczona \u2013 doda\u0142.<\/p>\n<h3><strong>Rozejm pod znakiem zapytania<\/strong><\/h3>\n<p>Niedzielne wydarzenia mog\u0105 oznacza\u0107 powa\u017cne za\u0142amanie procesu pokojowego. Eksperci wskazuj\u0105, \u017ce izraelski rz\u0105d stoi teraz przed trudnym wyborem \u2013 albo kontynuowa\u0107 pr\u00f3b\u0119 utrzymania kruchego rozejmu, albo rozpocz\u0105\u0107 kolejn\u0105 faz\u0119 dzia\u0142a\u0144 zbrojnych w Strefie Gazy.<\/p>\n<p>Sytuacja w Rafah pokazuje r\u00f3wnie\u017c, jak niestabilne i kruche s\u0105 obecne porozumienia. W ocenie izraelskich komentator\u00f3w, nawet pojedynczy incydent mo\u017ce doprowadzi\u0107 do eskalacji konfliktu, kt\u00f3ry w ka\u017cdej chwili mo\u017ce rozgorze\u0107 na nowo z pe\u0142n\u0105 si\u0142\u0105.<\/p>\n","protected":false},"excerpt":{"rendered":"<p>Uzbrojone oddzia\u0142y Hamasu przeprowadzi\u0142y w niedziel\u0119 atak na si\u0142y izraelskie w Rafah, na po\u0142udniu Strefy Gazy \u2013 poinformowa\u0142y portal The Times of Israel i agencja&hellip;<\/p>\n","protected":false},"author":3,"featured_media":4577,"comment_status":"open","ping_status":"open","sticky":false,"template":"","format":"standard","meta":{"footnotes":""},"categories":[15,18],"tags":[],"class_list":["post-4576","post","type-post","status-publish","format-standard","has-post-thumbnail","hentry","category-swiat","category-top-news"],"_links":{"self":[{"href":"https:\/\/radiopoloniawinnipeg.com\/index.php\/wp-json\/wp\/v2\/posts\/4576","targetHints":{"allow":["GET"]}}],"collection":[{"href":"https:\/\/radiopoloniawinnipeg.com\/index.php\/wp-json\/wp\/v2\/posts"}],"about":[{"href":"https:\/\/radiopoloniawinnipeg.com\/index.php\/wp-json\/wp\/v2\/types\/post"}],"author":[{"embeddable":true,"href":"https:\/\/radiopoloniawinnipeg.com\/index.php\/wp-json\/wp\/v2\/users\/3"}],"replies":[{"embeddable":true,"href":"https:\/\/radiopoloniawinnipeg.com\/index.php\/wp-json\/wp\/v2\/comments?post=4576"}],"version-history":[{"count":0,"href":"https:\/\/radiopoloniawinnipeg.com\/index.php\/wp-json\/wp\/v2\/posts\/4576\/revisions"}],"wp:featuredmedia":[{"embeddable":true,"href":"https:\/\/radiopoloniawinnipeg.com\/index.php\/wp-json\/wp\/v2\/media\/4577"}],"wp:attachment":[{"href":"https:\/\/radiopoloniawinnipeg.com\/index.php\/wp-json\/wp\/v2\/media?parent=4576"}],"wp:term":[{"taxonomy":"category","embeddable":true,"href":"https:\/\/radiopoloniawinnipeg.com\/index.php\/wp-json\/wp\/v2\/categories?post=4576"},{"taxonomy":"post_tag","embeddable":true,"href":"https:\/\/radiopoloniawinnipeg.com\/index.php\/wp-json\/wp\/v2\/tags?post=4576"}],"curies":[{"name":"wp","href":"https:\/\/api.w.org\/{rel}","templated":true}]}}