{"id":4586,"date":"2025-10-19T16:15:09","date_gmt":"2025-10-19T20:15:09","guid":{"rendered":"https:\/\/radiopoloniawinnipeg.com\/index.php\/2025\/10\/19\/schroeder-polska-mnie-nie-interesowala\/"},"modified":"2025-10-19T16:15:09","modified_gmt":"2025-10-19T20:15:09","slug":"schroeder-polska-mnie-nie-interesowala","status":"publish","type":"post","link":"https:\/\/radiopoloniawinnipeg.com\/index.php\/2025\/10\/19\/schroeder-polska-mnie-nie-interesowala\/","title":{"rendered":"Schroeder: \u201ePolska mnie nie interesowa\u0142a\u201d"},"content":{"rendered":"<p><img decoding=\"async\" loading=\"lazy\" class=\"aligncenter size-custom-full-size wp-image-226357\" src=\"https:\/\/bejsment.com\/wp-content\/uploads\/2025\/10\/aaschroeder2-636x477.jpg\" alt=\"\" width=\"636\" height=\"477\" \/><\/p>\n<p><strong>By\u0142y kanclerz Niemiec Gerhard Schroeder stan\u0105\u0142 w pi\u0105tek przed komisj\u0105 \u015bledcz\u0105 parlamentu krajowego Meklemburgii-Pomorza Przedniego, gdzie odpowiada\u0142 na pytania dotycz\u0105ce budowy gazoci\u0105gu Nord Stream 2. Podczas przes\u0142uchania broni\u0142 swojego zaanga\u017cowania w projekt, t\u0142umacz\u0105c, \u017ce jego celem by\u0142o \u201euniezale\u017cnienie niemieckiego zaopatrzenia w energi\u0119 od energii j\u0105drowej i w\u0119glowej\u201d oraz pozyskiwanie gazu z Rosji \u201epo rozs\u0105dnych cenach\u201d.<\/strong><\/p>\n<p>Schroeder okre\u015bli\u0142 wsp\u00f3\u0142prac\u0119 gospodarcz\u0105 Niemiec z Rosj\u0105 mianem \u201epolityki pokojowej\u201d, kt\u00f3r\u0105 \u2013 jak twierdzi \u2013 nale\u017ca\u0142oby kontynuowa\u0107 r\u00f3wnie\u017c dzi\u015b. Jego wypowiedzi spotka\u0142y si\u0119 jednak z ostr\u0105 krytyk\u0105 niemieckich medi\u00f3w.<\/p>\n<h3><strong>\u201eNie wasz interes\u201d. Schroeder ignoruje Polsk\u0119<\/strong><\/h3>\n<p>By\u0142y kanclerz wywo\u0142a\u0142 oburzenie swoim zachowaniem wobec parlamentarzyst\u00f3w. Na pytanie dotycz\u0105ce jego kontakt\u00f3w z rosyjskim biznesem odpowiedzia\u0142: \u201eNie wasz interes\u201d. Jeszcze wi\u0119ksze emocje wywo\u0142a\u0142a jego uwaga dotycz\u0105ca Polski \u2013 Schroeder stwierdzi\u0142, \u017ce \u201ezastrze\u017cenia polskiego rz\u0105du wobec gazoci\u0105gu przez Ba\u0142tyk nie interesowa\u0142y go\u201d.<\/p>\n<p>Komentuj\u0105c jego zeznania, dziennik \u201eFrankfurter Allgemeine Zeitung\u201d oceni\u0142 te s\u0142owa jako \u201ebezczelno\u015b\u0107 wobec kraju s\u0105siedniego, kt\u00f3ry w przeciwie\u0144stwie do Rosji jest sojusznikiem Niemiec\u201d. Autor analizy, Reinhard Veser, zwr\u00f3ci\u0142 uwag\u0119, \u017ce trudno by\u0142o oczekiwa\u0107 od Schroedera refleksji nad w\u0142asn\u0105 polityk\u0105.<\/p>\n<h3><strong>Krytyka fundacji i ignorowanie interes\u00f3w sojusznik\u00f3w<\/strong><\/h3>\n<p>\u201eFAZ\u201d podkre\u015bla, \u017ce by\u0142y kanclerz nie wykaza\u0142 ch\u0119ci do wyja\u015bnienia roli fundacji ds. klimatu, kt\u00f3ra \u2013 jak wskazuj\u0105 \u015bledczy \u2013 w rzeczywisto\u015bci by\u0142a przykrywk\u0105 dla wspierania rosyjskiej polityki energetycznej. Cho\u0107 przes\u0142uchanie nie przynios\u0142o nowych fakt\u00f3w, pozwoli\u0142o \u2013 jak napisano \u2013 \u201ezajrze\u0107 g\u0142\u0119boko w spos\u00f3b my\u015blenia i dzia\u0142ania siatki stworzonej przez Schroedera, kt\u00f3ra s\u0142u\u017cy\u0142a interesom rosyjskiego re\u017cimu, a powa\u017cnie szkodzi\u0142a Niemcom\u201d.<\/p>\n<p>Dziennikarze zwracaj\u0105 r\u00f3wnie\u017c uwag\u0119, \u017ce swoj\u0105 postaw\u0105 by\u0142y kanclerz przyczyni\u0142 si\u0119 do pog\u0142\u0119bienia \u201ehistorycznie uzasadnionej nieufno\u015bci Polak\u00f3w wobec Niemiec \u2013 nawet w \u015brodowiskach proeuropejskich\u201d. \u201eTo, \u017ce \u015bwiadome ignorowanie polskich interes\u00f3w nazywa \u00bbpolityk\u0105 pokojow\u0105\u00ab, demaskuje go\u201d \u2013 podsumowa\u0142 Veser.<\/p>\n","protected":false},"excerpt":{"rendered":"<p>By\u0142y kanclerz Niemiec Gerhard Schroeder stan\u0105\u0142 w pi\u0105tek przed komisj\u0105 \u015bledcz\u0105 parlamentu krajowego Meklemburgii-Pomorza Przedniego, gdzie odpowiada\u0142 na pytania dotycz\u0105ce budowy gazoci\u0105gu Nord Stream 2.&hellip;<\/p>\n","protected":false},"author":3,"featured_media":4587,"comment_status":"open","ping_status":"open","sticky":false,"template":"","format":"standard","meta":{"footnotes":""},"categories":[15,18],"tags":[],"class_list":["post-4586","post","type-post","status-publish","format-standard","has-post-thumbnail","hentry","category-swiat","category-top-news"],"_links":{"self":[{"href":"https:\/\/radiopoloniawinnipeg.com\/index.php\/wp-json\/wp\/v2\/posts\/4586","targetHints":{"allow":["GET"]}}],"collection":[{"href":"https:\/\/radiopoloniawinnipeg.com\/index.php\/wp-json\/wp\/v2\/posts"}],"about":[{"href":"https:\/\/radiopoloniawinnipeg.com\/index.php\/wp-json\/wp\/v2\/types\/post"}],"author":[{"embeddable":true,"href":"https:\/\/radiopoloniawinnipeg.com\/index.php\/wp-json\/wp\/v2\/users\/3"}],"replies":[{"embeddable":true,"href":"https:\/\/radiopoloniawinnipeg.com\/index.php\/wp-json\/wp\/v2\/comments?post=4586"}],"version-history":[{"count":0,"href":"https:\/\/radiopoloniawinnipeg.com\/index.php\/wp-json\/wp\/v2\/posts\/4586\/revisions"}],"wp:featuredmedia":[{"embeddable":true,"href":"https:\/\/radiopoloniawinnipeg.com\/index.php\/wp-json\/wp\/v2\/media\/4587"}],"wp:attachment":[{"href":"https:\/\/radiopoloniawinnipeg.com\/index.php\/wp-json\/wp\/v2\/media?parent=4586"}],"wp:term":[{"taxonomy":"category","embeddable":true,"href":"https:\/\/radiopoloniawinnipeg.com\/index.php\/wp-json\/wp\/v2\/categories?post=4586"},{"taxonomy":"post_tag","embeddable":true,"href":"https:\/\/radiopoloniawinnipeg.com\/index.php\/wp-json\/wp\/v2\/tags?post=4586"}],"curies":[{"name":"wp","href":"https:\/\/api.w.org\/{rel}","templated":true}]}}