{"id":4592,"date":"2025-10-19T20:30:08","date_gmt":"2025-10-20T00:30:08","guid":{"rendered":"https:\/\/radiopoloniawinnipeg.com\/index.php\/2025\/10\/19\/horror-na-staten-island-mozg-ofiary-w-blenderze\/"},"modified":"2025-10-19T20:30:08","modified_gmt":"2025-10-20T00:30:08","slug":"horror-na-staten-island-mozg-ofiary-w-blenderze","status":"publish","type":"post","link":"https:\/\/radiopoloniawinnipeg.com\/index.php\/2025\/10\/19\/horror-na-staten-island-mozg-ofiary-w-blenderze\/","title":{"rendered":"Horror na Staten Island: m\u00f3zg ofiary w blenderze"},"content":{"rendered":"<p><img decoding=\"async\" loading=\"lazy\" class=\"aligncenter size-custom-full-size wp-image-226379\" src=\"https:\/\/bejsment.com\/wp-content\/uploads\/2025\/10\/aapolicjaNY-636x333.jpg\" alt=\"\" width=\"636\" height=\"333\" \/><\/p>\n<p><strong>19-letni Damien Hurstel ze Staten Island w Nowym Jorku zamordowa\u0142 partnera swojej matki w wyj\u0105tkowo brutalny spos\u00f3b \u2013 po zadaniu mu \u015bmiertelnych cios\u00f3w no\u017cem odci\u0105\u0142 g\u0142ow\u0119, wydoby\u0142 m\u00f3zg \u0142y\u017ck\u0105 i wrzuci\u0142 go do blendera. Do zbrodni dosz\u0142o 6 pa\u017adziernika w domu rodziny przy Cary Avenue w dzielnicy West Brighton.<\/strong><\/p>\n<p>Policjanci, kt\u00f3rzy przybyli na miejsce, znale\u017ali cia\u0142o 45-letniego Anthony\u2019ego Casalaspro z plastikow\u0105 \u0142y\u017ck\u0105 do zupy wbity\u0105 w tu\u0142\u00f3w. Obok le\u017ca\u0142a odci\u0119ta g\u0142owa ofiary \u2013 r\u00f3wnie\u017c z wystaj\u0105c\u0105 \u0142y\u017ck\u0105.<\/p>\n<p>Hurstel przyzna\u0142 si\u0119 przed s\u0105dem do zab\u00f3jstwa. Odpowiada za morderstwo drugiego stopnia, nieumy\u015blne spowodowanie \u015bmierci i posiadanie broni. Jego obro\u0144ca Mark Fonte poinformowa\u0142, \u017ce m\u0142ody m\u0119\u017cczyzna zosta\u0142 niedawno przeniesiony ze szpitala do izolatki w wi\u0119zieniu Rikers Island.<\/p>\n<p>\u2013 To by\u0142o przera\u017caj\u0105ce \u2013 powiedzia\u0142 adwokat po rozmowie z podopiecznym. \u2013 Mia\u0142 ogromne problemy z odr\u00f3\u017cnieniem rzeczywisto\u015bci od fantazji. Nie by\u0142 pewien, co naprawd\u0119 si\u0119 wydarzy\u0142o.<\/p>\n<h3><strong>\u201eCzy chcesz, \u017ceby mama \u017cy\u0142a?\u201d<\/strong><\/h3>\n<p>Tu\u017c po zab\u00f3jstwie Hurstel pokaza\u0142 zakrwawione cia\u0142o Casalaspro swojej 16-letniej siostrze w \u0142azience. Zapyta\u0142 j\u0105, czy chce, by ich matka prze\u017cy\u0142a. Przera\u017cona dziewczyna wybieg\u0142a z domu i natychmiast powiadomi\u0142a matk\u0119 o tym, co si\u0119 sta\u0142o.<\/p>\n<p>Zamordowany m\u0119\u017cczyzna pracowa\u0142 w miejskim Departamencie Sanitarnym. Wed\u0142ug Alicii Zayas, matki sprawcy, jej partner stara\u0142 si\u0119 pom\u00f3c ch\u0142opakowi \u2013 zabiera\u0142 go na ryby, wspiera\u0142 i pr\u00f3bowa\u0142 nawi\u0105za\u0107 z nim relacj\u0119.<\/p>\n<h3><strong>Lata choroby i dramatyczna eskalacja<\/strong><\/h3>\n<p>Matka opowiada, \u017ce jej syn od 13. roku \u017cycia cierpia\u0142 na powa\u017cne zaburzenia psychiczne. Miewa\u0142 halucynacje i rysowa\u0142 przera\u017caj\u0105ce sceny, kt\u00f3re \u2013 jak twierdzi\u0142 \u2013 widzia\u0142. Leczy\u0142 si\u0119 psychiatrycznie i przyjmowa\u0142 leki przeciwpsychotyczne.<\/p>\n<p>Zayas przez lata kontrolowa\u0142a leczenie syna, ale po osi\u0105gni\u0119ciu przez niego pe\u0142noletno\u015bci nie mia\u0142a ju\u017c na to wp\u0142ywu. W styczniu lekarze z Richmond University Medical Center zmienili jego leki bez informowania rodziny, co \u2013 jak twierdzi kobieta \u2013 doprowadzi\u0142o do gwa\u0142townego pogorszenia jego stanu psychicznego.<\/p>\n","protected":false},"excerpt":{"rendered":"<p>19-letni Damien Hurstel ze Staten Island w Nowym Jorku zamordowa\u0142 partnera swojej matki w wyj\u0105tkowo brutalny spos\u00f3b \u2013 po zadaniu mu \u015bmiertelnych cios\u00f3w no\u017cem odci\u0105\u0142&hellip;<\/p>\n","protected":false},"author":3,"featured_media":4593,"comment_status":"open","ping_status":"open","sticky":false,"template":"","format":"standard","meta":{"footnotes":""},"categories":[15,18],"tags":[],"class_list":["post-4592","post","type-post","status-publish","format-standard","has-post-thumbnail","hentry","category-swiat","category-top-news"],"_links":{"self":[{"href":"https:\/\/radiopoloniawinnipeg.com\/index.php\/wp-json\/wp\/v2\/posts\/4592","targetHints":{"allow":["GET"]}}],"collection":[{"href":"https:\/\/radiopoloniawinnipeg.com\/index.php\/wp-json\/wp\/v2\/posts"}],"about":[{"href":"https:\/\/radiopoloniawinnipeg.com\/index.php\/wp-json\/wp\/v2\/types\/post"}],"author":[{"embeddable":true,"href":"https:\/\/radiopoloniawinnipeg.com\/index.php\/wp-json\/wp\/v2\/users\/3"}],"replies":[{"embeddable":true,"href":"https:\/\/radiopoloniawinnipeg.com\/index.php\/wp-json\/wp\/v2\/comments?post=4592"}],"version-history":[{"count":0,"href":"https:\/\/radiopoloniawinnipeg.com\/index.php\/wp-json\/wp\/v2\/posts\/4592\/revisions"}],"wp:featuredmedia":[{"embeddable":true,"href":"https:\/\/radiopoloniawinnipeg.com\/index.php\/wp-json\/wp\/v2\/media\/4593"}],"wp:attachment":[{"href":"https:\/\/radiopoloniawinnipeg.com\/index.php\/wp-json\/wp\/v2\/media?parent=4592"}],"wp:term":[{"taxonomy":"category","embeddable":true,"href":"https:\/\/radiopoloniawinnipeg.com\/index.php\/wp-json\/wp\/v2\/categories?post=4592"},{"taxonomy":"post_tag","embeddable":true,"href":"https:\/\/radiopoloniawinnipeg.com\/index.php\/wp-json\/wp\/v2\/tags?post=4592"}],"curies":[{"name":"wp","href":"https:\/\/api.w.org\/{rel}","templated":true}]}}