{"id":604,"date":"2025-04-07T15:07:38","date_gmt":"2025-04-07T19:07:38","guid":{"rendered":"https:\/\/radiopoloniawinnipeg.com\/?p=604"},"modified":"2025-04-07T15:07:38","modified_gmt":"2025-04-07T19:07:38","slug":"oskarzony-o-atak-na-polskiego-ksiedza-w-winnipeg-slysze-glosy-nakazujace-mi-zabic-ksiedza","status":"publish","type":"post","link":"https:\/\/radiopoloniawinnipeg.com\/index.php\/2025\/04\/07\/oskarzony-o-atak-na-polskiego-ksiedza-w-winnipeg-slysze-glosy-nakazujace-mi-zabic-ksiedza\/","title":{"rendered":"Oskar\u017cony o atak na polskiego ksi\u0119dza w Winnipeg: \u201cS\u0142ysz\u0119 g\u0142osy nakazuj\u0105ce mi zabi\u0107 ksi\u0119dza\u201d"},"content":{"rendered":"<div class=\"single-content\">\n<p><strong><img loading=\"lazy\" decoding=\"async\" class=\"alignnone size-custom-full-size wp-image-606\" src=\"https:\/\/radiopoloniawinnipeg.com\/wp-content\/uploads\/2025\/04\/na-bej-e1744052845313.jpg\" alt=\"\" width=\"589\" height=\"352\" srcset=\"https:\/\/radiopoloniawinnipeg.com\/wp-content\/uploads\/2025\/04\/na-bej-e1744052845313.jpg 589w, https:\/\/radiopoloniawinnipeg.com\/wp-content\/uploads\/2025\/04\/na-bej-e1744052845313-300x179.jpg 300w, https:\/\/radiopoloniawinnipeg.com\/wp-content\/uploads\/2025\/04\/na-bej-e1744052845313-122x73.jpg 122w\" sizes=\"auto, (max-width: 589px) 100vw, 589px\" \/>Starszy brat m\u0119\u017cczyzny oskar\u017conego o atak na polskiego pastora w ko\u015bciele w Winnipeg twierdzi, \u017ce jego brat zosta\u0142 wypisany ze szpitala, mimo \u017ce ostrzega\u0142 lekarza i piel\u0119gniarki, i\u017c m\u0119\u017cczyzna s\u0142yszy g\u0142osy nakazuj\u0105ce mu zabi\u0107 ksi\u0119dza.<\/strong><\/p>\n<p>M\u0119\u017cczyzna, kt\u00f3rego nazwiska CBC nie ujawnia ze wzgl\u0119du na obawy o w\u0142asne i brata bezpiecze\u0144stwo, m\u00f3wi, \u017ce jego brat wys\u0142a\u0142 mu wiadomo\u015b\u0107 11 stycznia, gdy przebywa\u0142 w szpitalu.<\/p>\n<p>\u201cCzy wiesz, dlaczego jestem w szpitalu?\u201d \u2013 brzmia\u0142a wiadomo\u015b\u0107, kt\u00f3r\u0105 widzia\u0142 dziennikarz CBC. \u201cPoniewa\u017c s\u0142ysz\u0119 g\u0142osy, kt\u00f3re ka\u017c\u0105 mi zabi\u0107 ksi\u0119dza, aby ocali\u0107 w\u0142asne \u017cycie\u2026 Czuj\u0119, \u017ce jestem zagro\u017cony i moje \u017cycie jest w niebezpiecze\u0144stwie.\u201d<\/p>\n<div class=\"ad_content_c_d\">\n<div id=\"rand_id_40272\">\n<div class=\"appended_banner\">\n<div id=\"beacon_a143e06f10\">9 lutego podczas nabo\u017ce\u0144stwa w parafii Holy Ghost na Selkirk Avenue m\u0119\u017cczyzna podszed\u0142 do o\u0142tarza i ruszy\u0142 w stron\u0119 pastora, co wida\u0107 na nagraniu z transmisji na \u017cywo. Pastor szybko si\u0119 odsun\u0105\u0142, a m\u0119\u017cczyzna wbi\u0142 n\u00f3\u017c w st\u00f3\u0142 pe\u0142ni\u0105cy funkcj\u0119 o\u0142tarza i usiad\u0142 na krze\u015ble za nim, zanim zosta\u0142 obezw\u0142adniony przez wiernych, w tym nieb\u0119d\u0105cego na s\u0142u\u017cbie funkcjonariusza RCMP.<\/div>\n<\/div>\n<\/div>\n<\/div>\n<p>Brat oskar\u017conego zdecydowa\u0142 si\u0119 zabra\u0107 g\u0142os w CBC, poniewa\u017c uwa\u017ca, \u017ce ataku mo\u017cna by\u0142o unikn\u0105\u0107, gdyby jego brat otrzyma\u0142 odpowiedni\u0105 opiek\u0119.<\/p>\n<p>M\u0119\u017cczyzna m\u00f3wi, \u017ce po otrzymaniu wiadomo\u015bci o zamiarze zabicia ksi\u0119dza zadzwoni\u0142 do Health Sciences Centre i poinformowa\u0142 dy\u017curn\u0105 piel\u0119gniark\u0119, \u017ce jego brat jest \u201cniestabilny, chory i stanowi zagro\u017cenie dla spo\u0142ecze\u0144stwa.\u201d<\/p>\n<div class=\"ad_content_c_d\">\n<div id=\"rand_id_175941\">\n<div class=\"appended_banner\">\n<div id=\"beacon_23f48c76ae\">Dwa dni p\u00f3\u017aniej brat oskar\u017conego otrzyma\u0142 kolejn\u0105 wiadomo\u015b\u0107, w kt\u00f3rej jego brat poinformowa\u0142 go, \u017ce szpital zamierza go wypisa\u0107. \u201cW\u0142a\u015bnie rozmawia\u0142em z lekark\u0105. Powiedzia\u0142em jej, \u017ce nadal czuj\u0119 si\u0119 zagro\u017cony i je\u015bli opuszcz\u0119 szpital, kogo\u015b zabij\u0119 w obronie w\u0142asnej\u201d \u2013 napisa\u0142 oskar\u017cony.<\/div>\n<\/div>\n<\/div>\n<\/div>\n<p>Chwil\u0119 p\u00f3\u017aniej brat otrzyma\u0142 kolejn\u0105 wiadomo\u015b\u0107: \u201cDobra wiadomo\u015b\u0107, wypuszczaj\u0105 mnie.\u201d<\/p>\n<p>M\u0119\u017cczyzna ponownie zadzwoni\u0142 do szpitala 13 stycznia i rozmawia\u0142 z lekark\u0105 swojego brata, kt\u00f3ry wyja\u015bni\u0142 pow\u00f3d wypisu. \u201cPrzeczyta\u0142em jej ponownie wiadomo\u015b\u0107 od brata\u201d \u2013 powiedzia\u0142.<\/p>\n<div class=\"ad_content_c_d\">\n<div id=\"rand_id_82681\">\n<div class=\"appended_banner\">\n<div id=\"beacon_6501466ecf\">\u201cZapyta\u0142em: \u2018Czy naprawd\u0119 go wypuszczacie?\u2019 A ona odpowiedzia\u0142a, cytuj\u0119: \u2018By\u0142 w stanie poprawnie wype\u0142ni\u0107 wszystkie formularze i wielokrotnie przechodzi\u0142 przez ten system\u2019\u201d \u2013 powiedzia\u0142 brat oskar\u017conego, powo\u0142uj\u0105c si\u0119 na swoje notatki z rozmowy.<\/div>\n<\/div>\n<\/div>\n<\/div>\n<p data-start=\"0\" data-end=\"172\">Shared Health, agencja nadzoruj\u0105ca Health Sciences Centre, nie potwierdzi\u0142a, \u017ce m\u0119\u017cczyzna by\u0142 pacjentem szpitala, powo\u0142uj\u0105c si\u0119 na przepisy dotycz\u0105ce ochrony prywatno\u015bci. Jednak w og\u00f3lnym o\u015bwiadczeniu poinformowano, \u017ce \u201eWypis pacjenta opiera si\u0119 na ocenach i bie\u017c\u0105cych potrzebach terapeutycznych, zgodnie z decyzj\u0105 lekarza prowadz\u0105cego lub psychiatry.\u201d<\/p>\n<p>M\u0119\u017cczyzna powiedzia\u0142, \u017ce jego rodzina od lat ucz\u0119szcza do parafii Holy Ghost na Selkirk Avenue. \u201cBardzo wsp\u00f3\u0142czuj\u0119 ksi\u0119dzu. Czuj\u0119 si\u0119 strasznie w stosunku do ludzi obecnych na mszy, bo byli \u015bwiadkami tego wszystkiego. To horror. To tragedia. To musia\u0142o by\u0107 bardzo traumatyczne. To straszne, a nasz zesp\u00f3\u0142 medyczny go wypu\u015bci\u0142.\u201d<\/p>\n<div class=\"ad_content_c_d\">\n<div id=\"rand_id_870281\">\n<div class=\"appended_banner\">\n<div id=\"beacon_22c6ff94af\">Jego brat mieszka\u0142 w Europie od 2020 roku, ale wr\u00f3ci\u0142 do Winnipeg tu\u017c przed Bo\u017cym Narodzeniem. Przez kilka dni przebywa\u0142 u matki, a p\u00f3\u017aniej zamieszka\u0142 w schronisku, poniewa\u017c chcia\u0142 by\u0107 samodzielny.<\/div>\n<\/div>\n<\/div>\n<\/div>\n<p>Brat oskar\u017conego powiedzia\u0142, \u017ce ostatni raz kontaktowa\u0142 si\u0119 z nim poprzez wiadomo\u015bci ze szpitala 13 stycznia. Ma nadziej\u0119, \u017ce teraz jego brat otrzyma niezb\u0119dn\u0105 pomoc. \u201cGdy tylko zacznie przyjmowa\u0107 leki, ustabilizuje si\u0119. B\u0119dzie widzia\u0142 \u015bwiat tak jak ty i ja i b\u0119dzie m\u00f3g\u0142 podejmowa\u0107 w\u0142a\u015bciwe decyzje.\u201d<\/p>\n<p>Brat oskar\u017conego chce, aby minister zdrowia zapewni\u0142 dok\u0142adny przegl\u0105d opieki, jak\u0105 otrzyma\u0142 jego brat. \u201cJutro mo\u017ce pojawi\u0107 si\u0119 kto\u015b inny jak on. Mo\u017ce pojawi\u0107 si\u0119 kto\u015b taki za miesi\u0105c. I nie chc\u0119, \u017ceby inni ludzie ucierpieli.\u201d<\/p>\n<div class=\"ad_content_c_d\">\n<div id=\"rand_id_418566\">\n<div class=\"appended_banner\">\n<div id=\"beacon_b180d71513\">Shared Health nie ujawni\u0142o, czy prowadzi dochodzenie w sprawie wypisu m\u0119\u017cczyzny.<\/div>\n<\/div>\n<\/div>\n<\/div>\n<p>W o\u015bwiadczeniu przes\u0142anym do CBC minister zdrowia Uzoma Asagwara nazwa\u0142 incydent \u201calarmuj\u0105cym i przera\u017caj\u0105cym do\u015bwiadczeniem dla wszystkich obecnych.\u201d Minister odm\u00f3wi\u0142 komentarza na temat opieki psychiatrycznej oskar\u017conego.<\/p>\n<p>\u201cIndywidualne plany leczenia pacjent\u00f3w s\u0105 decyzjami podejmowanymi na poziomie klinicznym i by\u0142oby niew\u0142a\u015bciwe, gdybym spekulowa\u0142 na temat tego konkretnego przypadku. Wa\u017cne jest, aby decyzje kliniczne pozostawa\u0142y w gestii ekspert\u00f3w w naszym systemie opieki zdrowotnej.\u201d<\/p>\n<div class=\"ad_content_c_d\">\n<div id=\"rand_id_238092\">\n<div class=\"appended_banner\">\n<div id=\"beacon_72cbc0d891\">\u201cW takich sytuacjach wci\u0105\u017c mamy trudno\u015bci z zapewnieniem odpowiedniego zakresu us\u0142ug i wsparcia, by m\u00f3c reagowa\u0107 na czas. Kiedy ludzie borykaj\u0105 si\u0119 z problemami behawioralnymi i przemoc\u0105, a ich dzia\u0142ania maj\u0105 wp\u0142yw na spo\u0142eczno\u015b\u0107, jest to bardzo niepokoj\u0105ce i powoduje poczucie zagro\u017cenia.\u201d<\/div>\n<\/div>\n<\/div>\n<\/div>\n<p>Jej zdaniem system opieki zdrowotnej wymaga poprawy, poniewa\u017c osoby z chorobami psychicznymi s\u0105 wypisywane zbyt szybko i nie otrzymuj\u0105 odpowiedniego wsparcia stabilizuj\u0105cego ich stan.<\/p>\n<p>\u201cZasoby szpitalne s\u0105 pod presj\u0105, by skraca\u0107 pobyty, poniewa\u017c wiele os\u00f3b czeka na tego typu opiek\u0119. To symptom systemu, kt\u00f3ry jest bardzo przeci\u0105\u017cony i nie funkcjonuje prawid\u0142owo.\u201d<\/p>\n<\/div>\n<div class=\"social-content\">\n<div class=\"a2a_kit a2a_kit_size_32 a2a_default_style\"><\/div>\n<\/div>\n","protected":false},"excerpt":{"rendered":"<p>Starszy brat m\u0119\u017cczyzny oskar\u017conego o atak na polskiego pastora w ko\u015bciele w Winnipeg twierdzi, \u017ce jego brat zosta\u0142 wypisany ze szpitala, mimo \u017ce ostrzega\u0142 lekarza&hellip;<\/p>\n","protected":false},"author":13,"featured_media":606,"comment_status":"open","ping_status":"open","sticky":false,"template":"","format":"standard","meta":{"footnotes":""},"categories":[17],"tags":[],"class_list":["post-604","post","type-post","status-publish","format-standard","has-post-thumbnail","hentry","category-polacy-w-winnipeg"],"_links":{"self":[{"href":"https:\/\/radiopoloniawinnipeg.com\/index.php\/wp-json\/wp\/v2\/posts\/604","targetHints":{"allow":["GET"]}}],"collection":[{"href":"https:\/\/radiopoloniawinnipeg.com\/index.php\/wp-json\/wp\/v2\/posts"}],"about":[{"href":"https:\/\/radiopoloniawinnipeg.com\/index.php\/wp-json\/wp\/v2\/types\/post"}],"author":[{"embeddable":true,"href":"https:\/\/radiopoloniawinnipeg.com\/index.php\/wp-json\/wp\/v2\/users\/13"}],"replies":[{"embeddable":true,"href":"https:\/\/radiopoloniawinnipeg.com\/index.php\/wp-json\/wp\/v2\/comments?post=604"}],"version-history":[{"count":1,"href":"https:\/\/radiopoloniawinnipeg.com\/index.php\/wp-json\/wp\/v2\/posts\/604\/revisions"}],"predecessor-version":[{"id":607,"href":"https:\/\/radiopoloniawinnipeg.com\/index.php\/wp-json\/wp\/v2\/posts\/604\/revisions\/607"}],"wp:featuredmedia":[{"embeddable":true,"href":"https:\/\/radiopoloniawinnipeg.com\/index.php\/wp-json\/wp\/v2\/media\/606"}],"wp:attachment":[{"href":"https:\/\/radiopoloniawinnipeg.com\/index.php\/wp-json\/wp\/v2\/media?parent=604"}],"wp:term":[{"taxonomy":"category","embeddable":true,"href":"https:\/\/radiopoloniawinnipeg.com\/index.php\/wp-json\/wp\/v2\/categories?post=604"},{"taxonomy":"post_tag","embeddable":true,"href":"https:\/\/radiopoloniawinnipeg.com\/index.php\/wp-json\/wp\/v2\/tags?post=604"}],"curies":[{"name":"wp","href":"https:\/\/api.w.org\/{rel}","templated":true}]}}