{"id":631,"date":"2025-04-08T08:15:03","date_gmt":"2025-04-08T12:15:03","guid":{"rendered":"https:\/\/radiopoloniawinnipeg.com\/index.php\/2025\/04\/08\/wojna-celna-trump-podbija-stawke\/"},"modified":"2025-04-08T08:15:03","modified_gmt":"2025-04-08T12:15:03","slug":"wojna-celna-trump-podbija-stawke","status":"publish","type":"post","link":"https:\/\/radiopoloniawinnipeg.com\/index.php\/2025\/04\/08\/wojna-celna-trump-podbija-stawke\/","title":{"rendered":"Wojna celna. Trump podbija stawk\u0119"},"content":{"rendered":"<p><img loading=\"lazy\" decoding=\"async\" class=\"aligncenter size-custom-full-size wp-image-208858\" src=\"https:\/\/bejsment.com\/wp-content\/uploads\/2025\/04\/aatrump4-636x424.jpg\" alt=\"\" width=\"636\" height=\"424\" \/><\/p>\n<p><strong>USA mog\u0105 podnie\u015b\u0107 c\u0142a importowe na\u00a0towary z\u00a0Chin do\u00a0104 procent, je\u015bli Pekin nie\u00a0wycofa si\u0119 z\u00a0plan\u00f3w na\u0142o\u017cenia nowych ce\u0142 na\u00a0towary ameryka\u0144skie.<\/strong><\/p>\n<p>Stany Zjednoczone mog\u0105 na\u0142o\u017cy\u0107 c\u0142a importowe na chi\u0144skie towary si\u0119gaj\u0105ce a\u017c 104 proc., je\u015bli Pekin nie zrezygnuje z planowanego wprowadzenia nowych taryf na ameryka\u0144skie produkty. Wed\u0142ug informacji agencji AFP, powo\u0142uj\u0105cej si\u0119 na \u017ar\u00f3d\u0142a z Bia\u0142ego Domu, gro\u017aba ta mia\u0142aby si\u0119 zi\u015bci\u0107, je\u015bli prezydent Donald Trump zdecyduje si\u0119 na dodatkowe 50-procentowe c\u0142a, kt\u00f3re do\u0142\u0105czy\u0142yby do ju\u017c obowi\u0105zuj\u0105cych 54 proc.<\/p>\n<h3><strong>Handlowa wojna mi\u0119dzy USA a Chinami nabiera tempa<\/strong><\/h3>\n<p>Wojna celna pomi\u0119dzy Waszyngtonem a Pekinem trwa od pocz\u0105tku roku. 4 marca ameryka\u0144skie taryfy wobec Chin osi\u0105gn\u0119\u0142y poziom 20 proc. Donald Trump t\u0142umaczy\u0142 ich wprowadzenie niewystarczaj\u0105cymi dzia\u0142aniami Chin \u2013 ale tak\u017ce Kanady i Meksyku \u2013 w walce z nielegalnym handlem fentanylem, kt\u00f3ry w zesz\u0142ym roku doprowadzi\u0142 do \u015bmierci ponad 100 tysi\u0119cy Amerykan\u00f3w.<\/p>\n<p>2 kwietnia Trump og\u0142osi\u0142 nowe c\u0142a na towary z 185 pa\u0144stw \u015bwiata, a wobec Chin podni\u00f3s\u0142 je o kolejne 34 punkty procentowe \u2013 do \u0142\u0105cznej stawki 54 proc. W odpowiedzi Pekin na\u0142o\u017cy\u0142 analogiczne 34-procentowe taryfy na ca\u0142y import z USA. W reakcji Trump zapowiedzia\u0142 kolejne podwy\u017cki \u2013 tym razem o 50 proc.<\/p>\n<div id=\"attachment_208857\" style=\"width: 646px\" class=\"wp-caption aligncenter\"><img loading=\"lazy\" decoding=\"async\" aria-describedby=\"caption-attachment-208857\" class=\"size-custom-full-size wp-image-208857\" src=\"https:\/\/bejsment.com\/wp-content\/uploads\/2025\/04\/aaxi-636x358.jpg\" alt=\"\" width=\"636\" height=\"358\" \/><p id=\"caption-attachment-208857\" class=\"wp-caption-text\">Xi Jinping, przyw\u00f3dca Chin<\/p><\/div>\n<p>\u201eJe\u015bli Chiny nie wycofaj\u0105 si\u0119 ze swoich 34-procentowych ce\u0142 do 8 kwietnia 2025 roku, Stany Zjednoczone wprowadz\u0105 dodatkowe taryfy w wysoko\u015bci 50 proc., kt\u00f3re zaczn\u0105 obowi\u0105zywa\u0107 od 9 kwietnia\u201d \u2013 napisa\u0142 Trump na platformie Truth Social. Zapowiedzia\u0142 r\u00f3wnie\u017c zerwanie rozm\u00f3w z Chinami i podj\u0119cie natychmiastowych negocjacji z innymi pa\u0144stwami.<\/p>\n<p>Realizacja tej gro\u017aby oznacza\u0142aby w praktyce niemal ca\u0142kowite zamkni\u0119cie rynku USA na chi\u0144ski import.<\/p>\n<h3><strong>UE spuszcza z tonu<\/strong><\/h3>\n<p>W obliczu eskalacji polityki protekcjonistycznej Trumpa, Unia Europejska zaproponowa\u0142a Stanom Zjednoczonym zniesienie ce\u0142 na towary przemys\u0142owe. \u2013 Europa jest zawsze gotowa na dobr\u0105 umow\u0119. Na stole le\u017cy propozycja zniesienia ce\u0142, podobnie jak mia\u0142o to miejsce z innymi partnerami handlowymi \u2013 powiedzia\u0142a przewodnicz\u0105ca Komisji Europejskiej Ursula von der Leyen.<\/p>\n<p>Podkre\u015bli\u0142a przy tym, \u017ce Bruksela przygotowuje \u015brodki zaradcze na wypadek, gdyby nie uda\u0142o si\u0119 osi\u0105gn\u0105\u0107 porozumienia z Waszyngtonem.<\/p>\n<div id=\"attachment_208860\" style=\"width: 646px\" class=\"wp-caption aligncenter\"><img loading=\"lazy\" decoding=\"async\" aria-describedby=\"caption-attachment-208860\" class=\"size-custom-full-size wp-image-208860\" src=\"https:\/\/bejsment.com\/wp-content\/uploads\/2025\/04\/aaue-636x478.jpg\" alt=\"\" width=\"636\" height=\"478\" \/><p id=\"caption-attachment-208860\" class=\"wp-caption-text\">Ursula von der Leyen<\/p><\/div>\n<p>Unia musi si\u0119 przygotowa\u0107 na mo\u017cliwo\u015b\u0107 wprowadzenia przez USA 25-procentowych ce\u0142 na stal, aluminium i samochody, a tak\u017ce \u2013 od najbli\u017cszej \u015brody \u2013 20-procentowych taryf na niemal wszystkie pozosta\u0142e produkty.<\/p>\n<p>Wed\u0142ug agencji Reutersa, w kontek\u015bcie wojny handlowej UE ma mniej \u015brodk\u00f3w nacisku ni\u017c USA \u2013 w 2024 roku import z USA do Europy wyni\u00f3s\u0142 334 miliardy euro, natomiast eksport z UE do USA \u2013 a\u017c 532 miliardy.<\/p>\n<h3><strong>Narada ministr\u00f3w i rozmowy z USA<\/strong><\/h3>\n<p>W poniedzia\u0142ek w Luksemburgu odby\u0142o si\u0119 spotkanie unijnych ministr\u00f3w odpowiedzialnych za handel. Unijny komisarz ds. handlu Maro\u0161 \u0160ef\u010dovi\u010d poinformowa\u0142 po rozmowach, \u017ce negocjacje z USA s\u0105 na wczesnym etapie, a jedn\u0105 z g\u0142\u00f3wnych propozycji jest zniesienie taryf na samochody i inne towary przemys\u0142owe.<\/p>\n<p>Wi\u0119kszo\u015b\u0107 ministr\u00f3w podkre\u015bli\u0142a, \u017ce celem powinno by\u0107 rozpocz\u0119cie rozm\u00f3w z USA i unikni\u0119cie bezpo\u015bredniego starcia celnego.<\/p>\n<h3><strong>\u201eTo dopiero pocz\u0105tek wi\u0119kszych zmian\u201d \u2013 ocenia ekspert<\/strong><\/h3>\n<p>Dr Krzysztof Winkler z Warsaw Enterprise Institute uwa\u017ca, \u017ce dzia\u0142ania Trumpa to pocz\u0105tek globalnych zmian w podej\u015bciu do relacji gospodarczych.<\/p>\n<p>\u2013 Obserwujemy powr\u00f3t do protekcjonizmu, kt\u00f3ry dominowa\u0142 w polityce USA a\u017c do ko\u0144ca II wojny \u015bwiatowej. P\u00f3\u017aniejsze u\u0142atwienia handlowe by\u0142y podyktowane konieczno\u015bci\u0105 odbudowy sojusznik\u00f3w. Dzi\u015b Trump chce odwr\u00f3ci\u0107 t\u0119 nier\u00f3wnowag\u0119 i przywr\u00f3ci\u0107 miejsca pracy w przemy\u015ble \u2013 t\u0142umaczy ekspert.<\/p>\n<div id=\"attachment_208861\" style=\"width: 646px\" class=\"wp-caption aligncenter\"><img loading=\"lazy\" decoding=\"async\" aria-describedby=\"caption-attachment-208861\" class=\"size-custom-full-size wp-image-208861\" src=\"https:\/\/bejsment.com\/wp-content\/uploads\/2025\/04\/aawinkler-636x358.jpg\" alt=\"\" width=\"636\" height=\"358\" \/><p id=\"caption-attachment-208861\" class=\"wp-caption-text\">Dr Krzysztof Winkler z Warsaw Enterprise Institute<\/p><\/div>\n<p>W jego ocenie, pierwsze skutki wojny celnej odczujemy ju\u017c w ci\u0105gu kilku tygodni, ale pe\u0142ny wp\u0142yw tego procesu ujawni si\u0119 dopiero w perspektywie miesi\u0119cy i lat.<\/p>\n<p>\u2013 Pa\u0144stwa b\u0119d\u0105 d\u0105\u017cy\u0107 do ochrony swoich rynk\u00f3w i utrzymania minimalnego poziomu produkcji przemys\u0142owej. Pandemia czy konflikty zbrojne pokaza\u0142y, jak \u0142atwo mo\u017cna przerwa\u0107 globalne \u0142a\u0144cuchy dostaw. Teraz ka\u017cde pa\u0144stwo chce by\u0107 bardziej samowystarczalne \u2013 podsumowuje dr Winkler.<\/p>\n<p style=\"text-align: right\"><em>Na podst. PAP, Reuters i Do Rzeczy<\/em><\/p>\n","protected":false},"excerpt":{"rendered":"<p>USA mog\u0105 podnie\u015b\u0107 c\u0142a importowe na\u00a0towary z\u00a0Chin do\u00a0104 procent, je\u015bli Pekin nie\u00a0wycofa si\u0119 z\u00a0plan\u00f3w na\u0142o\u017cenia nowych ce\u0142 na\u00a0towary ameryka\u0144skie. Stany Zjednoczone mog\u0105 na\u0142o\u017cy\u0107 c\u0142a importowe&hellip;<\/p>\n","protected":false},"author":3,"featured_media":632,"comment_status":"open","ping_status":"open","sticky":false,"template":"","format":"standard","meta":{"footnotes":""},"categories":[15],"tags":[],"class_list":["post-631","post","type-post","status-publish","format-standard","has-post-thumbnail","hentry","category-swiat"],"_links":{"self":[{"href":"https:\/\/radiopoloniawinnipeg.com\/index.php\/wp-json\/wp\/v2\/posts\/631","targetHints":{"allow":["GET"]}}],"collection":[{"href":"https:\/\/radiopoloniawinnipeg.com\/index.php\/wp-json\/wp\/v2\/posts"}],"about":[{"href":"https:\/\/radiopoloniawinnipeg.com\/index.php\/wp-json\/wp\/v2\/types\/post"}],"author":[{"embeddable":true,"href":"https:\/\/radiopoloniawinnipeg.com\/index.php\/wp-json\/wp\/v2\/users\/3"}],"replies":[{"embeddable":true,"href":"https:\/\/radiopoloniawinnipeg.com\/index.php\/wp-json\/wp\/v2\/comments?post=631"}],"version-history":[{"count":0,"href":"https:\/\/radiopoloniawinnipeg.com\/index.php\/wp-json\/wp\/v2\/posts\/631\/revisions"}],"wp:featuredmedia":[{"embeddable":true,"href":"https:\/\/radiopoloniawinnipeg.com\/index.php\/wp-json\/wp\/v2\/media\/632"}],"wp:attachment":[{"href":"https:\/\/radiopoloniawinnipeg.com\/index.php\/wp-json\/wp\/v2\/media?parent=631"}],"wp:term":[{"taxonomy":"category","embeddable":true,"href":"https:\/\/radiopoloniawinnipeg.com\/index.php\/wp-json\/wp\/v2\/categories?post=631"},{"taxonomy":"post_tag","embeddable":true,"href":"https:\/\/radiopoloniawinnipeg.com\/index.php\/wp-json\/wp\/v2\/tags?post=631"}],"curies":[{"name":"wp","href":"https:\/\/api.w.org\/{rel}","templated":true}]}}