{"id":633,"date":"2025-04-08T09:45:02","date_gmt":"2025-04-08T13:45:02","guid":{"rendered":"https:\/\/radiopoloniawinnipeg.com\/index.php\/2025\/04\/08\/carney-i-polievre-walcza-o-glosy-w-kolumbii-brytyjskiej\/"},"modified":"2025-04-08T09:45:02","modified_gmt":"2025-04-08T13:45:02","slug":"carney-i-polievre-walcza-o-glosy-w-kolumbii-brytyjskiej","status":"publish","type":"post","link":"https:\/\/radiopoloniawinnipeg.com\/index.php\/2025\/04\/08\/carney-i-polievre-walcza-o-glosy-w-kolumbii-brytyjskiej\/","title":{"rendered":"Carney i Polievre walcz\u0105 o g\u0142osy w Kolumbii Brytyjskiej"},"content":{"rendered":"<div id=\"attachment_208836\" style=\"width: 646px\" class=\"wp-caption aligncenter\"><img loading=\"lazy\" decoding=\"async\" aria-describedby=\"caption-attachment-208836\" class=\"size-custom-full-size wp-image-208836\" src=\"https:\/\/bejsment.com\/wp-content\/uploads\/2025\/04\/aacarneyeby-636x424.jpg\" alt=\"\" width=\"636\" height=\"424\" \/><p id=\"caption-attachment-208836\" class=\"wp-caption-text\">Liberalny premier Mark Carney (po prawej) spotyka si\u0119 w poniedzia\u0142ek z premierem Kolumbii Brytyjskiej Davidem Ebym z NDP.<\/p><\/div>\n<p><strong>Liderzy Partii Liberalnej i Konserwatywnej rozpocz\u0119li trzeci tydzie\u0144 kampanii wyborczej do parlamentu federalnego w Kolumbii Brytyjskiej \u2014 prowincji, kt\u00f3ra jest jednym z kluczowych region\u00f3w decyduj\u0105cych o wyniku wybor\u00f3w. Mieszka\u0144cy tego obszaru b\u0119d\u0105 wybiera\u0107 43 przedstawicieli do parlamentu.<\/strong><\/p>\n<p>Partia Liberalna zapowiedzia\u0142a dzia\u0142ania na rzecz ochrony \u015brodowiska oraz wsparcie dla os\u00f3b starszych, natomiast konserwaty\u015bci skupili si\u0119 na usprawnieniu procesu zatwierdzania projekt\u00f3w zwi\u0105zanych z eksploatacj\u0105 zasob\u00f3w naturalnych.<\/p>\n<p>Lider libera\u0142\u00f3w, Mark Carney, odwiedzi\u0142 w poniedzia\u0142ek Victori\u0119, gdzie spotka\u0142 si\u0119 z premierem Kolumbii Brytyjskiej z ramienia NDP, Davidem Ebym. Premier wyrazi\u0142 poparcie dla kandydat\u00f3w NDP ubiegaj\u0105cych si\u0119 o reelekcj\u0119, w tym dla lidera federalnego NDP, Jagmeeta Singha, kt\u00f3ry reprezentuje okr\u0119g Burnaby South.<\/p>\n<p>Podczas konferencji prasowej w Victorii Carney og\u0142osi\u0142 szereg nowych inicjatyw proekologicznych. W\u015br\u00f3d nich znalaz\u0142y si\u0119 plany utworzenia co najmniej 10 nowych park\u00f3w narodowych i morskich obszar\u00f3w chronionych oraz 15 park\u00f3w miejskich. Dodatkowo zadeklarowa\u0142 inwestycj\u0119 w wysoko\u015bci 100 milion\u00f3w dolar\u00f3w w fundusz technologii na rzecz bezpiecze\u0144stwa zasob\u00f3w wodnych, kt\u00f3ry ma wspiera\u0107 rozw\u00f3j bada\u0144, sztucznej inteligencji oraz narz\u0119dzi do monitorowania i gromadzenia danych.<\/p>\n<p>Carney zapewni\u0142, \u017ce ponownie wybrany rz\u0105d liberalny wdro\u017cy now\u0105, ambitn\u0105 strategi\u0119 ochrony przyrody, kt\u00f3ra b\u0119dzie \u0142\u0105czy\u0107 trosk\u0119 o \u015brodowisko z racjonalnym gospodarowaniem publicznymi \u015brodkami.<\/p>\n<p>Libera\u0142owie zapowiedzieli tak\u017ce tymczasowe zwi\u0119kszenie elastyczno\u015bci dla senior\u00f3w w korzystaniu z oszcz\u0119dno\u015bci emerytalnych oraz podniesienie na rok gwarantowanego dodatku dochodowego dla os\u00f3b starszych o niskich dochodach.<\/p>\n<p>Tymczasem lider Partii Konserwatywnej, Pierre Poilievre, przebywa\u0142 w miejscowo\u015bci Terrace w Kolumbii Brytyjskiej, gdzie przedstawi\u0142 plan przyspieszenia zatwierdzania du\u017cych projekt\u00f3w surowcowych. Zapowiedzia\u0142 uproszczenie procedur \u2014 ka\u017cdy projekt mia\u0142by by\u0107 rozpatrywany na podstawie jednej aplikacji i jednej oceny oddzia\u0142ywania na \u015brodowisko. Dodatkowo zaproponowa\u0142 wsp\u00f3\u0142prac\u0119 z w\u0142adzami prowincji w celu stworzenia jednego biura odpowiedzialnego za koordynacj\u0119 procesu zatwierdzania inwestycji na poziomie federalnym i lokalnym.<\/p>\n<div id=\"attachment_208837\" style=\"width: 646px\" class=\"wp-caption aligncenter\"><img loading=\"lazy\" decoding=\"async\" aria-describedby=\"caption-attachment-208837\" class=\"size-custom-full-size wp-image-208837\" src=\"https:\/\/bejsment.com\/wp-content\/uploads\/2025\/04\/aapolievrebc-636x358.jpg\" alt=\"\" width=\"636\" height=\"358\" \/><p id=\"caption-attachment-208837\" class=\"wp-caption-text\">Konserwatywny lider Pierre Poilievre przemawia w niedziel\u0119 na konferencji prasowej w New Westminster w Kolumbii Brytyjskiej.<\/p><\/div>\n<p>Poilievre zobowi\u0105za\u0142 si\u0119 do szybkiego zatwierdzenia dziesi\u0119ciu du\u017cych projekt\u00f3w, kt\u00f3re jego zdaniem utkn\u0119\u0142y na etapie federalnej oceny, w tym drugiej fazy projektu LNG Canada, zlokalizowanego w p\u00f3\u0142nocnej cz\u0119\u015bci prowincji.<\/p>\n<p>Tymczasem w Ottawie federalne s\u0142u\u017cby bezpiecze\u0144stwa poinformowa\u0142y o prowadzeniu w internecie operacji dezinformacyjnej wymierzonej w Marka Carneya, kt\u00f3r\u0105 powi\u0105zano z rz\u0105dem Chin.<\/p>\n<p>Zesp\u00f3\u0142 ds. zagro\u017ce\u0144 wyborczych przy s\u0142u\u017cbach bezpiecze\u0144stwa i wywiadu ostrzeg\u0142, \u017ce w serwisie WeChat rozpowszechniane s\u0105 sprzeczne przekazy, maj\u0105ce wzmacnia\u0107 pozycj\u0119 Carneya wobec USA, a jednocze\u015bnie podwa\u017ca\u0107 jego do\u015bwiadczenie i kompetencje.<\/p>\n<p>Wed\u0142ug s\u0142u\u017cb \u017ar\u00f3d\u0142em tych dzia\u0142a\u0144 jest konto Youli-Youmian, kt\u00f3re powi\u0105zano z Centraln\u0105 Komisj\u0105 Spraw Politycznych i Prawnych Komunistycznej Partii Chin.<\/p>\n<p>Poniedzia\u0142ek by\u0142 r\u00f3wnie\u017c ostatnim dniem na zg\u0142aszanie kandydat\u00f3w w nadchodz\u0105cych wyborach. Elections Canada poinformowa\u0142o, \u017ce wci\u0105\u017c przetwarza cz\u0119\u015b\u0107 zg\u0142osze\u0144, dlatego nie jest jeszcze w stanie potwierdzi\u0107, ile partii wystawi\u0142o pe\u0142n\u0105 list\u0119 kandydat\u00f3w.<\/p>\n<p style=\"text-align: right\"><em>Na podst. Canadian Press<\/em><\/p>\n","protected":false},"excerpt":{"rendered":"<p>Liderzy Partii Liberalnej i Konserwatywnej rozpocz\u0119li trzeci tydzie\u0144 kampanii wyborczej do parlamentu federalnego w Kolumbii Brytyjskiej \u2014 prowincji, kt\u00f3ra jest jednym z kluczowych region\u00f3w decyduj\u0105cych&hellip;<\/p>\n","protected":false},"author":3,"featured_media":634,"comment_status":"open","ping_status":"open","sticky":false,"template":"","format":"standard","meta":{"footnotes":""},"categories":[12],"tags":[],"class_list":["post-633","post","type-post","status-publish","format-standard","has-post-thumbnail","hentry","category-kanada"],"_links":{"self":[{"href":"https:\/\/radiopoloniawinnipeg.com\/index.php\/wp-json\/wp\/v2\/posts\/633","targetHints":{"allow":["GET"]}}],"collection":[{"href":"https:\/\/radiopoloniawinnipeg.com\/index.php\/wp-json\/wp\/v2\/posts"}],"about":[{"href":"https:\/\/radiopoloniawinnipeg.com\/index.php\/wp-json\/wp\/v2\/types\/post"}],"author":[{"embeddable":true,"href":"https:\/\/radiopoloniawinnipeg.com\/index.php\/wp-json\/wp\/v2\/users\/3"}],"replies":[{"embeddable":true,"href":"https:\/\/radiopoloniawinnipeg.com\/index.php\/wp-json\/wp\/v2\/comments?post=633"}],"version-history":[{"count":0,"href":"https:\/\/radiopoloniawinnipeg.com\/index.php\/wp-json\/wp\/v2\/posts\/633\/revisions"}],"wp:featuredmedia":[{"embeddable":true,"href":"https:\/\/radiopoloniawinnipeg.com\/index.php\/wp-json\/wp\/v2\/media\/634"}],"wp:attachment":[{"href":"https:\/\/radiopoloniawinnipeg.com\/index.php\/wp-json\/wp\/v2\/media?parent=633"}],"wp:term":[{"taxonomy":"category","embeddable":true,"href":"https:\/\/radiopoloniawinnipeg.com\/index.php\/wp-json\/wp\/v2\/categories?post=633"},{"taxonomy":"post_tag","embeddable":true,"href":"https:\/\/radiopoloniawinnipeg.com\/index.php\/wp-json\/wp\/v2\/tags?post=633"}],"curies":[{"name":"wp","href":"https:\/\/api.w.org\/{rel}","templated":true}]}}