{"id":635,"date":"2025-04-08T10:15:06","date_gmt":"2025-04-08T14:15:06","guid":{"rendered":"https:\/\/radiopoloniawinnipeg.com\/index.php\/2025\/04\/08\/to-miala-byc-archeologiczna-sensacja-pospieszono-sie\/"},"modified":"2025-04-08T10:15:06","modified_gmt":"2025-04-08T14:15:06","slug":"to-miala-byc-archeologiczna-sensacja-pospieszono-sie","status":"publish","type":"post","link":"https:\/\/radiopoloniawinnipeg.com\/index.php\/2025\/04\/08\/to-miala-byc-archeologiczna-sensacja-pospieszono-sie\/","title":{"rendered":"To mia\u0142a by\u0107 archeologiczna sensacja. \u201ePo\u015bpieszono si\u0119&#8221;"},"content":{"rendered":"<div id=\"attachment_208852\" style=\"width: 646px\" class=\"wp-caption aligncenter\"><img loading=\"lazy\" decoding=\"async\" aria-describedby=\"caption-attachment-208852\" class=\"size-custom-full-size wp-image-208852\" src=\"https:\/\/bejsment.com\/wp-content\/uploads\/2025\/04\/aasztylet-636x849.jpg\" alt=\"\" width=\"636\" height=\"849\" \/><p id=\"caption-attachment-208852\" class=\"wp-caption-text\">Sztylet znaleziony nad Ba\u0142tykiem<\/p><\/div>\n<p><strong>Sztylet, kt\u00f3ry niedawno odnaleziono nad Ba\u0142tykiem, mia\u0142 by\u0107 sensacyjnym znaleziskiem sprzed tysi\u0119cy lat. Ale ca\u0142a sprawa okaza\u0142a si\u0119 kompromituj\u0105cym b\u0142\u0119dem archeolog\u00f3w Do b\u0142\u0119du przyznaje si\u0119 muzeum, kt\u00f3re apeluje o zaprzestanie hejtu. <\/strong><\/p>\n<p>Przed tygodniem media w ca\u0142ym kraju obieg\u0142 news o bogato zdobionym sztylecie znalezionym w gliniastej bryle oderwanej od klifu na wybrze\u017cu Ba\u0142tyku. O znalezisku poinformowa\u0142o Muzeum Historii Ziemi Kamie\u0144skiej, kt\u00f3re poda\u0142o, \u017ce sztylet mo\u017ce mie\u0107 ok. trzech tysi\u0119cy lat, co &#8211; szczeg\u00f3lnie przez nietypowe zdobienia &#8211; oznacza\u0142oby, \u017ce jest to unikatowy artefakt.<\/p>\n<p>Bardzo szybko w Muzeum Narodowym w Szczecinie przeprowadzono analiz\u0119 fluorescencji rentgenowskiej (XRF), kt\u00f3ra mia\u0142a potwierdzi\u0107 wst\u0119pne przypuszczenia.<\/p>\n<p>Medialny szum wok\u00f3\u0142 odkrycia wywo\u0142a\u0142 poruszenie w \u015brodowisku archeologicznym &#8211; zw\u0142aszcza w\u015br\u00f3d specjalist\u00f3w zajmuj\u0105cych si\u0119 epok\u0105 br\u0105zu i wczesn\u0105 epok\u0105 \u017celaza. Cz\u0119\u015b\u0107 \u015brodowiska podwa\u017ca ustalenia muzeum &#8211; ustalenia te opublikowano na internetowych \u0142amach czasopisma popularnonaukowego \u201eArcheologia \u017bywa&#8221;.<\/p>\n<p>Pod analiz\u0105 podpisali si\u0119: prof. dr hab. Justyna Baron, dr Karol Dzi\u0119gielewski, dr Marcin Maciejewski, dr Kamil Nowak, dr Dawid Sych, dr Katarzyna \u015alusarska, mgr Pawe\u0142 Dziechciarz, mgr Marcin Kasprowicz oraz mgr Albin Sok\u00f3\u0142.<\/p>\n<h3><strong>Sztylet znad Ba\u0142tyku mia\u0142 by\u0107 unikatem<\/strong><\/h3>\n<p>O komentarz PAP poprosi\u0142a dr. Rados\u0142awa Biela &#8211; redaktora naczelnego \u201eArcheologii \u017bywej&#8221;, kt\u00f3ry pracuje tak\u017ce w Katedrze Antropologii na Uniwersytecie Przyrodniczym we Wroc\u0142awiu.<\/p>\n<p>&#8211; Sama pomy\u0142ka w datowaniu nie jest problemem, to si\u0119 zdarza. Po\u015bpieszono si\u0119 jednak z publikowaniem tej informacji, kt\u00f3ra nie do ko\u0144ca by\u0142a sprawdzona. A media podawa\u0142y t\u0119 informacj\u0119 dalej &#8211; powiedzia\u0142 dr Rados\u0142aw Biel.<\/p>\n<p>Jak doda\u0142 \u201esceptyczne g\u0142osy naukowc\u00f3w specjalizuj\u0105cych si\u0119 w epoce br\u0105zu i wczesnej epoce \u017celaza pojawi\u0142y si\u0119 od razu&#8221;. Wskazywali oni, \u017ce &#8211; opieraj\u0105c si\u0119 na badaniach metod\u0105 por\u00f3wnawcz\u0105 &#8211; nie ma podobnych przedmiot\u00f3w, datowanych na okres podawany przez muzeum, czyli ok. 3\u20132,8 tys. lat temu.<\/p>\n<p>Zebrane g\u0142osy ekspert\u00f3w, kt\u00f3rzy dokonali wst\u0119pnej oceny znaleziska (na podstawie g\u0142\u00f3wnie formy i zdobie\u0144, a w dalszym stopniu tak\u017ce sk\u0142adu stopu przedstawionego w wynikach analizy XRF) s\u0105 zbie\u017cne i znacznie odbiegaj\u0105 od pierwszych komunikat\u00f3w muzealnych. Zesp\u00f3\u0142 ten &#8211; powo\u0142any ad hoc z os\u00f3b znanych nam z wcze\u015bniejszej wsp\u00f3\u0142pracy &#8211; sk\u0142ania si\u0119 ku datowaniu przedmiotu na XVIII\u2013XIX wiek n.e., z mo\u017cliwym pochodzeniem z Bliskiego Wschodu &#8211; przekaza\u0142 Rados\u0142aw Biel.<\/p>\n<p>Jak m\u00f3wi\u0142, nawet je\u015bli ten sztylet faktycznie jest wykonany z mosi\u0105dzu, to w najlepszym przypadku \u2013 \u201eco i tak jest dosy\u0107 nieprawdopodobne&#8221; &#8211; by\u0142by z I w. p.n.e.<\/p>\n<p>&#8211; Dlatego eksperci o wiele bardziej sk\u0142aniaj\u0105 si\u0119 ku temu, \u017ce jest to przedmiot stylizowany na antyczno\u015b\u0107 i ma oko\u0142o 200-300 lat &#8211; poda\u0142 archeolog.<\/p>\n<p>Zwr\u00f3ci\u0142 r\u00f3wnie\u017c uwag\u0119, \u017ce podobnie datowany sztylet, niedawno oferowany na aukcji w Wielkiej Brytanii, wykazuje istotne podobie\u0144stwa stylistyczne.<\/p>\n<p>Biel przypomnia\u0142 te\u017c, \u017ce je\u015bli chodzi o przedmioty metalowe, ich datowanie jest szczeg\u00f3lnie trudne, gdy\u017c nie mo\u017cna w ich przypadku stosowa\u0107 popularnych metod bezwzgl\u0119dnego datowania, takich jak metoda radiow\u0119glowa.<\/p>\n<p>&#8211; W tym przypadku mo\u017cna tylko przeprowadzi\u0107 analizy sk\u0142adu chemicznego oraz badania metalograficzne, kt\u00f3re pozwalaj\u0105 okre\u015bli\u0107 technologi\u0119 wykonania czy region pochodzenia, ale nie dostarczaj\u0105 precyzyjnych informacji o czasie powstania &#8211; wskaza\u0142 Rados\u0142aw Biel.<\/p>\n<p>Jak m\u00f3wi\u0142, znalezienie przedmiotu unikatowego nale\u017cy do rzadko\u015bci.<\/p>\n<p>&#8211; Ze wzgl\u0119du na bogat\u0105 histori\u0119 rzemios\u0142a niemal zawsze mo\u017cna znale\u017a\u0107 analogiczne obiekty w literaturze fachowej. Trudno\u015b\u0107 mo\u017ce wynika\u0107 z tego, \u017ce m\u0142odsze przedmioty nie zawsze s\u0105 uznawane za zabytki i rzadziej trafiaj\u0105 do publikacji naukowych, co mog\u0142o utrudni\u0107 identyfikacj\u0119 znaleziska przez muzeum &#8211; oceni\u0142.<\/p>\n<p>&#8211; Godna pochwa\u0142y jest postawa odkrywc\u00f3w, kt\u00f3rzy zg\u0142osili przedmiot do muzeum! Ta sytuacja pokazuje jednak, jak istotne jest dok\u0142adne sprawdzenie informacji naukowej, zanim wypu\u015bcimy j\u0105 w \u015bwiat. Dzi\u0119ki temu unikniemy zamieszania i utrzymamy zaufanie do nauki &#8211;\u00a0podsumowa\u0142 dr Biel.<\/p>\n<h3><strong>\u201eTo dla nas lekcja pokory&#8221;<\/strong><\/h3>\n<p>Dyrektor Muzeum Historii Ziemi Kamie\u0144skiej Grzegorz Kurka napisa\u0142 w poniedzia\u0142ek w o\u015bwiadczeniu opublikowanym w mediach spo\u0142eczno\u015bciowych, \u017ce w komentarzach do znaleziska &#8211; obok g\u0142os\u00f3w ciekawo\u015bci i \u017cyczliwo\u015bci &#8211; pojawi\u0142y si\u0119 tak\u017ce opinie pochopne i krzywdz\u0105ce.<\/p>\n<p>\u201eZamiast rzeczowej analizy i merytorycznej dyskusji, w wielu miejscach dominowa\u0142y ironiczne komentarze, sugestie fa\u0142szerstwa, pr\u00f3by dezinformacji i emocjonalne oceny, formu\u0142owane bez znajomo\u015bci fakt\u00f3w&#8221; &#8211; podkre\u015bli\u0142 dyrektor.<\/p>\n<p>W rozmowie z PAP Grzegorz Kurka &#8211; podobnie jak w o\u015bwiadczeniu &#8211; zaapelowa\u0142 o wyciszenie emocji wok\u00f3\u0142 tematu sztyletu i zatrzymanie hejtu, kt\u00f3ry dotkn\u0105\u0142 nie tylko Muzeum, ale przede wszystkim osoby, kt\u00f3re znalaz\u0142y sztylet. Kurka poprosi\u0142 o wstrzemi\u0119\u017aliwo\u015b\u0107 w komentarzach umieszczanych na fanpage&#8217;u Muzeum.<\/p>\n<p>Dyrektor podkre\u015bli\u0142 po raz kolejny, \u017ce zaplanowane s\u0105 interdyscyplinarne badania znaleziska, kt\u00f3re pozwol\u0105 ustali\u0107 jego wiek i pochodzenie. Przypomnia\u0142, \u017ce sztylet znajduje si\u0119 w dyspozycji Wojew\u00f3dzkiego Konserwatora Zabytk\u00f3w. Kurka zaznaczy\u0142, \u017ce nie b\u0119dzie teraz odnosi\u0142 si\u0119 do komentarzy, opinii naukowc\u00f3w publikowanych w mediach, bo &#8220;wszystko, co mia\u0142 do przekazania, jest w o\u015bwiadczeniu&#8221;.<\/p>\n<p>\u201eDla nas to lekcja na przysz\u0142o\u015b\u0107 &#8211; wiemy, \u017ce nie nale\u017cy formu\u0142owa\u0107 \u017cadnych tez \u00abna gor\u0105co\u00bb. A tym, kt\u00f3rzy uwa\u017caj\u0105, \u017ce tylko oni maj\u0105 wy\u0142\u0105czno\u015b\u0107 na prawd\u0119, warto przypomnie\u0107: po drugiej stronie jest cz\u0142owiek &#8211; kt\u00f3ry czuje, my\u015bli i mo\u017ce po prostu nie wytrzyma\u0107 niesprawiedliwej krytyki. Dla nas wszystkich to lekcja pokory. Dzi\u0119kujemy z ca\u0142ego serca za wszystkie g\u0142osy wsparcia, s\u0142owa otuchy i \u017cyczliwo\u015bci. S\u0105 one dla nas niezwykle wa\u017cne&#8221; &#8211; podkre\u015bli\u0142 dyrektor w o\u015bwiadczeniu.<\/p>\n<p style=\"text-align: right\"><em>Na podst. PAP i Polsat News<\/em><\/p>\n","protected":false},"excerpt":{"rendered":"<p>Sztylet, kt\u00f3ry niedawno odnaleziono nad Ba\u0142tykiem, mia\u0142 by\u0107 sensacyjnym znaleziskiem sprzed tysi\u0119cy lat. Ale ca\u0142a sprawa okaza\u0142a si\u0119 kompromituj\u0105cym b\u0142\u0119dem archeolog\u00f3w Do b\u0142\u0119du przyznaje si\u0119&hellip;<\/p>\n","protected":false},"author":3,"featured_media":636,"comment_status":"open","ping_status":"open","sticky":false,"template":"","format":"standard","meta":{"footnotes":""},"categories":[14],"tags":[],"class_list":["post-635","post","type-post","status-publish","format-standard","has-post-thumbnail","hentry","category-polska"],"_links":{"self":[{"href":"https:\/\/radiopoloniawinnipeg.com\/index.php\/wp-json\/wp\/v2\/posts\/635","targetHints":{"allow":["GET"]}}],"collection":[{"href":"https:\/\/radiopoloniawinnipeg.com\/index.php\/wp-json\/wp\/v2\/posts"}],"about":[{"href":"https:\/\/radiopoloniawinnipeg.com\/index.php\/wp-json\/wp\/v2\/types\/post"}],"author":[{"embeddable":true,"href":"https:\/\/radiopoloniawinnipeg.com\/index.php\/wp-json\/wp\/v2\/users\/3"}],"replies":[{"embeddable":true,"href":"https:\/\/radiopoloniawinnipeg.com\/index.php\/wp-json\/wp\/v2\/comments?post=635"}],"version-history":[{"count":0,"href":"https:\/\/radiopoloniawinnipeg.com\/index.php\/wp-json\/wp\/v2\/posts\/635\/revisions"}],"wp:featuredmedia":[{"embeddable":true,"href":"https:\/\/radiopoloniawinnipeg.com\/index.php\/wp-json\/wp\/v2\/media\/636"}],"wp:attachment":[{"href":"https:\/\/radiopoloniawinnipeg.com\/index.php\/wp-json\/wp\/v2\/media?parent=635"}],"wp:term":[{"taxonomy":"category","embeddable":true,"href":"https:\/\/radiopoloniawinnipeg.com\/index.php\/wp-json\/wp\/v2\/categories?post=635"},{"taxonomy":"post_tag","embeddable":true,"href":"https:\/\/radiopoloniawinnipeg.com\/index.php\/wp-json\/wp\/v2\/tags?post=635"}],"curies":[{"name":"wp","href":"https:\/\/api.w.org\/{rel}","templated":true}]}}