{"id":651,"date":"2025-04-09T11:15:04","date_gmt":"2025-04-09T15:15:04","guid":{"rendered":"https:\/\/radiopoloniawinnipeg.com\/index.php\/2025\/04\/09\/byly-premier-stephen-harper-wsparl-pierre-a-poilievre\/"},"modified":"2025-04-09T11:15:04","modified_gmt":"2025-04-09T15:15:04","slug":"byly-premier-stephen-harper-wsparl-pierre-a-poilievre","status":"publish","type":"post","link":"https:\/\/radiopoloniawinnipeg.com\/index.php\/2025\/04\/09\/byly-premier-stephen-harper-wsparl-pierre-a-poilievre\/","title":{"rendered":"By\u0142y premier Stephen Harper wspar\u0142 Pierre\u2019a Poilievre"},"content":{"rendered":"<p>Lider Partii Konserwatywnej Pierre Poilievre zorganizowa\u0142 w poniedzia\u0142kowy wiecz\u00f3r wiec w Edmonton, podczas kt\u00f3rego otrzyma\u0142 oficjalne poparcie od by\u0142ego premiera Kanady, Stephena Harpera, sprawuj\u0105cego urz\u0105d w latach 2006\u20132015. Harper podkre\u015bli\u0142, \u017ce do\u015bwiadczenie Poilievre\u2019a, zdobyte m.in. w czasie pracy w jego rz\u0105dzie, powinno przewa\u017cy\u0107 nad politycznym dorobkiem Marka Carneya \u2013 by\u0142ego gubernatora Banku Kanady, a p\u00f3\u017aniej Banku Anglii \u2013 kt\u00f3ry dopiero niedawno wkroczy\u0142 na scen\u0119 polityczn\u0105. \u2013 Jestem jedyn\u0105 osob\u0105, kt\u00f3ra mo\u017ce powiedzie\u0107, \u017ce obaj pretendenci do stanowiska premiera pracowali kiedy\u015b dla mnie \u2013 powiedzia\u0142 Harper do zgromadzonego t\u0142umu. \u2013 I pod tym wzgl\u0119dem m\u00f3j wyb\u00f3r jest jasny, jednoznaczny i ca\u0142kowicie pewny: to Pierre Poilievre. To nie pierwszy raz, gdy Harper krytykuje Carneya. Ju\u017c w ubieg\u0142ym miesi\u0105cu zakwestionowa\u0142 jego osi\u0105gni\u0119cia jako szefa Banku Kanady i Banku Anglii. W marcowym e-mailu, wys\u0142anym w ramach kampanii fundraisingowej Partii Konserwatywnej, zarzuci\u0142 Carneyowi przypisywanie sobie zas\u0142ug za wyprowadzenie kanadyjskiej gospodarki z globalnego kryzysu finansowego sprzed ponad 15 lat. Cho\u0107 to w\u0142a\u015bnie Harper powo\u0142a\u0142 Carneya na stanowisko gubernatora Banku Kanady w 2008 roku, w przes\u0142anej wiadomo\u015bci zaznaczy\u0142, \u017ce za kluczowe decyzje odpowiada\u0142 w\u00f3wczas \u00f3wczesny minister finans\u00f3w, Jim Flaherty. Harper argumentowa\u0142 r\u00f3wnie\u017c, \u017ce Carney nie mia\u0142 do\u015bwiadczenia w bie\u017c\u0105cym zarz\u0105dzaniu gospodark\u0105 kraju, a jego decyzje \u2013 jak stwierdzi\u0142 \u2013 okaza\u0142y si\u0119 nietrafne \u201ewe wszystkich najwa\u017cniejszych sprawach\u201d. Rzecznik kampanii Carneya w odpowiedzi przekaza\u0142 w o\u015bwiadczeniu dla Canadian Press, \u017ce dzia\u0142ania Harpera to pr\u00f3ba ratowania notowa\u0144 konserwatywnego lidera przed zbli\u017caj\u0105cymi si\u0119 wyborami federalnymi. \u2013 W 2025 roku pan Harper wraca na scen\u0119, by ratowa\u0107 Pierre\u2019a Poilievre\u2019a przed historycznym spadkiem poparcia \u2013 napisano. \u2013 Ale \u017cadna ilo\u015b\u0107 historycznego rewizjonizmu nie jest w stanie przy\u0107mi\u0107 udokumentowanych osi\u0105gni\u0119\u0107 Marka Carneya jako lidera w dziedzinie gospodarki. Na podst. Canadian Press<\/p>\n","protected":false},"excerpt":{"rendered":"<p>Lider Partii Konserwatywnej Pierre Poilievre zorganizowa\u0142 w poniedzia\u0142kowy wiecz\u00f3r wiec w Edmonton, podczas kt\u00f3rego otrzyma\u0142 oficjalne poparcie od by\u0142ego premiera Kanady, Stephena Harpera, sprawuj\u0105cego urz\u0105d&hellip;<\/p>\n","protected":false},"author":3,"featured_media":652,"comment_status":"open","ping_status":"open","sticky":false,"template":"","format":"standard","meta":{"footnotes":""},"categories":[12],"tags":[],"class_list":["post-651","post","type-post","status-publish","format-standard","has-post-thumbnail","hentry","category-kanada"],"_links":{"self":[{"href":"https:\/\/radiopoloniawinnipeg.com\/index.php\/wp-json\/wp\/v2\/posts\/651","targetHints":{"allow":["GET"]}}],"collection":[{"href":"https:\/\/radiopoloniawinnipeg.com\/index.php\/wp-json\/wp\/v2\/posts"}],"about":[{"href":"https:\/\/radiopoloniawinnipeg.com\/index.php\/wp-json\/wp\/v2\/types\/post"}],"author":[{"embeddable":true,"href":"https:\/\/radiopoloniawinnipeg.com\/index.php\/wp-json\/wp\/v2\/users\/3"}],"replies":[{"embeddable":true,"href":"https:\/\/radiopoloniawinnipeg.com\/index.php\/wp-json\/wp\/v2\/comments?post=651"}],"version-history":[{"count":0,"href":"https:\/\/radiopoloniawinnipeg.com\/index.php\/wp-json\/wp\/v2\/posts\/651\/revisions"}],"wp:featuredmedia":[{"embeddable":true,"href":"https:\/\/radiopoloniawinnipeg.com\/index.php\/wp-json\/wp\/v2\/media\/652"}],"wp:attachment":[{"href":"https:\/\/radiopoloniawinnipeg.com\/index.php\/wp-json\/wp\/v2\/media?parent=651"}],"wp:term":[{"taxonomy":"category","embeddable":true,"href":"https:\/\/radiopoloniawinnipeg.com\/index.php\/wp-json\/wp\/v2\/categories?post=651"},{"taxonomy":"post_tag","embeddable":true,"href":"https:\/\/radiopoloniawinnipeg.com\/index.php\/wp-json\/wp\/v2\/tags?post=651"}],"curies":[{"name":"wp","href":"https:\/\/api.w.org\/{rel}","templated":true}]}}