{"id":676,"date":"2025-04-10T08:30:03","date_gmt":"2025-04-10T12:30:03","guid":{"rendered":"https:\/\/radiopoloniawinnipeg.com\/index.php\/2025\/04\/10\/skandaliczne-sceny-w-smolensku-rosjanie-zaklocili-obchody-15-rocznicy-katastrofy\/"},"modified":"2025-04-10T08:30:03","modified_gmt":"2025-04-10T12:30:03","slug":"skandaliczne-sceny-w-smolensku-rosjanie-zaklocili-obchody-15-rocznicy-katastrofy","status":"publish","type":"post","link":"https:\/\/radiopoloniawinnipeg.com\/index.php\/2025\/04\/10\/skandaliczne-sceny-w-smolensku-rosjanie-zaklocili-obchody-15-rocznicy-katastrofy\/","title":{"rendered":"Skandaliczne sceny w Smole\u0144sku. Rosjanie zak\u0142\u00f3cili obchody 15. rocznicy katastrofy"},"content":{"rendered":"<p>Grupa Rosjan, trzymaj\u0105ca transparenty i wznosz\u0105ca okrzyki, zak\u0142\u00f3ci\u0142a obchody 15. rocznicy katastrofy smole\u0144skiej, kt\u00f3re mia\u0142y miejsce w Smole\u0144sku z udzia\u0142em polskich dyplomat\u00f3w. Jak przekaza\u0142 ambasador Polski w Rosji, Krzysztof Krajewski, protestuj\u0105cy kwestionowali wszystko, w tym r\u00f3wnie\u017c sprawy zwi\u0105zane z wojn\u0105 na Ukrainie. 10 kwietnia w Smole\u0144sku odby\u0142y si\u0119 uroczysto\u015bci z okazji 15-lecia tragicznej katastrofy samolotu Tu-154M. Dyplomaci z\u0142o\u017cyli kwiaty w miejscu tragedii, a nast\u0119pnie ambasador Krajewski wyg\u0142osi\u0142 przem\u00f3wienie. Jak poinformowa\u0142o radio RMF FM, grupka protestuj\u0105cych Rosjan, trzymaj\u0105c transparenty, zacz\u0119\u0142a zak\u0142\u00f3ca\u0107 ceremoni\u0119, wznosz\u0105c okrzyki. \u2013 Ich has\u0142a by\u0142y znane, m.in. oskar\u017cenia, \u017ce Polska sponsoruje terroryzm oraz \u017ce fa\u0142szujemy histori\u0119 \u2013 m\u00f3wi\u0142 ambasador Krajewski w rozmowie z rozg\u0142o\u015bni\u0105. Dyplomata wyrazi\u0142 przekonanie, \u017ce protestuj\u0105cy dzia\u0142ali na wyra\u017ane zlecenie. \u2013 S\u0105dz\u0119, \u017ce niekt\u00f3rym by\u0142o wstyd, poniewa\u017c zas\u0142aniali twarze szalikami lub plakatami, kt\u00f3re im wr\u0119czono. Wygl\u0105da na to, \u017ce motywacj\u0105 by\u0142a jaka\u015b forma wynagrodzenia \u2013 doda\u0142. Dla przypomnienia &#8211; 10 kwietnia 2010 roku w katastrofie samolotu Tu-154M pod Smole\u0144skiem zgin\u0119\u0142o 96 os\u00f3b, w tym prezydent Lech Kaczy\u0144ski z ma\u0142\u017conk\u0105 Mari\u0105, najwy\u017csi dow\u00f3dcy Wojska Polskiego oraz ostatni prezydent RP na uchod\u017astwie, Ryszard Kaczorowski. Delegacja polska lecia\u0142a na uroczysto\u015bci zwi\u0105zane z 70. rocznic\u0105 zbrodni katy\u0144skiej. Na podst. Polsat News<\/p>\n","protected":false},"excerpt":{"rendered":"<p>Grupa Rosjan, trzymaj\u0105ca transparenty i wznosz\u0105ca okrzyki, zak\u0142\u00f3ci\u0142a obchody 15. rocznicy katastrofy smole\u0144skiej, kt\u00f3re mia\u0142y miejsce w Smole\u0144sku z udzia\u0142em polskich dyplomat\u00f3w. Jak przekaza\u0142 ambasador&hellip;<\/p>\n","protected":false},"author":3,"featured_media":677,"comment_status":"open","ping_status":"open","sticky":false,"template":"","format":"standard","meta":{"footnotes":""},"categories":[15],"tags":[],"class_list":["post-676","post","type-post","status-publish","format-standard","has-post-thumbnail","hentry","category-swiat"],"_links":{"self":[{"href":"https:\/\/radiopoloniawinnipeg.com\/index.php\/wp-json\/wp\/v2\/posts\/676","targetHints":{"allow":["GET"]}}],"collection":[{"href":"https:\/\/radiopoloniawinnipeg.com\/index.php\/wp-json\/wp\/v2\/posts"}],"about":[{"href":"https:\/\/radiopoloniawinnipeg.com\/index.php\/wp-json\/wp\/v2\/types\/post"}],"author":[{"embeddable":true,"href":"https:\/\/radiopoloniawinnipeg.com\/index.php\/wp-json\/wp\/v2\/users\/3"}],"replies":[{"embeddable":true,"href":"https:\/\/radiopoloniawinnipeg.com\/index.php\/wp-json\/wp\/v2\/comments?post=676"}],"version-history":[{"count":0,"href":"https:\/\/radiopoloniawinnipeg.com\/index.php\/wp-json\/wp\/v2\/posts\/676\/revisions"}],"wp:featuredmedia":[{"embeddable":true,"href":"https:\/\/radiopoloniawinnipeg.com\/index.php\/wp-json\/wp\/v2\/media\/677"}],"wp:attachment":[{"href":"https:\/\/radiopoloniawinnipeg.com\/index.php\/wp-json\/wp\/v2\/media?parent=676"}],"wp:term":[{"taxonomy":"category","embeddable":true,"href":"https:\/\/radiopoloniawinnipeg.com\/index.php\/wp-json\/wp\/v2\/categories?post=676"},{"taxonomy":"post_tag","embeddable":true,"href":"https:\/\/radiopoloniawinnipeg.com\/index.php\/wp-json\/wp\/v2\/tags?post=676"}],"curies":[{"name":"wp","href":"https:\/\/api.w.org\/{rel}","templated":true}]}}