{"id":678,"date":"2025-04-10T10:30:05","date_gmt":"2025-04-10T14:30:05","guid":{"rendered":"https:\/\/radiopoloniawinnipeg.com\/index.php\/2025\/04\/10\/15-rocznica-katastrofy-spiecie-przed-pomnikiem-smolenskim\/"},"modified":"2025-04-10T10:30:05","modified_gmt":"2025-04-10T14:30:05","slug":"15-rocznica-katastrofy-spiecie-przed-pomnikiem-smolenskim","status":"publish","type":"post","link":"https:\/\/radiopoloniawinnipeg.com\/index.php\/2025\/04\/10\/15-rocznica-katastrofy-spiecie-przed-pomnikiem-smolenskim\/","title":{"rendered":"15. rocznica katastrofy. Spi\u0119cie przed pomnikiem smole\u0144skim"},"content":{"rendered":"<p>Jaros\u0142aw Kaczy\u0144ski sk\u0142ada wieniec przed pomnikiem upami\u0119tniaj\u0105cym ofiary katastrofy smole\u0144skiej. W 15. rocznic\u0119 katastrofy smole\u0144skiej Jaros\u0142aw Kaczy\u0144ski z\u0142o\u017cy\u0142 wieniec na placu Pi\u0142sudskiego. Przed pomnikiem upami\u0119tniaj\u0105cym ofiary tragedii dosz\u0142o do konfrontacji z grup\u0105 protestuj\u0105cych. \u2013 To mnie boli \u2013 powiedzia\u0142 prezes Prawa i Sprawiedliwo\u015bci, zwracaj\u0105c si\u0119 do os\u00f3b wznosz\u0105cych obra\u017aliwe okrzyki. O godzinie 8:41 przed Pa\u0142acem Prezydenckim odby\u0142 si\u0119 apel pami\u0119ci zorganizowany przez Prawo i Sprawiedliwo\u015b\u0107. Nast\u0119pnie delegacja partii, na czele z Jaros\u0142awem Kaczy\u0144skim, z\u0142o\u017cy\u0142a wie\u0144ce pod pomnikiem ofiar katastrofy na placu Pi\u0142sudskiego. Na miejscu pojawi\u0142a si\u0119 r\u00f3wnie\u017c grupa protestuj\u0105cych, kt\u00f3rzy trzymali transparenty i wznosili okrzyki, m.in. \u201eszkoda, \u017ce nie lecia\u0142e\u015b tym samolotem&#8221;. \u2013 Mam nadziej\u0119, \u017ce prezydent Warszawy cho\u0107 cz\u0119\u015bciowo odpowiedzia\u0142 na apel kandydata na prezydenta Karola Nawrockiego. By\u0107 mo\u017ce dlatego dzi\u015b by\u0142o nieco spokojniej, cho\u0107 teraz sytuacja ponownie si\u0119 zaostrza. To budzi m\u00f3j smutek \u2013 skomentowa\u0142 Jaros\u0142aw Kaczy\u0144ski. Tego samego ranka premier Donald Tusk zaapelowa\u0142 o pojednanie i wzajemny szacunek. \u201ePami\u0119\u0107 o katastrofie smole\u0144skiej i jej Ofiarach nie powinna nas d\u0142u\u017cej dzieli\u0107. Odbudowanie wsp\u00f3lnoty i wzajemnego szacunku jest mo\u017cliwe i konieczne, nawet je\u015bli wci\u0105\u017c bardzo trudne. Spr\u00f3bujmy. Na taki ho\u0142d pami\u0119ci czekaj\u0105. Niech spoczywaj\u0105 w pokoju&#8221; \u2013 napisa\u0142 szef rz\u0105du. Obchody rocznicy w ca\u0142ym kraju Prezydent Andrzej Duda, zgodnie z tradycj\u0105, uczestniczy\u0142 w mszy \u015bwi\u0119tej w Krakowie, po czym z\u0142o\u017cy\u0142 wieniec przy sarkofagu Marii i Lecha Kaczy\u0144skich w krypcie na Wawelu. Nast\u0119pnie uda\u0142 si\u0119 do Warszawy, by odda\u0107 ho\u0142d m.in. \u015bp. Ryszardowi Kaczorowskiemu, ostatniemu prezydentowi RP na uchod\u017astwie, a tak\u017ce ofiarom katastrofy smole\u0144skiej. W zwi\u0105zku z rocznic\u0105, na czwartek wieczorem zapowiedziano or\u0119dzie prezydenta Andrzeja Dudy. Rocznicowe uroczysto\u015bci zaplanowa\u0142 tak\u017ce Sejm. Marsza\u0142ek Szymon Ho\u0142ownia oraz marsza\u0142ek Senatu Ma\u0142gorzata Kidawa-B\u0142o\u0144ska z\u0142o\u017c\u0105 kwiaty pod tablicami upami\u0119tniaj\u0105cymi parlamentarzyst\u00f3w, kt\u00f3rzy zgin\u0119li 10 kwietnia 2010 roku. O godzinie 19 w warszawskiej Archikatedrze \u015bw. Jana Chrzciciela odprawiona zostanie msza \u015bwi\u0119ta. Po niej, o 20:00, wyruszy Marsz Pami\u0119ci, kt\u00f3ry zako\u0144czy si\u0119 pod Pa\u0142acem Prezydenckim. O 21:00 przewidziano przem\u00f3wienie Jaros\u0142awa Kaczy\u0144skiego. Katastrofa smole\u0144ska \u2013 10 kwietnia 2010 W katastrofie samolotu Tu-154M pod Smole\u0144skiem zgin\u0119\u0142o 96 os\u00f3b. W\u015br\u00f3d nich prezydent Lech Kaczy\u0144ski i jego ma\u0142\u017conka Maria, najwy\u017csi rang\u0105 dow\u00f3dcy Wojska Polskiego oraz Ryszard Kaczorowski, ostatni prezydent RP na uchod\u017astwie. Delegacja zmierza\u0142a na uroczysto\u015bci upami\u0119tniaj\u0105ce 70. rocznic\u0119 zbrodni katy\u0144skiej. Na podst. Polsat News<\/p>\n","protected":false},"excerpt":{"rendered":"<p>Jaros\u0142aw Kaczy\u0144ski sk\u0142ada wieniec przed pomnikiem upami\u0119tniaj\u0105cym ofiary katastrofy smole\u0144skiej. W 15. rocznic\u0119 katastrofy smole\u0144skiej Jaros\u0142aw Kaczy\u0144ski z\u0142o\u017cy\u0142 wieniec na placu Pi\u0142sudskiego. Przed pomnikiem upami\u0119tniaj\u0105cym&hellip;<\/p>\n","protected":false},"author":3,"featured_media":679,"comment_status":"open","ping_status":"open","sticky":false,"template":"","format":"standard","meta":{"footnotes":""},"categories":[14],"tags":[],"class_list":["post-678","post","type-post","status-publish","format-standard","has-post-thumbnail","hentry","category-polska"],"_links":{"self":[{"href":"https:\/\/radiopoloniawinnipeg.com\/index.php\/wp-json\/wp\/v2\/posts\/678","targetHints":{"allow":["GET"]}}],"collection":[{"href":"https:\/\/radiopoloniawinnipeg.com\/index.php\/wp-json\/wp\/v2\/posts"}],"about":[{"href":"https:\/\/radiopoloniawinnipeg.com\/index.php\/wp-json\/wp\/v2\/types\/post"}],"author":[{"embeddable":true,"href":"https:\/\/radiopoloniawinnipeg.com\/index.php\/wp-json\/wp\/v2\/users\/3"}],"replies":[{"embeddable":true,"href":"https:\/\/radiopoloniawinnipeg.com\/index.php\/wp-json\/wp\/v2\/comments?post=678"}],"version-history":[{"count":0,"href":"https:\/\/radiopoloniawinnipeg.com\/index.php\/wp-json\/wp\/v2\/posts\/678\/revisions"}],"wp:featuredmedia":[{"embeddable":true,"href":"https:\/\/radiopoloniawinnipeg.com\/index.php\/wp-json\/wp\/v2\/media\/679"}],"wp:attachment":[{"href":"https:\/\/radiopoloniawinnipeg.com\/index.php\/wp-json\/wp\/v2\/media?parent=678"}],"wp:term":[{"taxonomy":"category","embeddable":true,"href":"https:\/\/radiopoloniawinnipeg.com\/index.php\/wp-json\/wp\/v2\/categories?post=678"},{"taxonomy":"post_tag","embeddable":true,"href":"https:\/\/radiopoloniawinnipeg.com\/index.php\/wp-json\/wp\/v2\/tags?post=678"}],"curies":[{"name":"wp","href":"https:\/\/api.w.org\/{rel}","templated":true}]}}