{"id":692,"date":"2025-04-11T08:15:03","date_gmt":"2025-04-11T12:15:03","guid":{"rendered":"https:\/\/radiopoloniawinnipeg.com\/index.php\/2025\/04\/11\/rozmowa-tuska-z-macronem\/"},"modified":"2025-04-11T08:15:03","modified_gmt":"2025-04-11T12:15:03","slug":"rozmowa-tuska-z-macronem","status":"publish","type":"post","link":"https:\/\/radiopoloniawinnipeg.com\/index.php\/2025\/04\/11\/rozmowa-tuska-z-macronem\/","title":{"rendered":"Rozmowa Tuska z Macronem"},"content":{"rendered":"<p>Premier Donald Tusk odby\u0142 wideorozmow\u0119 z prezydentem Francji Emmanuelem Macronem, a wcze\u015bniej rozmawia\u0142 r\u00f3wnie\u017c z przewodnicz\u0105c\u0105 Komisji Europejskiej Ursul\u0105 von der Leyen. Jak podkre\u015bli\u0142, celem obu rozm\u00f3w by\u0142a ochrona transatlantyckiego sojuszu oraz stanowcza obrona wsp\u00f3lnych interes\u00f3w w obliczu nadchodz\u0105cych wyzwa\u0144. \u201eObrona naszych interes\u00f3w w spos\u00f3b zdecydowany, a jednocze\u015bnie dbanie o sojusz transatlantycki mimo wszelkich przeciwno\u015bci to nasz wsp\u00f3lny cel\u201d \u2013 przekaza\u0142 Tusk w czwartek na platformie X, podsumowuj\u0105c swoj\u0105 rozmow\u0119 z Ursul\u0105 von der Leyen. Unia Europejska odk\u0142ada decyzj\u0119 o c\u0142ach Przewodnicz\u0105ca Komisji Europejskiej og\u0142osi\u0142a, \u017ce Unia Europejska wstrzymuje na 90 dni na\u0142o\u017cenie ce\u0142 odwetowych na Stany Zjednoczone. \u201ePrzyj\u0119li\u015bmy do wiadomo\u015bci o\u015bwiadczenie prezydenta Trumpa. Chcemy da\u0107 negocjacjom szans\u0119\u201d \u2013 napisa\u0142a von der Leyen na platformie X. Zastrzeg\u0142a jednak, \u017ce je\u015bli rozmowy nie przynios\u0105 oczekiwanych rezultat\u00f3w, taryfy zostan\u0105 wprowadzone. Doda\u0142a tak\u017ce, \u017ce UE pracuje nad dodatkowymi \u015brodkami zaradczymi i \u201ewszystkie opcje pozostaj\u0105 na stole\u201d. Tusk i Macron rozmawiali o wsp\u00f3\u0142pracy i bezpiecze\u0144stwie Donald Tusk poinformowa\u0142 r\u00f3wnie\u017c o zako\u0144czeniu rozmowy z Emmanuelem Macronem, kt\u00f3ra odby\u0142a si\u0119 w formie wideokonferencji. \u201eW\u0142a\u015bnie zako\u0144czy\u0142em rozmow\u0119 z prezydentem Emmanuelem Macronem. Poruszyli\u015bmy kluczowe tematy: polsko-francuski traktat, wojn\u0119 celn\u0105, wsp\u00f3\u0142prac\u0119 w dziedzinie energii j\u0105drowej oraz kwestie bezpiecze\u0144stwa\u201d \u2013 przekaza\u0142 premier na platformie X. Dzie\u0144 wcze\u015bniej Tusk odni\u00f3s\u0142 si\u0119 tak\u017ce do relacji mi\u0119dzy Europ\u0105 a Stanami Zjednoczonymi, zaznaczaj\u0105c, \u017ce bliskie wi\u0119zi transatlantyckie pozostaj\u0105 wsp\u00f3ln\u0105 odpowiedzialno\u015bci\u0105 obu stron \u2013 niezale\u017cnie od bie\u017c\u0105cych trudno\u015bci. \u201eWykorzystajmy najlepiej nadchodz\u0105ce 90 dni\u201d \u2013 podsumowa\u0142 w j\u0119zyku angielskim lider PO. Na podst. X i PAP<\/p>\n","protected":false},"excerpt":{"rendered":"<p>Premier Donald Tusk odby\u0142 wideorozmow\u0119 z prezydentem Francji Emmanuelem Macronem, a wcze\u015bniej rozmawia\u0142 r\u00f3wnie\u017c z przewodnicz\u0105c\u0105 Komisji Europejskiej Ursul\u0105 von der Leyen. Jak podkre\u015bli\u0142, celem&hellip;<\/p>\n","protected":false},"author":3,"featured_media":693,"comment_status":"open","ping_status":"open","sticky":false,"template":"","format":"standard","meta":{"footnotes":""},"categories":[15],"tags":[],"class_list":["post-692","post","type-post","status-publish","format-standard","has-post-thumbnail","hentry","category-swiat"],"_links":{"self":[{"href":"https:\/\/radiopoloniawinnipeg.com\/index.php\/wp-json\/wp\/v2\/posts\/692","targetHints":{"allow":["GET"]}}],"collection":[{"href":"https:\/\/radiopoloniawinnipeg.com\/index.php\/wp-json\/wp\/v2\/posts"}],"about":[{"href":"https:\/\/radiopoloniawinnipeg.com\/index.php\/wp-json\/wp\/v2\/types\/post"}],"author":[{"embeddable":true,"href":"https:\/\/radiopoloniawinnipeg.com\/index.php\/wp-json\/wp\/v2\/users\/3"}],"replies":[{"embeddable":true,"href":"https:\/\/radiopoloniawinnipeg.com\/index.php\/wp-json\/wp\/v2\/comments?post=692"}],"version-history":[{"count":0,"href":"https:\/\/radiopoloniawinnipeg.com\/index.php\/wp-json\/wp\/v2\/posts\/692\/revisions"}],"wp:featuredmedia":[{"embeddable":true,"href":"https:\/\/radiopoloniawinnipeg.com\/index.php\/wp-json\/wp\/v2\/media\/693"}],"wp:attachment":[{"href":"https:\/\/radiopoloniawinnipeg.com\/index.php\/wp-json\/wp\/v2\/media?parent=692"}],"wp:term":[{"taxonomy":"category","embeddable":true,"href":"https:\/\/radiopoloniawinnipeg.com\/index.php\/wp-json\/wp\/v2\/categories?post=692"},{"taxonomy":"post_tag","embeddable":true,"href":"https:\/\/radiopoloniawinnipeg.com\/index.php\/wp-json\/wp\/v2\/tags?post=692"}],"curies":[{"name":"wp","href":"https:\/\/api.w.org\/{rel}","templated":true}]}}