{"id":700,"date":"2025-04-11T11:30:04","date_gmt":"2025-04-11T15:30:04","guid":{"rendered":"https:\/\/radiopoloniawinnipeg.com\/index.php\/2025\/04\/11\/chiny-znowu-podnosza-cla-dla-usa-i-wiecej-juz-nie-beda-podnosic\/"},"modified":"2025-04-11T11:30:04","modified_gmt":"2025-04-11T15:30:04","slug":"chiny-znowu-podnosza-cla-dla-usa-i-wiecej-juz-nie-beda-podnosic","status":"publish","type":"post","link":"https:\/\/radiopoloniawinnipeg.com\/index.php\/2025\/04\/11\/chiny-znowu-podnosza-cla-dla-usa-i-wiecej-juz-nie-beda-podnosic\/","title":{"rendered":"Chiny znowu podnosz\u0105 c\u0142a dla USA i&#8230; wi\u0119cej ju\u017c nie b\u0119d\u0105 podnosi\u0107"},"content":{"rendered":"<p>Chiny zwi\u0119kszaj\u0105 c\u0142a na towary z USA z 84 proc. do 125 proc. \u2013 poinformowa\u0142o w pi\u0105tek chi\u0144skie ministerstwo handlu. Pekin zapowiedzia\u0142 r\u00f3wnie\u017c, \u017ce nie b\u0119dzie ju\u017c odpowiada\u0107 na kolejne podwy\u017cki ce\u0142 wprowadzane przez administracj\u0119 Trumpa. Wcze\u015bniej Stany Zjednoczone na\u0142o\u017cy\u0142y na Chiny taryfy celne w wysoko\u015bci 145 proc. Nowe stawki celne wejd\u0105 w \u017cycie o p\u00f3\u0142nocy czasu peki\u0144skiego. Donald Trump nie obj\u0105\u0142 Chin 90-dniowym op\u00f3\u017anieniem obowi\u0105zywania wy\u017cszych taryf, ze wzgl\u0119du na odwetowe c\u0142a na\u0142o\u017cone przez Pekin. Kilkadziesi\u0105t ameryka\u0144skich firm zosta\u0142o ju\u017c wpisanych na czarn\u0105 list\u0119 przez Chiny, co oznacza zakaz inwestycji i ograniczenie wsp\u00f3\u0142pracy z chi\u0144skimi podmiotami. Dodatkowo Pekin og\u0142osi\u0142, \u017ce nie b\u0119d\u0105 wy\u015bwietlane hollywoodzkie filmy w chi\u0144skich kinach. W tym czasie, jak informuje Global Times, Xi Jinping wezwa\u0142 Uni\u0119 Europejsk\u0105 do wsp\u00f3lnego sprzeciwu wobec jednostronnego &#8220;zastraszania&#8221; przez USA. W \u015brod\u0119 pojawi\u0142y si\u0119 informacje o rozmowach UE z Chinami na temat rozwi\u0105zania kryzysu celnego. Przewodnicz\u0105ca Komisji Europejskiej Ursula von der Leyen rozmawia\u0142a telefonicznie na ten temat z premierem Chin, Li Qiangiem. Von der Leyen podkre\u015bli\u0142a potrzeb\u0119 reformy systemu handlu mi\u0119dzynarodowego po wprowadzeniu ce\u0142 przez USA. Zaznaczy\u0142a, \u017ce Unia i Chiny, jako najwi\u0119ksze globalne rynki, powinny wsp\u00f3lnie opracowa\u0107 system &#8220;wolnego i uczciwego handlu, oparty na r\u00f3wnych warunkach&#8221;. Obie strony zgodzi\u0142y si\u0119 na monitorowanie nieprawid\u0142owo\u015bci w tym procesie. Bruksela obawia si\u0119, \u017ce po wprowadzeniu ce\u0142 przez USA, Chiny mog\u0105 przekierowa\u0107 import tanich towar\u00f3w z USA do Europy. Podczas rozm\u00f3w poruszono tak\u017ce kwestie u\u0142atwienia dost\u0119pu europejskich firm i produkt\u00f3w na rynek chi\u0144ski. Oficjalnym powodem rozm\u00f3w by\u0142a 50. rocznica nawi\u0105zania stosunk\u00f3w dyplomatycznych mi\u0119dzy Bruksel\u0105 a Pekinem.<\/p>\n","protected":false},"excerpt":{"rendered":"<p>Chiny zwi\u0119kszaj\u0105 c\u0142a na towary z USA z 84 proc. do 125 proc. \u2013 poinformowa\u0142o w pi\u0105tek chi\u0144skie ministerstwo handlu. Pekin zapowiedzia\u0142 r\u00f3wnie\u017c, \u017ce nie&hellip;<\/p>\n","protected":false},"author":3,"featured_media":701,"comment_status":"open","ping_status":"open","sticky":false,"template":"","format":"standard","meta":{"footnotes":""},"categories":[15],"tags":[],"class_list":["post-700","post","type-post","status-publish","format-standard","has-post-thumbnail","hentry","category-swiat"],"_links":{"self":[{"href":"https:\/\/radiopoloniawinnipeg.com\/index.php\/wp-json\/wp\/v2\/posts\/700","targetHints":{"allow":["GET"]}}],"collection":[{"href":"https:\/\/radiopoloniawinnipeg.com\/index.php\/wp-json\/wp\/v2\/posts"}],"about":[{"href":"https:\/\/radiopoloniawinnipeg.com\/index.php\/wp-json\/wp\/v2\/types\/post"}],"author":[{"embeddable":true,"href":"https:\/\/radiopoloniawinnipeg.com\/index.php\/wp-json\/wp\/v2\/users\/3"}],"replies":[{"embeddable":true,"href":"https:\/\/radiopoloniawinnipeg.com\/index.php\/wp-json\/wp\/v2\/comments?post=700"}],"version-history":[{"count":0,"href":"https:\/\/radiopoloniawinnipeg.com\/index.php\/wp-json\/wp\/v2\/posts\/700\/revisions"}],"wp:featuredmedia":[{"embeddable":true,"href":"https:\/\/radiopoloniawinnipeg.com\/index.php\/wp-json\/wp\/v2\/media\/701"}],"wp:attachment":[{"href":"https:\/\/radiopoloniawinnipeg.com\/index.php\/wp-json\/wp\/v2\/media?parent=700"}],"wp:term":[{"taxonomy":"category","embeddable":true,"href":"https:\/\/radiopoloniawinnipeg.com\/index.php\/wp-json\/wp\/v2\/categories?post=700"},{"taxonomy":"post_tag","embeddable":true,"href":"https:\/\/radiopoloniawinnipeg.com\/index.php\/wp-json\/wp\/v2\/tags?post=700"}],"curies":[{"name":"wp","href":"https:\/\/api.w.org\/{rel}","templated":true}]}}