{"id":710,"date":"2025-04-11T17:00:04","date_gmt":"2025-04-11T21:00:04","guid":{"rendered":"https:\/\/radiopoloniawinnipeg.com\/index.php\/2025\/04\/11\/chiny-wprowadzaja-obowiazkowa-edukacje-z-zakresu-sztucznej-inteligencji-w-szkolach\/"},"modified":"2025-04-11T17:00:04","modified_gmt":"2025-04-11T21:00:04","slug":"chiny-wprowadzaja-obowiazkowa-edukacje-z-zakresu-sztucznej-inteligencji-w-szkolach","status":"publish","type":"post","link":"https:\/\/radiopoloniawinnipeg.com\/index.php\/2025\/04\/11\/chiny-wprowadzaja-obowiazkowa-edukacje-z-zakresu-sztucznej-inteligencji-w-szkolach\/","title":{"rendered":"Chiny wprowadzaj\u0105 obowi\u0105zkow\u0105 edukacj\u0119 z zakresu sztucznej inteligencji w szko\u0142ach"},"content":{"rendered":"<p>Chiny podj\u0119\u0142y prze\u0142omow\u0105 decyzj\u0119, og\u0142aszaj\u0105c, \u017ce od 1 wrze\u015bnia 2025 roku edukacja z zakresu sztucznej inteligencji (SI) stanie si\u0119 obowi\u0105zkowa dla wszystkich uczni\u00f3w szk\u00f3\u0142 podstawowych i \u015brednich. Ten krok ma uczyni\u0107 Chiny liderem \u015bwiatowym w zakresie wprowadzania nauki o SI do krajowych program\u00f3w nauczania ju\u017c od najm\u0142odszych lat. Nowa polityka nak\u0142ada wym\u00f3g co najmniej o\u015bmiu godzin nauki o sztucznej inteligencji rocznie dla uczni\u00f3w na ka\u017cdym etapie edukacyjnym, pocz\u0105wszy od sze\u015bciolatk\u00f3w. Program nauczania b\u0119dzie dostosowany do r\u00f3\u017cnych grup wiekowych: m\u0142odsze dzieci b\u0119d\u0105 poznawa\u0107 podstawowe poj\u0119cia zwi\u0105zane z SI w spos\u00f3b przyst\u0119pny i anga\u017cuj\u0105cy, natomiast starsi uczniowie b\u0119d\u0105 zg\u0142\u0119bia\u0107 bardziej zaawansowane zagadnienia, takie jak uczenie maszynowe, robotyka i praktyczne zastosowania sztucznej inteligencji. Lekcje SI mog\u0105 by\u0107 zintegrowane z istniej\u0105cymi przedmiotami, takimi jak nauki \u015bcis\u0142e, technologie, in\u017cynieria i matematyka (STEM), lub stanowi\u0107 odr\u0119bne modu\u0142y, zale\u017cnie od decyzji poszczeg\u00f3lnych szk\u00f3\u0142. Eksperci edukacyjni postrzegaj\u0105 ten krok jako strategiczny, stawiaj\u0105c edukacj\u0119 o SI na r\u00f3wni z nauk\u0105 czytania, pisania i matematyki w systemie edukacyjnym Chin. Program ten jest cz\u0119\u015bci\u0105 og\u00f3lnokrajowego planu Chin, maj\u0105cego na celu stworzenie pokolenia obywateli bieg\u0142ych w technologii, kt\u00f3rzy b\u0119d\u0105 liderami innowacji w przysz\u0142o\u015bci. W\u0142adze wierz\u0105, \u017ce wprowadzenie SI ju\u017c w m\u0142odym wieku zmniejszy krzyw\u0105 uczenia si\u0119, wzbudzi zainteresowanie przedmiotami STEM i przyczyni si\u0119 do wykszta\u0142cenia przysz\u0142ych badaczy, in\u017cynier\u00f3w oraz tw\u00f3rc\u00f3w innowacji z zakresu sztucznej inteligencji. Podczas gdy inne kraje wci\u0105\u017c zastanawiaj\u0105 si\u0119, jak wdro\u017cy\u0107 edukacj\u0119 o sztucznej inteligencji, Chiny agresywnie wprowadzaj\u0105 j\u0105 do podstawowego nauczania, d\u0105\u017c\u0105c nie tylko do kszta\u0142cenia u\u017cytkownik\u00f3w SI, ale i przysz\u0142ych lider\u00f3w tej dziedziny.<\/p>\n","protected":false},"excerpt":{"rendered":"<p>Chiny podj\u0119\u0142y prze\u0142omow\u0105 decyzj\u0119, og\u0142aszaj\u0105c, \u017ce od 1 wrze\u015bnia 2025 roku edukacja z zakresu sztucznej inteligencji (SI) stanie si\u0119 obowi\u0105zkowa dla wszystkich uczni\u00f3w szk\u00f3\u0142 podstawowych&hellip;<\/p>\n","protected":false},"author":3,"featured_media":711,"comment_status":"open","ping_status":"open","sticky":false,"template":"","format":"standard","meta":{"footnotes":""},"categories":[15],"tags":[],"class_list":["post-710","post","type-post","status-publish","format-standard","has-post-thumbnail","hentry","category-swiat"],"_links":{"self":[{"href":"https:\/\/radiopoloniawinnipeg.com\/index.php\/wp-json\/wp\/v2\/posts\/710","targetHints":{"allow":["GET"]}}],"collection":[{"href":"https:\/\/radiopoloniawinnipeg.com\/index.php\/wp-json\/wp\/v2\/posts"}],"about":[{"href":"https:\/\/radiopoloniawinnipeg.com\/index.php\/wp-json\/wp\/v2\/types\/post"}],"author":[{"embeddable":true,"href":"https:\/\/radiopoloniawinnipeg.com\/index.php\/wp-json\/wp\/v2\/users\/3"}],"replies":[{"embeddable":true,"href":"https:\/\/radiopoloniawinnipeg.com\/index.php\/wp-json\/wp\/v2\/comments?post=710"}],"version-history":[{"count":0,"href":"https:\/\/radiopoloniawinnipeg.com\/index.php\/wp-json\/wp\/v2\/posts\/710\/revisions"}],"wp:featuredmedia":[{"embeddable":true,"href":"https:\/\/radiopoloniawinnipeg.com\/index.php\/wp-json\/wp\/v2\/media\/711"}],"wp:attachment":[{"href":"https:\/\/radiopoloniawinnipeg.com\/index.php\/wp-json\/wp\/v2\/media?parent=710"}],"wp:term":[{"taxonomy":"category","embeddable":true,"href":"https:\/\/radiopoloniawinnipeg.com\/index.php\/wp-json\/wp\/v2\/categories?post=710"},{"taxonomy":"post_tag","embeddable":true,"href":"https:\/\/radiopoloniawinnipeg.com\/index.php\/wp-json\/wp\/v2\/tags?post=710"}],"curies":[{"name":"wp","href":"https:\/\/api.w.org\/{rel}","templated":true}]}}