{"id":714,"date":"2025-04-12T08:30:05","date_gmt":"2025-04-12T12:30:05","guid":{"rendered":"https:\/\/radiopoloniawinnipeg.com\/index.php\/2025\/04\/12\/podzial-ukrainy-na-strefy-jak-berlin-po-ii-wojnie-swiatowej\/"},"modified":"2025-04-12T08:30:05","modified_gmt":"2025-04-12T12:30:05","slug":"podzial-ukrainy-na-strefy-jak-berlin-po-ii-wojnie-swiatowej","status":"publish","type":"post","link":"https:\/\/radiopoloniawinnipeg.com\/index.php\/2025\/04\/12\/podzial-ukrainy-na-strefy-jak-berlin-po-ii-wojnie-swiatowej\/","title":{"rendered":"Podzia\u0142 Ukrainy na strefy? \u201eJak Berlin po II wojnie \u015bwiatowej&#8221;"},"content":{"rendered":"<p>Wp\u0142odymyr Zelensky i Keith Kellogg Bliski wsp\u00f3\u0142pracownik Donalda Trumpa i jego specjalny wys\u0142annik ds. Ukrainy i Rosji, genera\u0142 Keith Kellogg, zasugerowa\u0142 w wywiadzie, \u017ce Ukraina mog\u0142aby zosta\u0107 podzielona na strefy wp\u0142yw\u00f3w \u2013 na wz\u00f3r Berlina po II wojnie \u015bwiatowej. P\u00f3\u017aniej jednak, w opublikowanym w mediach spo\u0142eczno\u015bciowych komentarzu, wyja\u015bni\u0142, \u017ce jego s\u0142owa zosta\u0142y \u017ale zinterpretowane. \u201eW dyskusjach o podziale odnosi\u0142em si\u0119 do obszar\u00f3w lub stref odpowiedzialno\u015bci sojuszniczych si\u0142 zbrojnych, bez obecno\u015bci wojsk USA\u201d \u2013 podkre\u015bli\u0142. Scenariusz podzia\u0142u wed\u0142ug Kellogga W rozmowie z dziennikiem \u201eThe Times\u201d Kellogg oceni\u0142, \u017ce ewentualne porozumienie pokojowe mog\u0142oby prowadzi\u0107 do stworzenia na Ukrainie kilku stref \u2013 podobnych do tych, jakie istnia\u0142y w powojennym Berlinie. W jego wizji na zachodniej Ukrainie mog\u0142yby zosta\u0107 rozmieszczone si\u0142y bezpiecze\u0144stwa Wielkiej Brytanii i Francji, kt\u00f3re tworzy\u0142yby stref\u0119 kontrolowan\u0105 przez zachodnich sojusznik\u00f3w. W tym scenariuszu rosyjskie wojska pozosta\u0142yby na wschodzie kraju, a mi\u0119dzy si\u0142ami rosyjskimi a zachodnimi powsta\u0142aby strefa zdemilitaryzowana. Dodatkowo mia\u0142aby funkcjonowa\u0107 jeszcze jedna strefa \u2013 pod kontrol\u0105 ukrai\u0144skich si\u0142 zbrojnych. \u2013 Rozlokowanie wojsk brytyjskich i francuskich na zach\u00f3d od Dniepru nie by\u0142oby dla Rosji prowokacyjne \u2013 oceni\u0142 Kellogg. Zaznaczy\u0142 przy tym, \u017ce USA nie planuj\u0105 wysy\u0142a\u0107 w\u0142asnych \u017co\u0142nierzy na terytorium Ukrainy. Kellogg: Nie chodzi\u0142o o rozbi\u00f3r Ukrainy Po publikacji artyku\u0142u genera\u0142 Kellogg odni\u00f3s\u0142 si\u0119 do niego w serwisie X (dawniej Twitter). O\u015bwiadczy\u0142, \u017ce \u201etekst b\u0142\u0119dnie przedstawia\u201d jego wypowied\u017a. \u2013 M\u00f3wi\u0142em o si\u0142ach oporu rozmieszczonych po zawieszeniu broni, kt\u00f3re mia\u0142yby wspiera\u0107 suwerenno\u015b\u0107 Ukrainy. Nie chodzi\u0142o o \u017caden formalny podzia\u0142 pa\u0144stwa \u2013 wyja\u015bni\u0142. Propozycja Witkoffa i sprzeciw Kellogga Jak informuje agencja Reuters, Steve Witkoff \u2013 inny bliski wsp\u00f3\u0142pracownik Donalda Trumpa i jego wys\u0142annik ds. Bliskiego Wschodu \u2013 mia\u0142 zaproponowa\u0107 przekazanie Rosji czterech ukrai\u0144skich region\u00f3w. Pomys\u0142 ten spotka\u0142 si\u0119 jednak ze zdecydowanym sprzeciwem genera\u0142a Kellogga. Podczas spotkania z Trumpem mia\u0142 on podkre\u015bli\u0107, \u017ce w\u0142adze w Kijowie nigdy nie zaakceptuj\u0105 takiego rozwi\u0105zania. Na podst. Polsat News<\/p>\n","protected":false},"excerpt":{"rendered":"<p>Wp\u0142odymyr Zelensky i Keith Kellogg Bliski wsp\u00f3\u0142pracownik Donalda Trumpa i jego specjalny wys\u0142annik ds. Ukrainy i Rosji, genera\u0142 Keith Kellogg, zasugerowa\u0142 w wywiadzie, \u017ce Ukraina&hellip;<\/p>\n","protected":false},"author":3,"featured_media":715,"comment_status":"open","ping_status":"open","sticky":false,"template":"","format":"standard","meta":{"footnotes":""},"categories":[15],"tags":[],"class_list":["post-714","post","type-post","status-publish","format-standard","has-post-thumbnail","hentry","category-swiat"],"_links":{"self":[{"href":"https:\/\/radiopoloniawinnipeg.com\/index.php\/wp-json\/wp\/v2\/posts\/714","targetHints":{"allow":["GET"]}}],"collection":[{"href":"https:\/\/radiopoloniawinnipeg.com\/index.php\/wp-json\/wp\/v2\/posts"}],"about":[{"href":"https:\/\/radiopoloniawinnipeg.com\/index.php\/wp-json\/wp\/v2\/types\/post"}],"author":[{"embeddable":true,"href":"https:\/\/radiopoloniawinnipeg.com\/index.php\/wp-json\/wp\/v2\/users\/3"}],"replies":[{"embeddable":true,"href":"https:\/\/radiopoloniawinnipeg.com\/index.php\/wp-json\/wp\/v2\/comments?post=714"}],"version-history":[{"count":0,"href":"https:\/\/radiopoloniawinnipeg.com\/index.php\/wp-json\/wp\/v2\/posts\/714\/revisions"}],"wp:featuredmedia":[{"embeddable":true,"href":"https:\/\/radiopoloniawinnipeg.com\/index.php\/wp-json\/wp\/v2\/media\/715"}],"wp:attachment":[{"href":"https:\/\/radiopoloniawinnipeg.com\/index.php\/wp-json\/wp\/v2\/media?parent=714"}],"wp:term":[{"taxonomy":"category","embeddable":true,"href":"https:\/\/radiopoloniawinnipeg.com\/index.php\/wp-json\/wp\/v2\/categories?post=714"},{"taxonomy":"post_tag","embeddable":true,"href":"https:\/\/radiopoloniawinnipeg.com\/index.php\/wp-json\/wp\/v2\/tags?post=714"}],"curies":[{"name":"wp","href":"https:\/\/api.w.org\/{rel}","templated":true}]}}