{"id":730,"date":"2025-04-13T09:15:02","date_gmt":"2025-04-13T13:15:02","guid":{"rendered":"https:\/\/radiopoloniawinnipeg.com\/index.php\/2025\/04\/13\/polievre-wspiera-weteranow-carney-oferuje-tanszy-dostep-do-parkow-i-muzeow\/"},"modified":"2025-04-13T09:15:02","modified_gmt":"2025-04-13T13:15:02","slug":"polievre-wspiera-weteranow-carney-oferuje-tanszy-dostep-do-parkow-i-muzeow","status":"publish","type":"post","link":"https:\/\/radiopoloniawinnipeg.com\/index.php\/2025\/04\/13\/polievre-wspiera-weteranow-carney-oferuje-tanszy-dostep-do-parkow-i-muzeow\/","title":{"rendered":"Polievre wspiera weteran\u00f3w, Carney oferuje ta\u0144szy dost\u0119p do park\u00f3w i muze\u00f3w"},"content":{"rendered":"<p>Pierre Poilievre W sobot\u0119 lider Partii Konserwatywnej Pierre Poilievre zapowiedzia\u0142 ograniczenie biurokracji i zwi\u0119kszenie wsparcia dla weteran\u00f3w, natomiast lider Libera\u0142\u00f3w Mark Carney przedstawi\u0142 plan, kt\u00f3ry ma uczyni\u0107 wizyty w parkach narodowych i muzeach bardziej przyst\u0119pnymi dla kanadyjskich rodzin. Podczas konferencji prasowej w Nepean, podottawskiej miejscowo\u015bci le\u017c\u0105cej na styku okr\u0119g\u00f3w wyborczych, w kt\u00f3rych startuj\u0105 zar\u00f3wno Poilievre, jak i Carney, lider Konserwatyst\u00f3w og\u0142osi\u0142 szereg propozycji dotycz\u0105cych poprawy sytuacji weteran\u00f3w. Zapowiedzia\u0142 m.in., \u017ce jego partia wprowadzi zasad\u0119 automatycznego zatwierdzania wniosk\u00f3w o \u015bwiadczenia inwalidzkie, je\u015bli nie zostan\u0105 one rozpatrzone w ci\u0105gu czterech miesi\u0119cy. Jak przypomnia\u0142, od lat weterani skar\u017c\u0105 si\u0119 na op\u00f3\u017anienia w rozpatrywaniu dokument\u00f3w, co cz\u0119sto powoduje op\u00f3\u017anienia w wyp\u0142acie \u015bwiadcze\u0144 po zako\u0144czeniu s\u0142u\u017cby. \u2013 Weterani, kt\u00f3rzy po\u015bwi\u0119cili tak wiele, by s\u0142u\u017cy\u0107 Kanadzie, zas\u0142uguj\u0105 na nasze pe\u0142ne wsparcie \u2013 podkre\u015bli\u0142 Poilievre. \u2013 Przez ostatni\u0105 dekad\u0119 rz\u0105d liberalny ich zawi\u00f3d\u0142. My chcemy t\u0119 obietnic\u0119 Kanady spe\u0142ni\u0107. Z danych Veterans Affairs Canada wynika, \u017ce tylko 69 proc. wniosk\u00f3w o \u015bwiadczenia z tytu\u0142u niepe\u0142nosprawno\u015bci by\u0142o rozpatrywanych w deklarowanym terminie 16 tygodni w latach 2023\u20132024. Departament planuje zwi\u0119kszy\u0107 ten odsetek do 80 proc., podkre\u015blaj\u0105c, \u017ce liczba zaleg\u0142ych wniosk\u00f3w od 2020 roku zmniejszy\u0142a si\u0119 o 75 proc. Mimo to ponad 5000 spraw nadal pozostawa\u0142o nierozpatrzonych na koniec roku bud\u017cetowego 2024. W\u015br\u00f3d zapowiedzianych przez Konserwatyst\u00f3w zmian znalaz\u0142y si\u0119 r\u00f3wnie\u017c m.in.: umo\u017cliwienie wojskowym lekarzom oceny obra\u017ce\u0144 w ramach zunifikowanego systemu, przekazanie weteranom pe\u0142nej kontroli nad dokumentacj\u0105 medyczn\u0105, zapewnienie im prawa do korzystania z ps\u00f3w asystuj\u0105cych w przypadku zespo\u0142u stresu pourazowego, a tak\u017ce natychmiastowy dost\u0119p do program\u00f3w edukacyjnych i szkoleniowych po zako\u0144czeniu s\u0142u\u017cby. Poilievre zapowiedzia\u0142 r\u00f3wnie\u017c, \u017ce weterani otrzymaj\u0105 pierwsze\u0144stwo w sk\u0142adaniu ofert na kontrakty federalne oraz dokumentacj\u0119 potwierdzaj\u0105c\u0105 ich kwalifikacje zawodowe poza wojskiem. W Nepean towarzyszy\u0142a mu kandydatka Partii Konserwatywnej Barbara Bal, by\u0142a cz\u0142onkini Si\u0142 Zbrojnych, kt\u00f3ra startuje przeciwko Carneyowi w tym samym okr\u0119gu. \u2013 Libera\u0142owie zostawili weteran\u00f3w na lodzie \u2013 stwierdzi\u0142 Poilievre. \u2013 My zamierzamy postawi\u0107 ich na pierwszym miejscu. W sobot\u0119 Carney nie zaplanowa\u0142 \u017cadnych wydarze\u0144 publicznych w ramach kampanii. Zamiast tego w mediach pojawi\u0142 si\u0119 komunikat Partii Liberalnej, w kt\u00f3rym og\u0142oszono tzw. \u201esiln\u0105 kanadyjsk\u0105\u201d przepustk\u0119 \u2013 program maj\u0105cy zach\u0119ci\u0107 mieszka\u0144c\u00f3w do korzystania z krajowych atrakcji w sezonie letnim. Je\u015bli Libera\u0142owie utworz\u0105 rz\u0105d, w miesi\u0105cach letnich \u2013 od czerwca do sierpnia \u2013 osoby poni\u017cej 18. roku \u017cycia zyskaj\u0105 darmowy wst\u0119p do muze\u00f3w i galerii narodowych oraz darmowe miejsca w poci\u0105gach Via Rail (je\u015bli podr\u00f3\u017cuj\u0105 z rodzicem). M\u0142odzi doro\u015bli w wieku 18\u201324 lat b\u0119d\u0105 mogli skorzysta\u0107 ze zni\u017cek. Rz\u0105d zapowiada r\u00f3wnie\u017c obni\u017cenie op\u0142at za kemping w parkach narodowych, cho\u0107 szczeg\u00f3\u0142y finansowe nie zosta\u0142y jeszcze ujawnione. \u201eW czasie, gdy nasza gospodarka znajduje si\u0119 pod presj\u0105 dzia\u0142a\u0144 prezydenta Trumpa, Kanadyjczycy powinni m\u00f3c celebrowa\u0107 pi\u0119kno naszego kraju\u201d \u2013 stwierdzi\u0142 Carney w o\u015bwiadczeniu. \u2013 \u201eCzy to w\u0119dr\u00f3wki po szlakach, wizyty w muzeach czy wyprawy do park\u00f3w narodowych \u2013 m\u00f3j rz\u0105d umo\u017cliwi m\u0142odemu pokoleniu odkrycie wszystkiego, co Kanada ma najlepszego do zaoferowania\u201d. Carney przekaza\u0142 r\u00f3wnie\u017c, \u017ce w sobotni poranek spotka\u0142 si\u0119 z Sekretarzem Generalnym NATO Markiem Rutte. Jak informuje Biuro Premiera, rozmowy dotyczy\u0142y bezpiecze\u0144stwa euroatlantyckiego, dalszego wsparcia dla Ukrainy, a tak\u017ce gotowo\u015bci militarnej i podzia\u0142u obci\u0105\u017ce\u0144 mi\u0119dzy pa\u0144stwami cz\u0142onkowskimi. Lider Bloc Qu\u00e9b\u00e9cois Yves-Fran\u00e7ois Blanchet Brak obecno\u015bci Carneya na trasie kampanii spotka\u0142 si\u0119 z krytyk\u0105 lidera Bloc Qu\u00e9b\u00e9cois Yves\u2019a-Fran\u00e7ois Blancheta, kt\u00f3ry podczas wizyty w Trois-Rivi\u00e8res stwierdzi\u0142, \u017ce Carney \u201ezn\u00f3w si\u0119 ukrywa\u201d. Przypomnia\u0142, \u017ce lider Libera\u0142\u00f3w w czwartek wstrzyma\u0142 kampani\u0119 w zwi\u0105zku z kryzysem handlowym, a pi\u0105tek sp\u0119dzi\u0142 na spotkaniach gabinetowych w Ottawie. \u2013 Carney pr\u00f3buje prze\u015blizgn\u0105\u0107 si\u0119 bez wysi\u0142ku \u2013 skomentowa\u0142 Blanchet. \u2013 Kampani\u0119 zacz\u0105\u0142 z impetem, ale teraz unika wyborc\u00f3w. Lider Bloku oskar\u017cy\u0142 tak\u017ce rz\u0105dz\u0105cych o zaniedbywanie pracownik\u00f3w przemys\u0142u aluminiowego w Quebecu, zarzucaj\u0105c Carneyowi, \u017ce koncentruje si\u0119 g\u0142\u00f3wnie na przemy\u015ble motoryzacyjnym w Ontario. Zdaniem Blancheta, Ottawa powinna przeznaczy\u0107 \u015brodki z odwetowych ce\u0142 na\u0142o\u017conych na USA \u2013 w odpowiedzi na ameryka\u0144skie c\u0142a na aluminium i stal \u2013 na wsparcie rodzimej bran\u017cy. Podczas wizyty w Saguenay\u2013Lac-Saint-Jean, b\u0119d\u0105cej centrum kanadyjskiego przemys\u0142u aluminiowego, Blanchet zapowiedzia\u0142 dzia\u0142ania maj\u0105ce pom\u00f3c sektorowi, kt\u00f3ry \u2013 jego zdaniem \u2013 zosta\u0142 pomini\u0119ty, mimo \u017ce libera\u0142owie obiecali przemys\u0142owi motoryzacyjnemu a\u017c 2 miliardy dolar\u00f3w w ramach funduszu strategicznego. Kampania wyborcza wkracza w ko\u0144cow\u0105 faz\u0119 przed zaplanowanym na 28 kwietnia g\u0142osowaniem. W przysz\u0142ym tygodniu odb\u0119d\u0105 si\u0119 debaty telewizyjne lider\u00f3w: w \u015brod\u0119 w j\u0119zyku francuskim, a w czwartek po angielsku \u2013 obie w Montrealu. Na podst. Canadian Press<\/p>\n","protected":false},"excerpt":{"rendered":"<p>Pierre Poilievre W sobot\u0119 lider Partii Konserwatywnej Pierre Poilievre zapowiedzia\u0142 ograniczenie biurokracji i zwi\u0119kszenie wsparcia dla weteran\u00f3w, natomiast lider Libera\u0142\u00f3w Mark Carney przedstawi\u0142 plan, kt\u00f3ry&hellip;<\/p>\n","protected":false},"author":3,"featured_media":731,"comment_status":"open","ping_status":"open","sticky":false,"template":"","format":"standard","meta":{"footnotes":""},"categories":[12],"tags":[],"class_list":["post-730","post","type-post","status-publish","format-standard","has-post-thumbnail","hentry","category-kanada"],"_links":{"self":[{"href":"https:\/\/radiopoloniawinnipeg.com\/index.php\/wp-json\/wp\/v2\/posts\/730","targetHints":{"allow":["GET"]}}],"collection":[{"href":"https:\/\/radiopoloniawinnipeg.com\/index.php\/wp-json\/wp\/v2\/posts"}],"about":[{"href":"https:\/\/radiopoloniawinnipeg.com\/index.php\/wp-json\/wp\/v2\/types\/post"}],"author":[{"embeddable":true,"href":"https:\/\/radiopoloniawinnipeg.com\/index.php\/wp-json\/wp\/v2\/users\/3"}],"replies":[{"embeddable":true,"href":"https:\/\/radiopoloniawinnipeg.com\/index.php\/wp-json\/wp\/v2\/comments?post=730"}],"version-history":[{"count":0,"href":"https:\/\/radiopoloniawinnipeg.com\/index.php\/wp-json\/wp\/v2\/posts\/730\/revisions"}],"wp:featuredmedia":[{"embeddable":true,"href":"https:\/\/radiopoloniawinnipeg.com\/index.php\/wp-json\/wp\/v2\/media\/731"}],"wp:attachment":[{"href":"https:\/\/radiopoloniawinnipeg.com\/index.php\/wp-json\/wp\/v2\/media?parent=730"}],"wp:term":[{"taxonomy":"category","embeddable":true,"href":"https:\/\/radiopoloniawinnipeg.com\/index.php\/wp-json\/wp\/v2\/categories?post=730"},{"taxonomy":"post_tag","embeddable":true,"href":"https:\/\/radiopoloniawinnipeg.com\/index.php\/wp-json\/wp\/v2\/tags?post=730"}],"curies":[{"name":"wp","href":"https:\/\/api.w.org\/{rel}","templated":true}]}}