{"id":736,"date":"2025-04-13T12:15:04","date_gmt":"2025-04-13T16:15:04","guid":{"rendered":"https:\/\/radiopoloniawinnipeg.com\/index.php\/2025\/04\/13\/wiekszosc-amerykanow-ma-negatywna-opinie-o-izraelu\/"},"modified":"2025-04-13T12:15:04","modified_gmt":"2025-04-13T16:15:04","slug":"wiekszosc-amerykanow-ma-negatywna-opinie-o-izraelu","status":"publish","type":"post","link":"https:\/\/radiopoloniawinnipeg.com\/index.php\/2025\/04\/13\/wiekszosc-amerykanow-ma-negatywna-opinie-o-izraelu\/","title":{"rendered":"Wi\u0119kszo\u015b\u0107 Amerykan\u00f3w ma negatywn\u0105 opini\u0119 o Izraelu"},"content":{"rendered":"<p>Premier Izraela Beniamin Netanyahu i prezydent USA Donald Trump Renomowany o\u015brodek badawczy Pew Research Center opublikowa\u0142 najnowsze wyniki sonda\u017cu dotycz\u0105cego stosunku Amerykan\u00f3w do Izraela. Badanie przeprowadzono na reprezentatywnej grupie 3605 obywateli USA. Po raz pierwszy w historii wi\u0119kszo\u015b\u0107 respondent\u00f3w wyrazi\u0142a negatywn\u0105 opini\u0119 o pa\u0144stwie \u017cydowskim. W marcu 2022 roku nieprzychylne stanowisko wobec Izraela deklarowa\u0142o 42 proc. ankietowanych. Obecnie odsetek ten wzr\u00f3s\u0142 do 53 proc., co stanowi istotn\u0105 zmian\u0119 w postawach spo\u0142ecze\u0144stwa ameryka\u0144skiego \u2013 mimo \u017ce od tego czasu mia\u0142y miejsce tak dramatyczne wydarzenia jak atak Hamasu z 7 pa\u017adziernika 2022 roku. Kto popiera Izrael, a kto nie? Z badania wynika, \u017ce bardziej krytycznie do Izraela nastawieni s\u0105 sympatycy Partii Demokratycznej (69 proc.) ni\u017c Republika\u0144skiej (37 proc.). Wzrost negatywnych ocen odnotowano jednak tak\u017ce w\u015br\u00f3d republikan\u00f3w \u2013 z 27 proc. w 2022 roku do 37 proc. obecnie. W grupie os\u00f3b w wieku od 18 do 49 lat nieprzychylne opinie wzros\u0142y z 35 do 50 proc. Najwi\u0119ksze zmiany zasz\u0142y w\u015br\u00f3d starszych demokrat\u00f3w (powy\u017cej 49. roku \u017cycia), gdzie odsetek negatywnych ocen wzr\u00f3s\u0142 z 43 do 66 proc. Jednak to m\u0142odsze pokolenia sympatyk\u00f3w tej partii pozostaj\u0105 bardziej krytyczne \u2013 a\u017c 71 proc. respondent\u00f3w z grupy wiekowej 18\u201349 wyrazi\u0142o nieprzychyln\u0105 opini\u0119 o Izraelu (w 2022 roku by\u0142o to 62 proc.). Podzia\u0142 wed\u0142ug religii Pew Research Center zbada\u0142 r\u00f3wnie\u017c stosunek do Izraela w\u015br\u00f3d przedstawicieli r\u00f3\u017cnych wyzna\u0144. Pozytywne opinie przewa\u017caj\u0105 jedynie w\u015br\u00f3d wyznawc\u00f3w judaizmu (73 proc. ocen pozytywnych) i protestantyzmu (57 proc.), a zw\u0142aszcza w\u015br\u00f3d bia\u0142ych ewangelikalnych protestant\u00f3w (72 proc.). Du\u017ce poparcie tej grupy wynika z obecno\u015bci syjonizmu chrze\u015bcija\u0144skiego jako istotnego elementu ich to\u017csamo\u015bci religijnej. W\u015br\u00f3d bia\u0142ych protestant\u00f3w nienale\u017c\u0105cych do nurtu ewangelikalnego dominuje ju\u017c jednak krytyczne podej\u015bcie \u2013 50 proc. ocen negatywnych wobec 47 proc. pozytywnych. Zdecydowana przewaga ocen negatywnych wyst\u0119puje natomiast w\u015br\u00f3d muzu\u0142man\u00f3w (81 proc.), os\u00f3b niereligijnych (69 proc.) i katolik\u00f3w (53 proc.). Rozbie\u017cno\u015b\u0107 mi\u0119dzy rz\u0105dem a spo\u0142ecze\u0144stwem Sonda\u017c wskazuje na rosn\u0105c\u0105 przepa\u015b\u0107 mi\u0119dzy polityk\u0105 ameryka\u0144skich w\u0142adz a opini\u0105 publiczn\u0105. Cho\u0107 urz\u0105d prezydenta sprawuje polityk uwa\u017cany za jednego z najbardziej proizraelskich przyw\u00f3dc\u00f3w w historii, to spo\u0142eczne poparcie dla Izraela s\u0142abnie \u2013 i to po raz pierwszy w spos\u00f3b wyra\u017any. Pew Research Center nie analizuje bezpo\u015brednio przyczyn tej zmiany, jednak wiele wskazuje na to, \u017ce wp\u0142yw mia\u0142a ofensywa Izraela w Strefie Gazy. Dla m\u0142odszych sympatyk\u00f3w Partii Republika\u0144skiej istotny mo\u017ce by\u0107 r\u00f3wnie\u017c rozd\u017awi\u0119k mi\u0119dzy proizraelsk\u0105 polityk\u0105 Bia\u0142ego Domu a has\u0142em \u201eAmerica First\u201d. Z jednej strony administracja zapowiada ograniczenie wsparcia dla Ukrainy, z drugiej \u2013 przekazuje znaczne \u015brodki na pomoc militarn\u0105 dla Izraela. Od lat polityka USA wobec Izraela opiera\u0142a si\u0119 na szerokim poparciu spo\u0142ecznym. Dzi\u015b ta podstawa zaczyna si\u0119 chwia\u0107 \u2013 szczeg\u00f3lnie w\u015br\u00f3d m\u0142odszego pokolenia, kt\u00f3re niezale\u017cnie od preferencji partyjnych coraz cz\u0119\u015bciej wyra\u017ca dystans wobec polityki izraelskiej. To zjawisko mo\u017ce w przysz\u0142o\u015bci wp\u0142yn\u0105\u0107 na kierunek ameryka\u0144skiej polityki bliskowschodniej, co dla Izraela mog\u0142oby oznacza\u0107 powa\u017cne wyzwanie.<\/p>\n","protected":false},"excerpt":{"rendered":"<p>Premier Izraela Beniamin Netanyahu i prezydent USA Donald Trump Renomowany o\u015brodek badawczy Pew Research Center opublikowa\u0142 najnowsze wyniki sonda\u017cu dotycz\u0105cego stosunku Amerykan\u00f3w do Izraela. Badanie&hellip;<\/p>\n","protected":false},"author":3,"featured_media":737,"comment_status":"open","ping_status":"open","sticky":false,"template":"","format":"standard","meta":{"footnotes":""},"categories":[15],"tags":[],"class_list":["post-736","post","type-post","status-publish","format-standard","has-post-thumbnail","hentry","category-swiat"],"_links":{"self":[{"href":"https:\/\/radiopoloniawinnipeg.com\/index.php\/wp-json\/wp\/v2\/posts\/736","targetHints":{"allow":["GET"]}}],"collection":[{"href":"https:\/\/radiopoloniawinnipeg.com\/index.php\/wp-json\/wp\/v2\/posts"}],"about":[{"href":"https:\/\/radiopoloniawinnipeg.com\/index.php\/wp-json\/wp\/v2\/types\/post"}],"author":[{"embeddable":true,"href":"https:\/\/radiopoloniawinnipeg.com\/index.php\/wp-json\/wp\/v2\/users\/3"}],"replies":[{"embeddable":true,"href":"https:\/\/radiopoloniawinnipeg.com\/index.php\/wp-json\/wp\/v2\/comments?post=736"}],"version-history":[{"count":0,"href":"https:\/\/radiopoloniawinnipeg.com\/index.php\/wp-json\/wp\/v2\/posts\/736\/revisions"}],"wp:featuredmedia":[{"embeddable":true,"href":"https:\/\/radiopoloniawinnipeg.com\/index.php\/wp-json\/wp\/v2\/media\/737"}],"wp:attachment":[{"href":"https:\/\/radiopoloniawinnipeg.com\/index.php\/wp-json\/wp\/v2\/media?parent=736"}],"wp:term":[{"taxonomy":"category","embeddable":true,"href":"https:\/\/radiopoloniawinnipeg.com\/index.php\/wp-json\/wp\/v2\/categories?post=736"},{"taxonomy":"post_tag","embeddable":true,"href":"https:\/\/radiopoloniawinnipeg.com\/index.php\/wp-json\/wp\/v2\/tags?post=736"}],"curies":[{"name":"wp","href":"https:\/\/api.w.org\/{rel}","templated":true}]}}