{"id":740,"date":"2025-04-14T07:30:07","date_gmt":"2025-04-14T11:30:07","guid":{"rendered":"https:\/\/radiopoloniawinnipeg.com\/index.php\/2025\/04\/14\/sondaz-prezydencki-po-debatach-w-konskich\/"},"modified":"2025-04-14T07:30:07","modified_gmt":"2025-04-14T11:30:07","slug":"sondaz-prezydencki-po-debatach-w-konskich","status":"publish","type":"post","link":"https:\/\/radiopoloniawinnipeg.com\/index.php\/2025\/04\/14\/sondaz-prezydencki-po-debatach-w-konskich\/","title":{"rendered":"Sonda\u017c prezydencki po debatach w Ko\u0144skich"},"content":{"rendered":"<p>Cho\u0107 Rafa\u0142 Trzaskowski wci\u0105\u017c pozostaje liderem wy\u015bcigu prezydenckiego, ostatnie debaty w Ko\u0144skich przynios\u0142y mu znacz\u0105cy spadek poparcia. Tu\u017c za nim coraz \u015bmielej plasuje si\u0119 Karol Nawrocki, a trzecie miejsce zajmuje S\u0142awomir Mentzen. Z najnowszego sonda\u017cu United Surveys przeprowadzonego dla Wirtualnej Polski wynika, \u017ce na Trzaskowskiego zag\u0142osowa\u0142oby obecnie 33,5 proc. respondent\u00f3w \u2013 to spadek o 4,9 punktu procentowego w por\u00f3wnaniu z poprzednim badaniem. Karol Nawrocki notuje za to znacz\u0105cy wzrost poparcia \u2013 a\u017c o 5,4 punktu procentowego \u2013 i mo\u017ce liczy\u0107 na 25,5 proc. g\u0142os\u00f3w. Ranking kandydat\u00f3w po debatach S\u0142awomir Mentzen, mimo \u017ce nie wzi\u0105\u0142 udzia\u0142u w \u017cadnej z debat w Ko\u0144skich, uplasowa\u0142 si\u0119 na trzecim miejscu z wynikiem 13,4 proc., co oznacza spadek o 5,4 pkt proc. Na czwartej pozycji znalaz\u0142 si\u0119 Szymon Ho\u0142ownia z poparciem 9,1 proc. (+2 pkt proc.). Magdalena Biejat zdoby\u0142a 6,3 proc. g\u0142os\u00f3w, notuj\u0105c wzrost o 3,6 pkt proc. Pozostali kandydaci uzyskali poni\u017cej 2 proc. poparcia: Grzegorz Braun \u2013 1,6 proc., Adrian Zandberg \u2013 1,3 proc., a Krzysztof Stanowski \u2013 1,1 proc. Druga tura: kto ma najwi\u0119ksze szanse? Gdyby dosz\u0142o do drugiej tury wybor\u00f3w, zmierzyliby si\u0119 w niej Trzaskowski i Nawrocki. Wed\u0142ug badania, kandydat Koalicji Obywatelskiej pokona\u0142by swojego rywala uzyskuj\u0105c 55,7 proc. g\u0142os\u00f3w. Na Karola Nawrockiego zag\u0142osowa\u0142oby 38 proc. wyborc\u00f3w, natomiast 6,3 proc. badanych pozostaje niezdecydowanych. W wariancie starcia Trzaskowskiego ze S\u0142awomirem Mentzenem przewaga by\u0142aby jeszcze wyra\u017aniejsza \u2013 lider KO uzyska\u0142by 56,5 proc., a przedstawiciel Konfederacji \u2013 33,7 proc. W tym scenariuszu niezdecydowanych jest 9,8 proc. ankietowanych. Kto debatowa\u0142 w Ko\u0144skich? Sonda\u017c zosta\u0142 przeprowadzony po dw\u00f3ch debatach zorganizowanych w Ko\u0144skich. Pierwsz\u0105 z nich transmitowa\u0142y Telewizja Republika, TV Trwam i wPolsce24. Wzi\u0119li w niej udzia\u0142: Karol Nawrocki, Szymon Ho\u0142ownia, Marek Jakubiak, Joanna Senyszyn oraz Krzysztof Stanowski. Drug\u0105 debat\u0119 nadawa\u0142y Polsat News, TVP Info i TVN24. Uczestniczyli w niej: Karol Nawrocki, Rafa\u0142 Trzaskowski, Magdalena Biejat, Szymon Ho\u0142ownia, Marek Jakubiak, Krzysztof Stanowski, Joanna Senyszyn oraz Maciej Maciak. O badaniu Sonda\u017c United Surveys zosta\u0142 przeprowadzony na zlecenie Wirtualnej Polski 12 kwietnia 2025 roku. Badanie zrealizowano metod\u0105 CATI (wywiady telefoniczne) i CAWI (wywiady online) na reprezentatywnej pr\u00f3bie 1000 doros\u0142ych mieszka\u0144c\u00f3w Polski. Na podst. Polsat News<\/p>\n","protected":false},"excerpt":{"rendered":"<p>Cho\u0107 Rafa\u0142 Trzaskowski wci\u0105\u017c pozostaje liderem wy\u015bcigu prezydenckiego, ostatnie debaty w Ko\u0144skich przynios\u0142y mu znacz\u0105cy spadek poparcia. Tu\u017c za nim coraz \u015bmielej plasuje si\u0119 Karol&hellip;<\/p>\n","protected":false},"author":3,"featured_media":741,"comment_status":"open","ping_status":"open","sticky":false,"template":"","format":"standard","meta":{"footnotes":""},"categories":[14],"tags":[],"class_list":["post-740","post","type-post","status-publish","format-standard","has-post-thumbnail","hentry","category-polska"],"_links":{"self":[{"href":"https:\/\/radiopoloniawinnipeg.com\/index.php\/wp-json\/wp\/v2\/posts\/740","targetHints":{"allow":["GET"]}}],"collection":[{"href":"https:\/\/radiopoloniawinnipeg.com\/index.php\/wp-json\/wp\/v2\/posts"}],"about":[{"href":"https:\/\/radiopoloniawinnipeg.com\/index.php\/wp-json\/wp\/v2\/types\/post"}],"author":[{"embeddable":true,"href":"https:\/\/radiopoloniawinnipeg.com\/index.php\/wp-json\/wp\/v2\/users\/3"}],"replies":[{"embeddable":true,"href":"https:\/\/radiopoloniawinnipeg.com\/index.php\/wp-json\/wp\/v2\/comments?post=740"}],"version-history":[{"count":0,"href":"https:\/\/radiopoloniawinnipeg.com\/index.php\/wp-json\/wp\/v2\/posts\/740\/revisions"}],"wp:featuredmedia":[{"embeddable":true,"href":"https:\/\/radiopoloniawinnipeg.com\/index.php\/wp-json\/wp\/v2\/media\/741"}],"wp:attachment":[{"href":"https:\/\/radiopoloniawinnipeg.com\/index.php\/wp-json\/wp\/v2\/media?parent=740"}],"wp:term":[{"taxonomy":"category","embeddable":true,"href":"https:\/\/radiopoloniawinnipeg.com\/index.php\/wp-json\/wp\/v2\/categories?post=740"},{"taxonomy":"post_tag","embeddable":true,"href":"https:\/\/radiopoloniawinnipeg.com\/index.php\/wp-json\/wp\/v2\/tags?post=740"}],"curies":[{"name":"wp","href":"https:\/\/api.w.org\/{rel}","templated":true}]}}